{"id":10171,"date":"2015-02-10T11:20:42","date_gmt":"2015-02-10T11:20:42","guid":{"rendered":"https:\/\/www.justhvk.hu\/blog\/?p=10171"},"modified":"2015-02-10T11:58:06","modified_gmt":"2015-02-10T11:58:06","slug":"tusnadfurdon-jartunk","status":"publish","type":"post","link":"https:\/\/blog.justhvk.hu\/blog\/tusnadfurdon-jartunk\/","title":{"rendered":"Tusn\u00e1df\u00fcrd\u0151n j\u00e1rtunk"},"content":{"rendered":"<p>A m\u00falt h\u00e9tv\u00e9gi <a href=\"https:\/\/www.facebook.com\/pages\/Eur%C3%B3pa-j%C3%B6v%C5%91je\/766246630124051?fref=ts\">tusn\u00e1df\u00fcrd\u0151i tal\u00e1lkoz\u00f3nak<\/a>\u00a0ugyan a turisztika \u00e9s a gasztron\u00f3mia volt a k\u00e9t legmark\u00e1nsabb sz\u00e1la (ami kieg\u00e9sz\u00fclt sok-sok-sok programmal, \u00edgy p\u00e9ld\u00e1ul egy <a href=\"http:\/\/instagram.com\/p\/yzkGEEhy9s\/\">eml\u00e9kezetes k\u00f3rustal\u00e1lkoz\u00f3val<\/a>), de &#8211; k\u00f6sz\u00f6nhet\u0151en a k\u00e9t polg\u00e1rmesternek, akik a z\u00e1r\u00f3vacsor\u00e1n kezdt\u00e9k szervezni a tal\u00e1lkoz\u00f3t &#8211; vas\u00e1rnap reggel, indul\u00e1s el\u0151tt m\u00e9g besz\u00e9lgethettem egy j\u00f3t a <a href=\"http:\/\/bibliotusnad.blogspot.hu\/\">helyi k\u00f6nyvt\u00e1r<\/a> vezet\u0151j\u00e9vel, Judittal, s\u0151t, a h\u00f3akad\u00e1lyok ellen\u00e9re bejutottunk a k\u00f6nyvt\u00e1rba is.<\/p>\n<p>Juditra azt \u00edrtam, hogy k\u00f6nyvt\u00e1rvezet\u0151, ami igaz is, de tekintve, hogy egy egyszem\u00e9lyes k\u00f6nyvt\u00e1rr\u00f3l besz\u00e9l\u00fcnk, \u0151 bizony sokkal t\u00f6bb, mint vezet\u0151, bizonyos \u00e9rtelemben \u0151 maga a k\u00f6nyvt\u00e1r, annak minden munkak\u00f6r\u00e9vel, a t\u00e1j\u00e9koztat\u00f3 k\u00f6nyvt\u00e1rost\u00f3l a takar\u00edt\u00f3 szem\u00e9lyzetig. \u00c1llom\u00e1nya &#8211; m\u00e1rmint a k\u00f6nyvt\u00e1r\u00e9 &#8211; kb. 19000 k\u00f6tet, ami nem kev\u00e9s, pl\u00e1ne, hogy Tusn\u00e1df\u00fcrd\u0151nek kb. 1650 lakosa van, ezzel Rom\u00e1nia legkisebb v\u00e1rosak\u00e9nt is sz\u00e1mon tartj\u00e1k a telep\u00fcl\u00e9st. Na meg az egyik legszebbjek\u00e9nt is, de ezt m\u00e1r csak \u00e9n teszem hozz\u00e1.<\/p>\n<p>M\u00e1r utaltam r\u00e1, hogy Judit nem sz\u00e1m\u00edtott az \u00e9rkez\u00e9semre, \u00edgy sajnos nem is volt n\u00e1la minden terem kulcsa, \u00edgy nem is l\u00e1ttam mindent. Amit pedig l\u00e1ttam &#8211; \u00e9s fot\u00f3ztam is &#8211; az sem maga a teljes h\u00e9tk\u00f6znapi val\u00f3s\u00e1g, hiszen a b\u00fatorok egy r\u00e9sze a testv\u00e9rtelep\u00fcl\u00e9sek tal\u00e1lkoz\u00f3j\u00e1nak k\u00fcl\u00f6nb\u00f6z\u0151 helysz\u00edneire ker\u00fclt, ezeket most azzal p\u00f3tolt\u00e1k, ami k\u00e9zn\u00e9l volt.<\/p>\n<p>Ennyi felvezet\u00e9s ut\u00e1n pedig k\u00f6vetkezz\u00e9k egy kis f\u00e9nyk\u00e9pes besz\u00e1mol\u00f3. Ha nem minden adat stimmel, Judit bizony\u00e1ra kijav\u00edt majd. Megeshet, hogy t\u00e9vedtem itt-ott, hossz\u00fa \u00e9s neh\u00e9z \u00e9jszak\u00e1n voltunk \u00e9ppen t\u00fal&#8230;<\/p>\n<div id=\"attachment_10175\" style=\"width: 791px\" class=\"wp-caption aligncenter\"><a href=\"https:\/\/www.justhvk.hu\/blog\/wp-content\/uploads\/2015\/02\/01szallas.jpg\"><img loading=\"lazy\" decoding=\"async\" aria-describedby=\"caption-attachment-10175\" class=\"size-full wp-image-10175\" alt=\"A sz\u00e1ll\u00e1sunk, amely gy\u00f6ny\u00f6r\u0171 volt, \u00e9s praktikus, hiszen az erk\u00e9lyr\u0151l h\u00f3goly\u00f3zni \u00e9s vend\u00e9gl\u00e1t\u00f3skodni egyar\u00e1nt k\u00f6nnyen lehetett. Tusn\u00e1df\u00fcrd\u0151n a ny\u00e1ri id\u0151szak jelenti az igazi forgalmat a turizmus szempontj\u00e1b\u00f3l, igaz, most m\u00e1r \u00e9lm\u00e9nyf\u00fcrd\u0151 \u00e9s s\u00edp\u00e1lya is v\u00e1rja az idel\u00e1togat\u00f3kat. \" src=\"https:\/\/www.justhvk.hu\/blog\/wp-content\/uploads\/2015\/02\/01szallas.jpg\" width=\"781\" height=\"586\" \/><\/a><p id=\"caption-attachment-10175\" class=\"wp-caption-text\">A sz\u00e1ll\u00e1sunk, amely gy\u00f6ny\u00f6r\u0171 volt, \u00e9s praktikus, hiszen az erk\u00e9lyr\u0151l h\u00f3goly\u00f3zni \u00e9s vend\u00e9gl\u00e1t\u00f3skodni egyar\u00e1nt k\u00f6nnyen lehetett. Tusn\u00e1df\u00fcrd\u0151n a ny\u00e1ri id\u0151szak jelenti az igazi forgalmat a turizmus szempontj\u00e1b\u00f3l, igaz, most m\u00e1r \u00e9lm\u00e9nyf\u00fcrd\u0151 \u00e9s s\u00edp\u00e1lya is v\u00e1rja az idel\u00e1togat\u00f3kat.<\/p><\/div>\n<div id=\"attachment_10176\" style=\"width: 970px\" class=\"wp-caption aligncenter\"><a href=\"https:\/\/www.justhvk.hu\/blog\/wp-content\/uploads\/2015\/02\/02farsang.jpg\"><img loading=\"lazy\" decoding=\"async\" aria-describedby=\"caption-attachment-10176\" class=\"size-full wp-image-10176\" alt=\"Farsangtemet\u00e9s is volt, a legnagyobb havaz\u00e1s k\u00f6zepette. Fot\u00f3: Facebook.\" src=\"https:\/\/www.justhvk.hu\/blog\/wp-content\/uploads\/2015\/02\/02farsang.jpg\" width=\"960\" height=\"640\" \/><\/a><p id=\"caption-attachment-10176\" class=\"wp-caption-text\">Farsangtemet\u00e9s is volt, a legnagyobb havaz\u00e1s k\u00f6zepette. Fot\u00f3: Facebook.<\/p><\/div>\n<div id=\"attachment_10177\" style=\"width: 791px\" class=\"wp-caption aligncenter\"><a href=\"https:\/\/www.justhvk.hu\/blog\/wp-content\/uploads\/2015\/02\/03korus.jpg\"><img loading=\"lazy\" decoding=\"async\" aria-describedby=\"caption-attachment-10177\" class=\"size-full wp-image-10177\" alt=\"A k\u00f3rustal\u00e1lkoz\u00f3n az orosh\u00e1zi Vivit k\u00f3rus is fell\u00e9pett, \u00e9s nem is okoztak csal\u00f3d\u00e1st. \" src=\"https:\/\/www.justhvk.hu\/blog\/wp-content\/uploads\/2015\/02\/03korus.jpg\" width=\"781\" height=\"586\" \/><\/a><p id=\"caption-attachment-10177\" class=\"wp-caption-text\">A k\u00f3rustal\u00e1lkoz\u00f3n az orosh\u00e1zi Vivit k\u00f3rus is fell\u00e9pett, \u00e9s nem is okoztak csal\u00f3d\u00e1st.<\/p><\/div>\n<div id=\"attachment_10178\" style=\"width: 730px\" class=\"wp-caption aligncenter\"><a href=\"https:\/\/www.justhvk.hu\/blog\/wp-content\/uploads\/2015\/02\/04konyvtar_kint_1.jpg\"><img loading=\"lazy\" decoding=\"async\" aria-describedby=\"caption-attachment-10178\" class=\"size-full wp-image-10178\" alt=\"A k\u00f6nyvt\u00e1r 2010-ben k\u00f6lt\u00f6z\u00f6tt jelenlegi hely\u00e9re. \" src=\"https:\/\/www.justhvk.hu\/blog\/wp-content\/uploads\/2015\/02\/04konyvtar_kint_1.jpg\" width=\"720\" height=\"540\" \/><\/a><p id=\"caption-attachment-10178\" class=\"wp-caption-text\">A k\u00f6nyvt\u00e1r 2010-ben k\u00f6lt\u00f6z\u00f6tt jelenlegi hely\u00e9re.<\/p><\/div>\n<div id=\"attachment_10179\" style=\"width: 730px\" class=\"wp-caption aligncenter\"><a href=\"https:\/\/www.justhvk.hu\/blog\/wp-content\/uploads\/2015\/02\/05konyvtar_kint_2.jpg\"><img loading=\"lazy\" decoding=\"async\" aria-describedby=\"caption-attachment-10179\" class=\"size-full wp-image-10179\" alt=\"A k\u00f6nyvt\u00e1r a f\u00f6ldszinten tal\u00e1lhat\u00f3, \u00e9ppen ez\u00e9rt is t\u00f6rt\u00e9nhetett, hogy p\u00e1r \u00e9ve, egy kiad\u00f3s havaz\u00e1st k\u00f6vet\u0151en be\u00e1zott, \u00e9s t\u00f6nkre is tett t\u00f6bb doboz k\u00f6nyvet. \" src=\"https:\/\/www.justhvk.hu\/blog\/wp-content\/uploads\/2015\/02\/05konyvtar_kint_2.jpg\" width=\"720\" height=\"540\" \/><\/a><p id=\"caption-attachment-10179\" class=\"wp-caption-text\">A k\u00f6nyvt\u00e1r a f\u00f6ldszinten tal\u00e1lhat\u00f3, \u00e9ppen ez\u00e9rt is t\u00f6rt\u00e9nhetett, hogy p\u00e1r \u00e9ve, egy kiad\u00f3s havaz\u00e1st k\u00f6vet\u0151en a h\u00f3l\u00e9 befolyt az ajt\u00f3 alatt, \u00e9s t\u00f6nkre is tett t\u00f6bb doboz k\u00f6nyvet.<\/p><\/div>\n<div id=\"attachment_10180\" style=\"width: 730px\" class=\"wp-caption aligncenter\"><a href=\"https:\/\/www.justhvk.hu\/blog\/wp-content\/uploads\/2015\/02\/06allomany_nagysag.jpg\"><img loading=\"lazy\" decoding=\"async\" aria-describedby=\"caption-attachment-10180\" class=\"size-full wp-image-10180\" alt=\"K\u00f6zel h\u00faszezer k\u00f6nyv tal\u00e1lhat\u00f3 a polcokon, csak szabadpolc van, azaz minden k\u00f6tet k\u00f6lcs\u00f6n\u00f6zhet\u0151. \" src=\"https:\/\/www.justhvk.hu\/blog\/wp-content\/uploads\/2015\/02\/06allomany_nagysag.jpg\" width=\"720\" height=\"540\" \/><\/a><p id=\"caption-attachment-10180\" class=\"wp-caption-text\">K\u00f6zel h\u00faszezer k\u00f6nyv tal\u00e1lhat\u00f3 a polcokon, csak szabadpolc van, azaz minden k\u00f6tet k\u00f6lcs\u00f6n\u00f6zhet\u0151.<\/p><\/div>\n<div id=\"attachment_10181\" style=\"width: 791px\" class=\"wp-caption aligncenter\"><a href=\"https:\/\/www.justhvk.hu\/blog\/wp-content\/uploads\/2015\/02\/07kicsi_hely2.jpg\"><img loading=\"lazy\" decoding=\"async\" aria-describedby=\"caption-attachment-10181\" class=\"size-full wp-image-10181\" alt=\"... \u00e9ppen ez\u00e9rt a polcok k\u00f6z\u00f6tt bizony kev\u00e9s a hely. \" src=\"https:\/\/www.justhvk.hu\/blog\/wp-content\/uploads\/2015\/02\/07kicsi_hely2.jpg\" width=\"781\" height=\"586\" \/><\/a><p id=\"caption-attachment-10181\" class=\"wp-caption-text\">Sz\u00f3val nagy az \u00e1llom\u00e1ny, \u00e9ppen ez\u00e9rt a polcok k\u00f6z\u00f6tt bizony kev\u00e9s a hely.<\/p><\/div>\n<div id=\"attachment_10182\" style=\"width: 730px\" class=\"wp-caption aligncenter\"><a href=\"https:\/\/www.justhvk.hu\/blog\/wp-content\/uploads\/2015\/02\/08allomany_nagysag2.jpg\"><img loading=\"lazy\" decoding=\"async\" aria-describedby=\"caption-attachment-10182\" class=\"size-full wp-image-10182\" alt=\"Judit r\u00f6gt\u00f6n dolgozni is kezdett, hi\u00e1ba volt \u00e9ppen vas\u00e1rnap reggel. \" src=\"https:\/\/www.justhvk.hu\/blog\/wp-content\/uploads\/2015\/02\/08allomany_nagysag2.jpg\" width=\"720\" height=\"540\" \/><\/a><p id=\"caption-attachment-10182\" class=\"wp-caption-text\">Judit r\u00f6gt\u00f6n dolgozni is kezdett, hi\u00e1ba volt \u00e9ppen vas\u00e1rnap reggel.<\/p><\/div>\n<div id=\"attachment_10183\" style=\"width: 730px\" class=\"wp-caption aligncenter\"><a href=\"https:\/\/www.justhvk.hu\/blog\/wp-content\/uploads\/2015\/02\/09roman_konyvek2.jpg\"><img loading=\"lazy\" decoding=\"async\" aria-describedby=\"caption-attachment-10183\" class=\"size-full wp-image-10183\" alt=\"A rom\u00e1n \u00e9s magyar nyelv\u0171 k\u00f6nyvek j\u00f3l elk\u00fcl\u00f6n\u00edtve \u00e1llnak a polcokon. \" src=\"https:\/\/www.justhvk.hu\/blog\/wp-content\/uploads\/2015\/02\/09roman_konyvek2.jpg\" width=\"720\" height=\"540\" \/><\/a><p id=\"caption-attachment-10183\" class=\"wp-caption-text\">A rom\u00e1n \u00e9s magyar nyelv\u0171 k\u00f6nyvek j\u00f3l elk\u00fcl\u00f6n\u00edtve \u00e1llnak a polcokon.<\/p><\/div>\n<div id=\"attachment_10184\" style=\"width: 730px\" class=\"wp-caption aligncenter\"><a href=\"https:\/\/www.justhvk.hu\/blog\/wp-content\/uploads\/2015\/02\/10roman_konyvek.jpg\"><img loading=\"lazy\" decoding=\"async\" aria-describedby=\"caption-attachment-10184\" class=\"size-full wp-image-10184\" alt=\"Meg is van hat\u00e1rozva, hogy milyen ar\u00e1nyban kell gyarap\u00edtani a rom\u00e1n \u00e9s magyar nyelv\u0171 k\u00f6nyveket. \" src=\"https:\/\/www.justhvk.hu\/blog\/wp-content\/uploads\/2015\/02\/10roman_konyvek.jpg\" width=\"720\" height=\"540\" \/><\/a><p id=\"caption-attachment-10184\" class=\"wp-caption-text\">Meg is van hat\u00e1rozva, hogy milyen ar\u00e1nyban kell gyarap\u00edtani a rom\u00e1n \u00e9s magyar nyelv\u0171 k\u00f6nyveket.<\/p><\/div>\n<div id=\"attachment_10185\" style=\"width: 730px\" class=\"wp-caption aligncenter\"><a href=\"https:\/\/www.justhvk.hu\/blog\/wp-content\/uploads\/2015\/02\/11magyar_konyvek.jpg\"><img loading=\"lazy\" decoding=\"async\" aria-describedby=\"caption-attachment-10185\" class=\"size-full wp-image-10185\" alt=\"\u00c9s persze vannak magyar  nyelv\u0171 k\u00f6nyvek. \" src=\"https:\/\/www.justhvk.hu\/blog\/wp-content\/uploads\/2015\/02\/11magyar_konyvek.jpg\" width=\"720\" height=\"540\" \/><\/a><p id=\"caption-attachment-10185\" class=\"wp-caption-text\">\u00c9s persze vannak magyar nyelv\u0171 k\u00f6nyvek.<\/p><\/div>\n<div id=\"attachment_10186\" style=\"width: 730px\" class=\"wp-caption aligncenter\"><a href=\"https:\/\/www.justhvk.hu\/blog\/wp-content\/uploads\/2015\/02\/12darvas.jpg\"><img loading=\"lazy\" decoding=\"async\" aria-describedby=\"caption-attachment-10186\" class=\"size-full wp-image-10186\" alt=\"S\u0151t, orosh\u00e1zi szerz\u0151z is tal\u00e1ltunk!\" src=\"https:\/\/www.justhvk.hu\/blog\/wp-content\/uploads\/2015\/02\/12darvas.jpg\" width=\"720\" height=\"540\" \/><\/a><p id=\"caption-attachment-10186\" class=\"wp-caption-text\">S\u0151t, orosh\u00e1zi szerz\u0151z is tal\u00e1ltunk!<\/p><\/div>\n<div id=\"attachment_10187\" style=\"width: 730px\" class=\"wp-caption aligncenter\"><a style=\"line-height: 1.5em; background-color: #f3f3f3;\" href=\"https:\/\/www.justhvk.hu\/blog\/wp-content\/uploads\/2015\/02\/13kicsi_hely.jpg\"><img loading=\"lazy\" decoding=\"async\" aria-describedby=\"caption-attachment-10187\" class=\"size-full wp-image-10187\" alt=\"Kev\u00e9s az \u00faj k\u00f6nyv, \u00e9s ez legink\u00e1bb a gyerekk\u00f6nyvekn\u00e9l tapasztalhat\u00f3. :(\" src=\"https:\/\/www.justhvk.hu\/blog\/wp-content\/uploads\/2015\/02\/13kicsi_hely.jpg\" width=\"720\" height=\"540\" \/><\/a><p id=\"caption-attachment-10187\" class=\"wp-caption-text\">Kev\u00e9s az \u00faj k\u00f6nyv, \u00e9s ez legink\u00e1bb a gyerekk\u00f6nyvekn\u00e9l tapasztalhat\u00f3. :(<\/p><\/div>\n<div id=\"attachment_10188\" style=\"width: 730px\" class=\"wp-caption aligncenter\"><a href=\"https:\/\/www.justhvk.hu\/blog\/wp-content\/uploads\/2015\/02\/14folyoiratok.jpg\"><img loading=\"lazy\" decoding=\"async\" aria-describedby=\"caption-attachment-10188\" class=\"size-full wp-image-10188\" alt=\"\u00c9s sajnos \u00faj foly\u00f3iratok sincsenek. \" src=\"https:\/\/www.justhvk.hu\/blog\/wp-content\/uploads\/2015\/02\/14folyoiratok.jpg\" width=\"720\" height=\"540\" \/><\/a><p id=\"caption-attachment-10188\" class=\"wp-caption-text\">\u00c9s sajnos \u00faj foly\u00f3iratok sincsenek.<\/p><\/div>\n<div id=\"attachment_10189\" style=\"width: 730px\" class=\"wp-caption aligncenter\"><a href=\"https:\/\/www.justhvk.hu\/blog\/wp-content\/uploads\/2015\/02\/15gepek.jpg\"><img loading=\"lazy\" decoding=\"async\" aria-describedby=\"caption-attachment-10189\" class=\"size-full wp-image-10189\" alt=\"Sz\u00e1momra meglep\u0151, de kevesen haszn\u00e1lj\u00e1k az internetet, mindenki otthon internetezik - vagy sehol sem. Egy\u00e9bk\u00e9nt Judit is haszn\u00e1lt kor\u00e1bban integr\u00e1lt rendszereket (tinlib, hunt\u00e9ka) a k\u00f6nyvek nyilv\u00e1ntart\u00e1s\u00e1ra, de most jelenleg le\u00e1llt a retrospekt\u00edv feldolgoz\u00e1s.\" src=\"https:\/\/www.justhvk.hu\/blog\/wp-content\/uploads\/2015\/02\/15gepek.jpg\" width=\"720\" height=\"540\" \/><\/a><p id=\"caption-attachment-10189\" class=\"wp-caption-text\">Sz\u00e1momra meglep\u0151, de kevesen haszn\u00e1lj\u00e1k az internetet, mindenki otthon internetezik &#8211; vagy sehol sem. Egy\u00e9bk\u00e9nt Judit is haszn\u00e1lt kor\u00e1bban integr\u00e1lt rendszereket (tinlib, hunt\u00e9ka) a k\u00f6nyvek nyilv\u00e1ntart\u00e1s\u00e1ra, de most jelenleg le\u00e1llt a retrospekt\u00edv feldolgoz\u00e1s.<\/p><\/div>\n<div id=\"attachment_10190\" style=\"width: 730px\" class=\"wp-caption aligncenter\"><a href=\"https:\/\/www.justhvk.hu\/blog\/wp-content\/uploads\/2015\/02\/16judit.jpg\"><img loading=\"lazy\" decoding=\"async\" aria-describedby=\"caption-attachment-10190\" class=\"size-full wp-image-10190\" alt=\"\u00d6sszess\u00e9g\u00e9ben hangulatos, sz\u00e9p k\u00f6nyvt\u00e1rr\u00f3l besz\u00e9l\u00fcnk, egy nagyon kedves k\u00f6nyvt\u00e1rossal az \u00e9len. K\u00f6sz\u00f6net, hogy ott lehettem!\" src=\"https:\/\/www.justhvk.hu\/blog\/wp-content\/uploads\/2015\/02\/16judit.jpg\" width=\"720\" height=\"540\" \/><\/a><p id=\"caption-attachment-10190\" class=\"wp-caption-text\">\u00d6sszess\u00e9g\u00e9ben hangulatos, sz\u00e9p k\u00f6nyvt\u00e1rr\u00f3l besz\u00e9l\u00fcnk, egy nagyon kedves k\u00f6nyvt\u00e1rossal az \u00e9len. K\u00f6sz\u00f6net, hogy ott lehettem!<\/p><\/div>\n<p>&nbsp;<\/p>\n<p><span style=\"line-height: 1.5em;\">\u00a0<\/span><\/p>\n<div class=\"fcbkbttn_buttons_block\" id=\"fcbkbttn_left\"><div class=\"fcbkbttn_like \"><fb:like href=\"https:\/\/blog.justhvk.hu\/blog\/tusnadfurdon-jartunk\/\" action=\"like\" colorscheme=\"light\" layout=\"button_count\"  size=\"small\"><\/fb:like><\/div><div class=\"fb-share-button  \" data-href=\"https:\/\/blog.justhvk.hu\/blog\/tusnadfurdon-jartunk\/\" data-type=\"button_count\" data-size=\"small\"><\/div><\/div>","protected":false},"excerpt":{"rendered":"<p>A m\u00falt h\u00e9tv\u00e9gi tusn\u00e1df\u00fcrd\u0151i tal\u00e1lkoz\u00f3nak\u00a0ugyan a turisztika \u00e9s a gasztron\u00f3mia volt a k\u00e9t legmark\u00e1nsabb sz\u00e1la (ami kieg\u00e9sz\u00fclt sok-sok-sok programmal, \u00edgy p\u00e9ld\u00e1ul egy eml\u00e9kezetes k\u00f3rustal\u00e1lkoz\u00f3val), de &#8211; k\u00f6sz\u00f6nhet\u0151en a k\u00e9t polg\u00e1rmesternek, akik a z\u00e1r\u00f3vacsor\u00e1n kezdt\u00e9k szervezni a tal\u00e1lkoz\u00f3t &#8211; vas\u00e1rnap reggel, indul\u00e1s el\u0151tt m\u00e9g besz\u00e9lgethettem egy j\u00f3t a helyi k\u00f6nyvt\u00e1r vezet\u0151j\u00e9vel, Judittal, s\u0151t, a h\u00f3akad\u00e1lyok ellen\u00e9re [&hellip;]<\/p>\n","protected":false},"author":5,"featured_media":0,"comment_status":"open","ping_status":"open","sticky":false,"template":"","format":"standard","meta":{"episode_type":"","audio_file":"","cover_image":"","cover_image_id":"","duration":"","filesize":"","date_recorded":"","explicit":"","block":"","filesize_raw":"","ngg_post_thumbnail":0,"footnotes":""},"categories":[255,452,744],"tags":[],"class_list":["post-10171","post","type-post","status-publish","format-standard","hentry","category-justh-zsigmond-varosi-konyvtar","category-oroshaza","category-tusnadfurdo"],"_links":{"self":[{"href":"https:\/\/blog.justhvk.hu\/blog\/wp-json\/wp\/v2\/posts\/10171","targetHints":{"allow":["GET"]}}],"collection":[{"href":"https:\/\/blog.justhvk.hu\/blog\/wp-json\/wp\/v2\/posts"}],"about":[{"href":"https:\/\/blog.justhvk.hu\/blog\/wp-json\/wp\/v2\/types\/post"}],"author":[{"embeddable":true,"href":"https:\/\/blog.justhvk.hu\/blog\/wp-json\/wp\/v2\/users\/5"}],"replies":[{"embeddable":true,"href":"https:\/\/blog.justhvk.hu\/blog\/wp-json\/wp\/v2\/comments?post=10171"}],"version-history":[{"count":10,"href":"https:\/\/blog.justhvk.hu\/blog\/wp-json\/wp\/v2\/posts\/10171\/revisions"}],"predecessor-version":[{"id":10197,"href":"https:\/\/blog.justhvk.hu\/blog\/wp-json\/wp\/v2\/posts\/10171\/revisions\/10197"}],"wp:attachment":[{"href":"https:\/\/blog.justhvk.hu\/blog\/wp-json\/wp\/v2\/media?parent=10171"}],"wp:term":[{"taxonomy":"category","embeddable":true,"href":"https:\/\/blog.justhvk.hu\/blog\/wp-json\/wp\/v2\/categories?post=10171"},{"taxonomy":"post_tag","embeddable":true,"href":"https:\/\/blog.justhvk.hu\/blog\/wp-json\/wp\/v2\/tags?post=10171"}],"curies":[{"name":"wp","href":"https:\/\/api.w.org\/{rel}","templated":true}]}}