{"id":10207,"date":"2015-02-14T11:46:05","date_gmt":"2015-02-14T11:46:05","guid":{"rendered":"https:\/\/www.justhvk.hu\/blog\/?p=10207"},"modified":"2015-02-14T11:46:05","modified_gmt":"2015-02-14T11:46:05","slug":"kazinczy-verseny-2015","status":"publish","type":"post","link":"https:\/\/blog.justhvk.hu\/blog\/kazinczy-verseny-2015\/","title":{"rendered":"Kazinczy-verseny, 2015"},"content":{"rendered":"<p>A v\u00e1ros \u00e9s a kist\u00e9rs\u00e9g hat \u00e1ltal\u00e1nos iskol\u00e1j\u00e1b\u00f3l \u00f6sszesen tizenegy tanul\u00f3 nevezett id\u00e9n a Kazinczy Ferencr\u0151l elnevezett Sz\u00e9p Magyar Besz\u00e9d verseny v\u00e1rosi, k\u00f6rzeti fordul\u00f3j\u00e1ra. A r\u00e9sztvev\u0151 iskol\u00e1k: Nagysz\u00e9n\u00e1si Czab\u00e1n Samu \u00c1ltal\u00e1nos Iskola, Orosh\u00e1zi V\u00f6r\u00f6smarty Mih\u00e1ly \u00c1ltal\u00e1nos Iskola Czina S\u00e1ndor Tagint\u00e9zm\u00e9nye, Orosh\u00e1zi Reform\u00e1tus K\u00e9t Tan\u00edt\u00e1si Nyelv\u0171 \u00c1ltal\u00e1nos Iskola, Orosh\u00e1zi V\u00f6r\u00f6smarty Mih\u00e1ly \u00c1ltal\u00e1nos Iskola, 5. E\u00f6tv\u00f6s J\u00f3zsef Katolikus \u00c1ltal\u00e1nos Iskola \u00e9s \u00d3voda Orosh\u00e1za, 6. Sz\u00e9k\u00e1cs J\u00f3zsef Evang\u00e9likus \u00d3voda, \u00c1ltal\u00e1nos Iskola \u00e9s Gimn\u00e1zium. A zs\u0171ri tagjai ez\u00fattal <em>Boz\u00f3 Kl\u00e1ra<\/em>, <em>Vet\u00e9sin\u00e9 Petr\u00e1nyi Erzs\u00e9bet<\/em> \u00e9s <em>Cs\u00e1nyin\u00e9 K\u00e1d\u00e1r T\u00fcnde<\/em> voltak.<\/p>\n<p><strong>Eredm\u00e9nyek<\/strong>.<\/p>\n<p><strong>5-6. oszt\u00e1ly<\/strong>. 1. <em>Polg\u00e1r D\u00e1vid<\/em>, Orosh\u00e1zi V\u00f6r\u00f6smarty Mih\u00e1ly \u00c1ltal\u00e1nos Iskola (felk\u00e9sz\u00edt\u0151 tan\u00e1ra: <em>Aminn\u00e9 M\u00f3ricz M\u00e1rta<\/em>), 2. <em>Gyurik Anita<\/em> Vikt\u00f3ria, Nagysz\u00e9n\u00e1si Czab\u00e1n Samu \u00c1ltal\u00e1nos Iskola (felk\u00e9sz\u00edt\u0151 tan\u00e1ra: <em>Szelezs\u00e1nn\u00e9 Egyed D\u00f3ra<\/em>), 3. <em>Gy\u00f6rgyi Anna<\/em>, Orosh\u00e1zi V\u00f6r\u00f6smarty Mih\u00e1ly \u00c1ltal\u00e1nos Iskola Czina S\u00e1ndor Tagint\u00e9zm\u00e9ny (felk\u00e9sz\u00edt\u0151 tan\u00e1ra: <em>V\u00edgh Zsanett<\/em>).<\/p>\n<p><strong>7-8. oszt\u00e1ly<\/strong>. 1. <em>B\u00e1nfi Bendeg\u00faz Bal\u00e1zs<\/em>, Orosh\u00e1zi Reform\u00e1tus K\u00e9t Tan\u00edt\u00e1si Nyelv\u0171 \u00c1ltal\u00e1nos Iskola (felk\u00e9sz\u00edt\u0151 tan\u00e1ra: <em>V\u00edghn\u00e9 Pint\u00e9r Lilla<\/em>), 2. <em>Kupeczki Fanni<\/em>, Orosh\u00e1zi V\u00f6r\u00f6smarty Mih\u00e1ly \u00c1ltal\u00e1nos Iskola (felk\u00e9sz\u00edt\u0151 tan\u00e1ra: <em>Palyov P\u00e1ln\u00e9<\/em>), 3. <em>Madar\u00e1sz No\u00e9mi<\/em>, Sz\u00e9k\u00e1cs J\u00f3zsef Evang\u00e9likus \u00d3voda, \u00c1ltal\u00e1nos Iskola \u00e9s Gimn\u00e1zium (felk\u00e9sz\u00edt\u0151 tan\u00e1ra: <em>Ol\u00e1h Rita<\/em>).<\/p>\n<p>A Sz\u00e9p Magyar Besz\u00e9d verseny\u00a0 7-8.oszt\u00e1lyos korcsoport gy\u0151ztese, B\u00e1nfi Bendeg\u00faz k\u00e9pviseli Orosh\u00e1z\u00e1t \u00e9s t\u00e9rs\u00e9g\u00e9t Kis\u00fajsz\u00e1ll\u00e1son, a region\u00e1lis fordul\u00f3ban \u00e1prilis 10-12-ig.<\/p>\n<p>A verseny t\u00e1mogat\u00f3i: <a href=\"http:\/\/www.oroshaza.hu\/\">Orosh\u00e1za V\u00e1ros \u00d6nkorm\u00e1nyzata<\/a>, Asztalos p\u00e9ks\u00e9g, <a href=\"http:\/\/gyoparosfurdo-oroshaza.hu\/\">Orosh\u00e1za-Gyop\u00e1rosf\u00fcrd\u0151<\/a>.<\/p>\n<p><object width=\"288\" height=\"192\" classid=\"clsid:d27cdb6e-ae6d-11cf-96b8-444553540000\" codebase=\"http:\/\/download.macromedia.com\/pub\/shockwave\/cabs\/flash\/swflash.cab#version=6,0,40,0\"><param name=\"src\" value=\"https:\/\/photos.gstatic.com\/media\/slideshow.swf\" \/><param name=\"flashvars\" value=\"host=picasaweb.google.com&amp;hl=hu&amp;feat=flashalbum&amp;RGB=0x000000&amp;feed=https%3A%2F%2Fpicasaweb.google.com%2Fdata%2Ffeed%2Fapi%2Fuser%2F115753013865007437721%2Falbumid%2F6115362860432173553%3Falt%3Drss%26kind%3Dphoto%26hl%3Dhu\" \/><param name=\"pluginspage\" value=\"http:\/\/www.macromedia.com\/go\/getflashplayer\" \/><embed width=\"288\" height=\"192\" type=\"application\/x-shockwave-flash\" src=\"https:\/\/photos.gstatic.com\/media\/slideshow.swf\" flashvars=\"host=picasaweb.google.com&amp;hl=hu&amp;feat=flashalbum&amp;RGB=0x000000&amp;feed=https%3A%2F%2Fpicasaweb.google.com%2Fdata%2Ffeed%2Fapi%2Fuser%2F115753013865007437721%2Falbumid%2F6115362860432173553%3Falt%3Drss%26kind%3Dphoto%26hl%3Dhu\" pluginspage=\"http:\/\/www.macromedia.com\/go\/getflashplayer\" \/><\/object><\/p>\n<div class=\"fcbkbttn_buttons_block\" id=\"fcbkbttn_left\"><div class=\"fcbkbttn_like \"><fb:like href=\"https:\/\/blog.justhvk.hu\/blog\/kazinczy-verseny-2015\/\" action=\"like\" colorscheme=\"light\" layout=\"button_count\"  size=\"small\"><\/fb:like><\/div><div class=\"fb-share-button  \" data-href=\"https:\/\/blog.justhvk.hu\/blog\/kazinczy-verseny-2015\/\" data-type=\"button_count\" data-size=\"small\"><\/div><\/div>","protected":false},"excerpt":{"rendered":"<p>A v\u00e1ros \u00e9s a kist\u00e9rs\u00e9g hat \u00e1ltal\u00e1nos iskol\u00e1j\u00e1b\u00f3l \u00f6sszesen tizenegy tanul\u00f3 nevezett id\u00e9n a Kazinczy Ferencr\u0151l elnevezett Sz\u00e9p Magyar Besz\u00e9d verseny v\u00e1rosi, k\u00f6rzeti fordul\u00f3j\u00e1ra. A r\u00e9sztvev\u0151 iskol\u00e1k: Nagysz\u00e9n\u00e1si Czab\u00e1n Samu \u00c1ltal\u00e1nos Iskola, Orosh\u00e1zi V\u00f6r\u00f6smarty Mih\u00e1ly \u00c1ltal\u00e1nos Iskola Czina S\u00e1ndor Tagint\u00e9zm\u00e9nye, Orosh\u00e1zi Reform\u00e1tus K\u00e9t Tan\u00edt\u00e1si Nyelv\u0171 \u00c1ltal\u00e1nos Iskola, Orosh\u00e1zi V\u00f6r\u00f6smarty Mih\u00e1ly \u00c1ltal\u00e1nos Iskola, 5. E\u00f6tv\u00f6s J\u00f3zsef [&hellip;]<\/p>\n","protected":false},"author":5,"featured_media":0,"comment_status":"open","ping_status":"open","sticky":false,"template":"","format":"standard","meta":{"episode_type":"","audio_file":"","cover_image":"","cover_image_id":"","duration":"","filesize":"","date_recorded":"","explicit":"","block":"","filesize_raw":"","ngg_post_thumbnail":0,"footnotes":""},"categories":[255,266,452],"tags":[],"class_list":["post-10207","post","type-post","status-publish","format-standard","hentry","category-justh-zsigmond-varosi-konyvtar","category-kazinczy-verseny","category-oroshaza"],"_links":{"self":[{"href":"https:\/\/blog.justhvk.hu\/blog\/wp-json\/wp\/v2\/posts\/10207","targetHints":{"allow":["GET"]}}],"collection":[{"href":"https:\/\/blog.justhvk.hu\/blog\/wp-json\/wp\/v2\/posts"}],"about":[{"href":"https:\/\/blog.justhvk.hu\/blog\/wp-json\/wp\/v2\/types\/post"}],"author":[{"embeddable":true,"href":"https:\/\/blog.justhvk.hu\/blog\/wp-json\/wp\/v2\/users\/5"}],"replies":[{"embeddable":true,"href":"https:\/\/blog.justhvk.hu\/blog\/wp-json\/wp\/v2\/comments?post=10207"}],"version-history":[{"count":5,"href":"https:\/\/blog.justhvk.hu\/blog\/wp-json\/wp\/v2\/posts\/10207\/revisions"}],"predecessor-version":[{"id":10215,"href":"https:\/\/blog.justhvk.hu\/blog\/wp-json\/wp\/v2\/posts\/10207\/revisions\/10215"}],"wp:attachment":[{"href":"https:\/\/blog.justhvk.hu\/blog\/wp-json\/wp\/v2\/media?parent=10207"}],"wp:term":[{"taxonomy":"category","embeddable":true,"href":"https:\/\/blog.justhvk.hu\/blog\/wp-json\/wp\/v2\/categories?post=10207"},{"taxonomy":"post_tag","embeddable":true,"href":"https:\/\/blog.justhvk.hu\/blog\/wp-json\/wp\/v2\/tags?post=10207"}],"curies":[{"name":"wp","href":"https:\/\/api.w.org\/{rel}","templated":true}]}}