{"id":10426,"date":"2015-03-31T15:34:02","date_gmt":"2015-03-31T15:34:02","guid":{"rendered":"https:\/\/www.justhvk.hu\/blog\/?p=10426"},"modified":"2015-04-01T14:00:33","modified_gmt":"2015-04-01T14:00:33","slug":"szavaljunk-egyutt-egy-podcastban","status":"publish","type":"post","link":"https:\/\/blog.justhvk.hu\/blog\/szavaljunk-egyutt-egy-podcastban\/","title":{"rendered":"Szavaljunk egy\u00fctt egy podcastban!"},"content":{"rendered":"<p style=\"text-align: justify;\"><strong>K\u00f6zeleg \u00e1prilis 11. Ekkor sz\u00fcletett egyik legnagyszer\u0171bb k\u00f6lt\u0151nk, J\u00f3zsef Attila. Eg\u00e9sz pontosan 110 \u00e9vvel ezel\u0151tt, 1905-ben. \u00c1m ez a d\u00e1tum m\u00e1ra m\u00e1r nem csak a sz\u00fclet\u00e9snapj\u00e1val egyenl\u0151. 1964 \u00f3ta <\/strong><strong>ekkor \u00fcnnepelj\u00fck<\/strong><strong> Magyarorsz\u00e1gon a k\u00f6lt\u00e9szet napj\u00e1t is. Eme jeles napon orsz\u00e1gszerte irodalmi el\u0151ad\u00e1sokkal, szaval\u00f3versenyekkel, \u00edr\u00f3tal\u00e1lkoz\u00f3kkal, k\u00f6nyvbemutat\u00f3kkal tisztelegnek a l\u00edra el\u0151tt. <\/strong><\/p>\n<p style=\"text-align: justify;\">Term\u00e9szetesen k\u00f6nyvt\u00e1runk is t\u00f6bbf\u00e9le form\u00e1ban k\u00edv\u00e1n csatlakozni a\u00a0 Magyar K\u00f6lt\u00e9szet Napj\u00e1hoz. Az egyik ilyen forma egy verses podcast \u00a0(let\u00f6lthet\u0151 hanganyag) lesz. Egy podcast az\u00e9rt, hogy ne csak olvassuk, de hallhassuk is kedvenc szerzem\u00e9nyeinket. Ehhez pedig\u00a0 \u00d6n\u00f6kre lesz sz\u00fcks\u00e9g, ugyanis \u00e1prilis 7-\u00e9n lehet\u0151s\u00e9get adunk olvas\u00f3inknak, hogy a Justh Zsigmond V\u00e1rosi K\u00f6nyvt\u00e1rban elszavalhass\u00e1k sz\u00edv\u00fckh\u00f6z k\u00f6zel \u00e1ll\u00f3 vagy ak\u00e1r saj\u00e1t maguk \u00e1ltal \u00edrt verseiket. Aki szeretne csatlakozni eme kezdem\u00e9nyez\u00e9shez, annak nincs m\u00e1s dolga, mint kiv\u00e1lasztani egy kedvenc vers\u00e9t valamelyik magyar k\u00f6lt\u0151nkt\u0151l, vagy ak\u00e1r saj\u00e1t szerzem\u00e9ny\u00e9t, melyet sz\u00edvesen megosztana a nagyk\u00f6z\u00f6ns\u00e9ggel, \u00e9s kedden, \u00e1prilis 7-\u00e9n 10 \u00f3r\u00e1t\u00f3l megkeresni zenei k\u00f6nyvt\u00e1rosunkat, T\u00f6rk\u00f6ly J\u00f3zsefet, akinek a seg\u00edts\u00e9g\u00e9vel eg\u00e9szen d\u00e9lut\u00e1n 4 \u00f3r\u00e1ig r\u00f6gz\u00edtj\u00fck ezeket a verseket. Rem\u00e9lj\u00fck min\u00e9l t\u00f6bb \u00e9s sz\u00ednesebb k\u00f6ltem\u00e9nnyel lesz dolgunk, hogy az eg\u00e9szb\u0151l egy gy\u00f6ny\u00f6r\u0171 verscsokrot k\u00e9sz\u00edthess\u00fcnk, melyet \u00e1prilis 11-\u00e9n a k\u00f6nyvt\u00e1r blogj\u00e1n k\u00f6zz\u00e9 is fogunk tenni.<\/p>\n<p style=\"text-align: justify;\">Teh\u00e1t kedves olvas\u00f3k, b\u00e1tors\u00e1got el\u0151, versre fel! \u00c1prilis 7-\u00e9n v\u00e1runk\u00a0 sok\u00a0 szeretettel minden v\u00e1llalkoz\u00f3 szellem\u0171 szaval\u00f3t!<\/p>\n<div class=\"fcbkbttn_buttons_block\" id=\"fcbkbttn_left\"><div class=\"fcbkbttn_like \"><fb:like href=\"https:\/\/blog.justhvk.hu\/blog\/szavaljunk-egyutt-egy-podcastban\/\" action=\"like\" colorscheme=\"light\" layout=\"button_count\"  size=\"small\"><\/fb:like><\/div><div class=\"fb-share-button  \" data-href=\"https:\/\/blog.justhvk.hu\/blog\/szavaljunk-egyutt-egy-podcastban\/\" data-type=\"button_count\" data-size=\"small\"><\/div><\/div>","protected":false},"excerpt":{"rendered":"<p>K\u00f6zeleg \u00e1prilis 11. Ekkor sz\u00fcletett egyik legnagyszer\u0171bb k\u00f6lt\u0151nk, J\u00f3zsef Attila. Eg\u00e9sz pontosan 110 \u00e9vvel ezel\u0151tt, 1905-ben. \u00c1m ez a d\u00e1tum m\u00e1ra m\u00e1r nem csak a sz\u00fclet\u00e9snapj\u00e1val egyenl\u0151. 1964 \u00f3ta ekkor \u00fcnnepelj\u00fck Magyarorsz\u00e1gon a k\u00f6lt\u00e9szet napj\u00e1t is. Eme jeles napon orsz\u00e1gszerte irodalmi el\u0151ad\u00e1sokkal, szaval\u00f3versenyekkel, \u00edr\u00f3tal\u00e1lkoz\u00f3kkal, k\u00f6nyvbemutat\u00f3kkal tisztelegnek a l\u00edra el\u0151tt. Term\u00e9szetesen k\u00f6nyvt\u00e1runk is t\u00f6bbf\u00e9le form\u00e1ban k\u00edv\u00e1n [&hellip;]<\/p>\n","protected":false},"author":12,"featured_media":10427,"comment_status":"open","ping_status":"open","sticky":false,"template":"","format":"standard","meta":{"episode_type":"","audio_file":"","cover_image":"","cover_image_id":"","duration":"","filesize":"","date_recorded":"","explicit":"","block":"","filesize_raw":"","ngg_post_thumbnail":0,"footnotes":""},"categories":[255,277,751,452,499,638],"tags":[],"class_list":["post-10426","post","type-post","status-publish","format-standard","has-post-thumbnail","hentry","category-justh-zsigmond-varosi-konyvtar","category-kolteszet-napja","category-magyar-kolteszet-napja","category-oroshaza","category-podcast","category-vers"],"_links":{"self":[{"href":"https:\/\/blog.justhvk.hu\/blog\/wp-json\/wp\/v2\/posts\/10426","targetHints":{"allow":["GET"]}}],"collection":[{"href":"https:\/\/blog.justhvk.hu\/blog\/wp-json\/wp\/v2\/posts"}],"about":[{"href":"https:\/\/blog.justhvk.hu\/blog\/wp-json\/wp\/v2\/types\/post"}],"author":[{"embeddable":true,"href":"https:\/\/blog.justhvk.hu\/blog\/wp-json\/wp\/v2\/users\/12"}],"replies":[{"embeddable":true,"href":"https:\/\/blog.justhvk.hu\/blog\/wp-json\/wp\/v2\/comments?post=10426"}],"version-history":[{"count":6,"href":"https:\/\/blog.justhvk.hu\/blog\/wp-json\/wp\/v2\/posts\/10426\/revisions"}],"predecessor-version":[{"id":10433,"href":"https:\/\/blog.justhvk.hu\/blog\/wp-json\/wp\/v2\/posts\/10426\/revisions\/10433"}],"wp:featuredmedia":[{"embeddable":true,"href":"https:\/\/blog.justhvk.hu\/blog\/wp-json\/wp\/v2\/media\/10427"}],"wp:attachment":[{"href":"https:\/\/blog.justhvk.hu\/blog\/wp-json\/wp\/v2\/media?parent=10426"}],"wp:term":[{"taxonomy":"category","embeddable":true,"href":"https:\/\/blog.justhvk.hu\/blog\/wp-json\/wp\/v2\/categories?post=10426"},{"taxonomy":"post_tag","embeddable":true,"href":"https:\/\/blog.justhvk.hu\/blog\/wp-json\/wp\/v2\/tags?post=10426"}],"curies":[{"name":"wp","href":"https:\/\/api.w.org\/{rel}","templated":true}]}}