{"id":10469,"date":"2015-04-14T07:29:39","date_gmt":"2015-04-14T07:29:39","guid":{"rendered":"https:\/\/www.justhvk.hu\/blog\/?p=10469"},"modified":"2015-04-14T07:34:57","modified_gmt":"2015-04-14T07:34:57","slug":"kossuth-lajos-elete-meglehetosen-monoton-szuletett-monokon","status":"publish","type":"post","link":"https:\/\/blog.justhvk.hu\/blog\/kossuth-lajos-elete-meglehetosen-monoton-szuletett-monokon\/","title":{"rendered":"\u201eKossuth Lajos \u00e9lete meglehet\u0151sen monoton \u2013 sz\u00fcletett  Monokon\u201d"},"content":{"rendered":"<p>Nem, nem, kedves olvas\u00f3, nem Kossuth lesz a t\u00e9m\u00e1nk \u2013 hanem e kis rigmus szerz\u0151je, <em>Kosztol\u00e1nyi Dezs\u0151<\/em>. Mit bizony\u00edt? Nem kevesebbet, hogy az ifj\u00fa gimnazista humorral, n\u00e9mi hetykes\u00e9ggel \u2013 \u00e9s uram bocs\u00e1\u2019 szemtelens\u00e9ggel, no meg k\u00f6lt\u0151i tehets\u00e9ggel indult el m\u00e1r igen kor\u00e1n a legmagasabb m\u0171v\u00e9szi cs\u00facsok megh\u00f3d\u00edt\u00e1s\u00e1ra. Nem v\u00e9letlen, hogy t\u00f6bb cs\u00facsr\u00f3l van sz\u00f3! Hiszen Kosztol\u00e1nyi k\u00f6lt\u0151, pr\u00f3za\u00edr\u00f3, \u00fajs\u00e1g\u00edr\u00f3, az anyanyelv egyik legjobb ismer\u0151je \u00e9s v\u00e9delmez\u0151je, m\u0171ford\u00edt\u00f3 \u2013 \u00e9s sorolhatn\u00e1nk \u2013 egy a l\u00e9nyeg, amihez fog, a legmagasabb szinten teszi. A legmagasabb cs\u00facsokat h\u00f3d\u00edtja meg. De most a k\u00f6lt\u0151 Kosztol\u00e1nyit id\u00e9zt\u00fck f\u00f6l a nyugd\u00edjas pedag\u00f3gusok Justh Zsigmond olvas\u00f3k\u00f6r\u00e9nek \u00e1prilisi \u00f6sszej\u00f6vetel\u00e9n. Gy\u00f6ny\u00f6r\u0171 verseket hallgattunk meg \u2013 az \u00dcll\u0151i-\u00fati f\u00e1k \u201eHov\u00e1 rep\u00fcl az ifjus\u00e1g?\u201d rezign\u00e1lt k\u00e9rd\u00e9se ut\u00e1n a Szeg\u00e9ny kisgyermek panaszai k\u00f6tetb\u0151l egy, az \u00e9let elm\u00fal\u00e1s\u00e1t id\u00e9z\u0151 vers, majd der\u0171s sz\u00edneivel a Hatty\u00fa kuty\u00e1m k\u00f6vetkezett. Legt\u00f6bbet a Sz\u00e1mad\u00e1s k\u00f6tet Halotti besz\u00e9d c. vers\u00e9n\u00e9l id\u0151zt\u00fcnk . B\u00facs\u00faz\u00e1s \u00e9s az \u00e9let, az ember szeretete \u2013 \u201eIlyen az ember. Egyed\u00fcli p\u00e9ld\u00e1ny.\u201d &#8211; \u00c9s egyed\u00fcli \u00e9s gy\u00f6ny\u00f6r\u0171 is az \u00e9let \u2013 hirdeti a nagybeteg Kosztol\u00e1nyi Szeptemberi \u00e1h\u00edtat c\u00edm\u0171, lez\u00e1r\u00e1sk\u00e9nt meghallgatott vers\u00e9ben.<\/p>\n<p><a href=\"https:\/\/www.justhvk.hu\/blog\/wp-content\/uploads\/2015\/04\/kosztolanyi.jpg\"><img loading=\"lazy\" decoding=\"async\" class=\"aligncenter size-full wp-image-10471\" alt=\"kosztolanyi\" src=\"https:\/\/www.justhvk.hu\/blog\/wp-content\/uploads\/2015\/04\/kosztolanyi.jpg\" width=\"284\" height=\"177\" \/><\/a><\/p>\n<p>Mit \u00edr Kosztol\u00e1nyi? \u201eA k\u00f6nyv, amely minden\u00fctt jelenlev\u0151v\u00e9 var\u00e1zsolta a szellemet, megteremtette az emberis\u00e9g lelki k\u00f6z\u00f6ss\u00e9g\u00e9t\u201d. Igen, ezen a d\u00e9lut\u00e1non a k\u00f6nyvekben rejl\u0151 \u00e9rt\u00e9k, a m\u0171v\u00e9szet var\u00e1zsa, a tud\u00e1s \u00e1tad\u00e1s\u00e1nak \u00e9s befogad\u00e1s\u00e1nak ig\u00e9nye k\u00f6z\u00f6ss\u00e9get teremtett . K\u00f6sz\u00f6net mindenkinek, akik szerepet v\u00e1llalt ebben \u2013 a versmond\u00f3knak: Cs\u00e1sz\u00e1r P\u00e9tern\u00e9nek, Szalay Juditnak, Szilasi-Horv\u00e1th Tibornak, Szilasi-Horv\u00e1th Tiborn\u00e9nak \u2013 \u00e9s legf\u0151k\u00e9pp el\u0151ad\u00f3nknak, Munk\u00e1csi Istv\u00e1nn\u00e9 Zsuzs\u00e1nak.<\/p>\n<p>A k\u00f6vetkez\u0151 \u00f6sszej\u00f6vetel\u00fcnk m\u00e1jus 6-\u00e1n lesz \u2013 Naomi Wood: Mrs. Hemingway c. k\u00f6nyve.<\/p>\n<div class=\"fcbkbttn_buttons_block\" id=\"fcbkbttn_left\"><div class=\"fcbkbttn_like \"><fb:like href=\"https:\/\/blog.justhvk.hu\/blog\/kossuth-lajos-elete-meglehetosen-monoton-szuletett-monokon\/\" action=\"like\" colorscheme=\"light\" layout=\"button_count\"  size=\"small\"><\/fb:like><\/div><div class=\"fb-share-button  \" data-href=\"https:\/\/blog.justhvk.hu\/blog\/kossuth-lajos-elete-meglehetosen-monoton-szuletett-monokon\/\" data-type=\"button_count\" data-size=\"small\"><\/div><\/div>","protected":false},"excerpt":{"rendered":"<p>Nem, nem, kedves olvas\u00f3, nem Kossuth lesz a t\u00e9m\u00e1nk \u2013 hanem e kis rigmus szerz\u0151je, Kosztol\u00e1nyi Dezs\u0151. Mit bizony\u00edt? Nem kevesebbet, hogy az ifj\u00fa gimnazista humorral, n\u00e9mi hetykes\u00e9ggel \u2013 \u00e9s uram bocs\u00e1\u2019 szemtelens\u00e9ggel, no meg k\u00f6lt\u0151i tehets\u00e9ggel indult el m\u00e1r igen kor\u00e1n a legmagasabb m\u0171v\u00e9szi cs\u00facsok megh\u00f3d\u00edt\u00e1s\u00e1ra. Nem v\u00e9letlen, hogy t\u00f6bb cs\u00facsr\u00f3l van sz\u00f3! Hiszen [&hellip;]<\/p>\n","protected":false},"author":10,"featured_media":10472,"comment_status":"open","ping_status":"open","sticky":false,"template":"","format":"standard","meta":{"episode_type":"","audio_file":"","cover_image":"","cover_image_id":"","duration":"","filesize":"","date_recorded":"","explicit":"","block":"","filesize_raw":"","ngg_post_thumbnail":0,"footnotes":""},"categories":[664,255,750,431,452],"tags":[],"class_list":["post-10469","post","type-post","status-publish","format-standard","has-post-thumbnail","hentry","category-justh-zsigmond-olvasokor","category-justh-zsigmond-varosi-konyvtar","category-kosztolanyi-dezso","category-nyugdijas-pedagogusok-justh-zsigmond-olvasokore","category-oroshaza"],"_links":{"self":[{"href":"https:\/\/blog.justhvk.hu\/blog\/wp-json\/wp\/v2\/posts\/10469","targetHints":{"allow":["GET"]}}],"collection":[{"href":"https:\/\/blog.justhvk.hu\/blog\/wp-json\/wp\/v2\/posts"}],"about":[{"href":"https:\/\/blog.justhvk.hu\/blog\/wp-json\/wp\/v2\/types\/post"}],"author":[{"embeddable":true,"href":"https:\/\/blog.justhvk.hu\/blog\/wp-json\/wp\/v2\/users\/10"}],"replies":[{"embeddable":true,"href":"https:\/\/blog.justhvk.hu\/blog\/wp-json\/wp\/v2\/comments?post=10469"}],"version-history":[{"count":2,"href":"https:\/\/blog.justhvk.hu\/blog\/wp-json\/wp\/v2\/posts\/10469\/revisions"}],"predecessor-version":[{"id":10473,"href":"https:\/\/blog.justhvk.hu\/blog\/wp-json\/wp\/v2\/posts\/10469\/revisions\/10473"}],"wp:featuredmedia":[{"embeddable":true,"href":"https:\/\/blog.justhvk.hu\/blog\/wp-json\/wp\/v2\/media\/10472"}],"wp:attachment":[{"href":"https:\/\/blog.justhvk.hu\/blog\/wp-json\/wp\/v2\/media?parent=10469"}],"wp:term":[{"taxonomy":"category","embeddable":true,"href":"https:\/\/blog.justhvk.hu\/blog\/wp-json\/wp\/v2\/categories?post=10469"},{"taxonomy":"post_tag","embeddable":true,"href":"https:\/\/blog.justhvk.hu\/blog\/wp-json\/wp\/v2\/tags?post=10469"}],"curies":[{"name":"wp","href":"https:\/\/api.w.org\/{rel}","templated":true}]}}