{"id":10478,"date":"2015-04-24T08:12:53","date_gmt":"2015-04-24T08:12:53","guid":{"rendered":"https:\/\/www.justhvk.hu\/blog\/?p=10478"},"modified":"2015-04-27T14:40:16","modified_gmt":"2015-04-27T14:40:16","slug":"bemutatkozik-a-gion-nandor-emlekhaz","status":"publish","type":"post","link":"https:\/\/blog.justhvk.hu\/blog\/bemutatkozik-a-gion-nandor-emlekhaz\/","title":{"rendered":"Bemutatkozik a Gion N\u00e1ndor Eml\u00e9kh\u00e1z"},"content":{"rendered":"<p>A <a href=\"https:\/\/www.justhvk.hu\/\">Justh Zsigmond V\u00e1rosi K\u00f6nyvt\u00e1r<\/a> \u00e9s a\u00a0<a href=\"http:\/\/www.pmk.oroshaza.hu\/\">Pet\u0151fi M\u0171vel\u0151d\u00e9si K\u00f6zpont<\/a> k\u00f6z\u00f6s\u00a0szervez\u00e9s\u00e9ben\u00a0<strong>2015. \u00e1prilis 30-\u00e1n 18 \u00f3r\u00e1t\u00f3l<\/strong>\u00a0a k\u00f6nyvt\u00e1r olvas\u00f3term\u00e9ben mutatkozik be a szenttam\u00e1si\u00a0<a href=\"http:\/\/www.gionnandoremlekhaz.org\/\">Gion N\u00e1ndor Eml\u00e9kh\u00e1z<\/a>.<\/p>\n<p>K\u00f6zrem\u0171k\u00f6dnek:<\/p>\n<ul>\n<li><em>N\u00e9meth Dezs\u0151<\/em>, a Gion N\u00e1ndor Kultur\u00e1lis K\u00f6zpont eln\u00f6ke,<\/li>\n<li><em>Dr. Horv\u00e1th Fut\u00f3 Hargita<\/em>, egyetemi tan\u00e1r, docens, az\u00a0Eml\u00e9kh\u00e1z munkat\u00e1rsa,<\/li>\n<li><em>Dr. K\u00e1ich Katalin<\/em>, emeritus, m\u0171vel\u0151d\u00e9st\u00f6rt\u00e9n\u00e9sz,<\/li>\n<li><em>Paraczky L\u00e1szl\u00f3<\/em>, \u00fajs\u00e1g\u00edr\u00f3, az Eml\u00e9kh\u00e1z munkat\u00e1rsa.<\/li>\n<\/ul>\n<p>A program m\u00e1sodik r\u00e9szek\u00e9nt a<\/p>\n<p><strong>Visszatekint\u00e9s \u2012\u00a0Neobarokk \u00e9p\u00fcletek Szenttam\u00e1son<\/strong><\/p>\n<p>c\u00edm\u0171 ki\u00e1ll\u00edt\u00e1s megnyit\u00f3ja lesz az els\u0151 emeleten, a k\u00f6nyvt\u00e1r\u00a0el\u0151ter\u00e9ben.<\/p>\n<p>A ki\u00e1ll\u00edt\u00e1st megnyitja <em>dr. K\u00e1ich Katalin<\/em>, emeritus,\u00a0m\u0171vel\u0151d\u00e9st\u00f6rt\u00e9n\u00e9sz.<\/p>\n<p>A bel\u00e9p\u00e9s d\u00edjtalan, minden \u00e9rdekl\u0151d\u0151t szeretettel v\u00e1runk!<\/p>\n<p><a href=\"https:\/\/www.justhvk.hu\/blog\/wp-content\/uploads\/2015\/04\/gion_nandor.jpg\"><img loading=\"lazy\" decoding=\"async\" class=\"aligncenter size-full wp-image-10479\" alt=\"gion_nandor\" src=\"https:\/\/www.justhvk.hu\/blog\/wp-content\/uploads\/2015\/04\/gion_nandor.jpg\" width=\"191\" height=\"300\" \/><\/a><\/p>\n<p><a href=\"http:\/\/doit.justhvk.hu\/?p=844\"><img loading=\"lazy\" decoding=\"async\" class=\"size-full wp-image-3927 alignright\" alt=\"in English\" src=\"https:\/\/www.justhvk.hu\/blog\/wp-content\/uploads\/2011\/02\/logoooooooo_small-e1319618697603.png\" width=\"30\" height=\"27\" \/><\/a><\/p>\n<div class=\"fcbkbttn_buttons_block\" id=\"fcbkbttn_left\"><div class=\"fcbkbttn_like \"><fb:like href=\"https:\/\/blog.justhvk.hu\/blog\/bemutatkozik-a-gion-nandor-emlekhaz\/\" action=\"like\" colorscheme=\"light\" layout=\"button_count\"  size=\"small\"><\/fb:like><\/div><div class=\"fb-share-button  \" data-href=\"https:\/\/blog.justhvk.hu\/blog\/bemutatkozik-a-gion-nandor-emlekhaz\/\" data-type=\"button_count\" data-size=\"small\"><\/div><\/div>","protected":false},"excerpt":{"rendered":"<p>A Justh Zsigmond V\u00e1rosi K\u00f6nyvt\u00e1r \u00e9s a\u00a0Pet\u0151fi M\u0171vel\u0151d\u00e9si K\u00f6zpont k\u00f6z\u00f6s\u00a0szervez\u00e9s\u00e9ben\u00a02015. \u00e1prilis 30-\u00e1n 18 \u00f3r\u00e1t\u00f3l\u00a0a k\u00f6nyvt\u00e1r olvas\u00f3term\u00e9ben mutatkozik be a szenttam\u00e1si\u00a0Gion N\u00e1ndor Eml\u00e9kh\u00e1z. K\u00f6zrem\u0171k\u00f6dnek: N\u00e9meth Dezs\u0151, a Gion N\u00e1ndor Kultur\u00e1lis K\u00f6zpont eln\u00f6ke, Dr. Horv\u00e1th Fut\u00f3 Hargita, egyetemi tan\u00e1r, docens, az\u00a0Eml\u00e9kh\u00e1z munkat\u00e1rsa, Dr. K\u00e1ich Katalin, emeritus, m\u0171vel\u0151d\u00e9st\u00f6rt\u00e9n\u00e9sz, Paraczky L\u00e1szl\u00f3, \u00fajs\u00e1g\u00edr\u00f3, az Eml\u00e9kh\u00e1z munkat\u00e1rsa. A program m\u00e1sodik r\u00e9szek\u00e9nt [&hellip;]<\/p>\n","protected":false},"author":5,"featured_media":0,"comment_status":"open","ping_status":"open","sticky":false,"template":"","format":"standard","meta":{"episode_type":"","audio_file":"","cover_image":"","cover_image_id":"","duration":"","filesize":"","date_recorded":"","explicit":"","block":"","filesize_raw":"","ngg_post_thumbnail":0,"footnotes":""},"categories":[754,255,452,503,755],"tags":[],"class_list":["post-10478","post","type-post","status-publish","format-standard","hentry","category-gion-nandor-emlekhaz","category-justh-zsigmond-varosi-konyvtar","category-oroshaza","category-programajanlo","category-szenttamas"],"_links":{"self":[{"href":"https:\/\/blog.justhvk.hu\/blog\/wp-json\/wp\/v2\/posts\/10478","targetHints":{"allow":["GET"]}}],"collection":[{"href":"https:\/\/blog.justhvk.hu\/blog\/wp-json\/wp\/v2\/posts"}],"about":[{"href":"https:\/\/blog.justhvk.hu\/blog\/wp-json\/wp\/v2\/types\/post"}],"author":[{"embeddable":true,"href":"https:\/\/blog.justhvk.hu\/blog\/wp-json\/wp\/v2\/users\/5"}],"replies":[{"embeddable":true,"href":"https:\/\/blog.justhvk.hu\/blog\/wp-json\/wp\/v2\/comments?post=10478"}],"version-history":[{"count":6,"href":"https:\/\/blog.justhvk.hu\/blog\/wp-json\/wp\/v2\/posts\/10478\/revisions"}],"predecessor-version":[{"id":10488,"href":"https:\/\/blog.justhvk.hu\/blog\/wp-json\/wp\/v2\/posts\/10478\/revisions\/10488"}],"wp:attachment":[{"href":"https:\/\/blog.justhvk.hu\/blog\/wp-json\/wp\/v2\/media?parent=10478"}],"wp:term":[{"taxonomy":"category","embeddable":true,"href":"https:\/\/blog.justhvk.hu\/blog\/wp-json\/wp\/v2\/categories?post=10478"},{"taxonomy":"post_tag","embeddable":true,"href":"https:\/\/blog.justhvk.hu\/blog\/wp-json\/wp\/v2\/tags?post=10478"}],"curies":[{"name":"wp","href":"https:\/\/api.w.org\/{rel}","templated":true}]}}