{"id":10600,"date":"2015-06-08T10:17:51","date_gmt":"2015-06-08T10:17:51","guid":{"rendered":"https:\/\/www.justhvk.hu\/blog\/?p=10600"},"modified":"2015-06-08T10:31:50","modified_gmt":"2015-06-08T10:31:50","slug":"totkomlosi-es-gadorosi-mesemondok-az-elen","status":"publish","type":"post","link":"https:\/\/blog.justhvk.hu\/blog\/totkomlosi-es-gadorosi-mesemondok-az-elen\/","title":{"rendered":"T\u00f3tkoml\u00f3si \u00e9s g\u00e1dorosi mesemond\u00f3k az \u00e9len"},"content":{"rendered":"<p>K\u00e9t korcsoportban 34 fantasztikus gyermek l\u00e9pett a vil\u00e1got jelent\u0151 k\u00f6rdobog\u00f3ra szombaton, a k\u00f6nyvt\u00e1r olvas\u00f3term\u00e9ben a <strong>X. Gyop\u00e1rka T\u00fcnd\u00e9r mesemond\u00f3 verseny<\/strong>en. A vet\u00e9lked\u00e9st egy gyakorl\u00f3 apuka, a B\u00e9k\u00e9s Megyei \u00d6nkorm\u00e1nyzat eln\u00f6ke, <em>Zalai Mih\u00e1ly<\/em> nyitotta meg, aki nem csak a mes\u00e9k var\u00e1zslatos vil\u00e1g\u00e1r\u00f3l besz\u00e9lt, de arr\u00f3l is, mi\u00e9rt hasznos, ha valaki sok mes\u00e9t ismer.<\/p>\n<p>Alighanem a versenyt t\u00edz \u00e9ve meg\u00e1lmod\u00f3 \u00e9s megval\u00f3s\u00edt\u00f3 <em>K\u00e1rolyi F\u00fcl\u00f6p B\u00e9la<\/em> b\u00e1csi is el\u00e9gedetten csettintett volna a mesemond\u00f3k produkci\u00f3i l\u00e1tt\u00e1n, hiszen voltak ugyan megakad\u00e1sok, apr\u00f3bb bizonytalans\u00e1gok, de \u00f6sszess\u00e9g\u00e9ben nagyon sz\u00ednvonalas el\u0151ad\u00e1sok ut\u00e1n, remek mes\u00e9k k\u00f6z\u00fcl v\u00e1laszthatta ki a zs\u0171ri a legjobbakat (a zs\u0171ri tagjai voltak:\u00a0a Nagycsal\u00e1dosok Orosh\u00e1zi Egyes\u00fclete k\u00e9pviselet\u00e9ben <em>Feh\u00e9r B\u00e9l\u00e1n\u00e9<\/em> tan\u00e1rn\u0151, a Justh Zsigmond V\u00e1rosi K\u00f6nyvt\u00e1r k\u00e9pviselet\u00e9ben <em>Cs\u00e1nyin\u00e9 K\u00e1d\u00e1r T\u00fcnde<\/em>, a\u00a0Nyugd\u00edjas Pedag\u00f3gusok Orosh\u00e1zi Egyes\u00fclete r\u00e9sz\u00e9r\u0151l <em>Vet\u00e9sin\u00e9 Petr\u00e1nyi Erzs\u00e9bet<\/em>).<\/p>\n<p>Feh\u00e9r B\u00e9l\u00e1n\u00e9 \u00e9rt\u00e9kel\u00e9s\u00e9ben kiemelte, hogy nagyon sok j\u00f3 el\u0151ad\u00e1s k\u00f6z\u00fcl kellett kiemelni\u00fck a legjobbakat, \u00e9s mivel a kisebbek (\u00f3vod\u00e1sok \u00e9s 1-2. oszt\u00e1lyosok) k\u00e9tszer annyian voltak, mint a nagyobbak (3-5. oszt\u00e1lyosok), \u00edgy ezt a d\u00edjaz\u00e1sn\u00e1l is figyelembe vett\u00e9k. Apr\u00f3bb kritikai \u00e9szrev\u00e9telt is tett, miszerint &#8222;a kevesebb n\u00e9ha t\u00f6bb&#8221;, azaz a gyerekek n\u00e9ha m\u00e1r-m\u00e1r t\u00fals\u00e1gosan hossz\u00fa mes\u00e9t mondtak el, de erre is els\u0151sorban a felk\u00e9sz\u00edt\u0151nek kell odafigyelnie.<\/p>\n<p>Miut\u00e1n a gyerekek elmondt\u00e1k a saj\u00e1t mes\u00e9j\u00fcket, lehet\u0151s\u00e9g volt arra, hogy az eredm\u00e9nyhirdet\u00e9sig m\u00e1s elfoglalts\u00e1got tal\u00e1ljanak maguknak: a gyermekk\u00f6nyvt\u00e1rban k\u00f6nyvekkel \u00e9s j\u00e1t\u00e9kokkal, a f\u00f6ldszinten j\u00e1tsz\u00f3h\u00e1zzal v\u00e1rtuk a legkisebbeket, m\u00edg a nagyobbak az elad\u00f3 k\u00f6nyveink k\u00f6z\u00f6tt b\u00f6ng\u00e9szhettek.<\/p>\n<p>A versenyr\u0151l elk\u00e9peszt\u0151en sok fot\u00f3t k\u00e9sz\u00edtett\u00fcnk, amiket fel is t\u00f6lt\u00f6tt\u00fcnk <a href=\"https:\/\/plus.google.com\/photos\/115753013865007437721\/albums\/6157557575831410209?banner=pwa\">k\u00e9pt\u00e1runkba<\/a>. Csak akkor <a href=\"https:\/\/plus.google.com\/photos\/115753013865007437721\/albums\/6157557575831410209?banner=pwa\">kattintsatok ide<\/a>, ha t\u00e9nyleg sok id\u0151t\u00f6k van.<\/p>\n<p>K\u00f6sz\u00f6net a gyerekeknek, a felk\u00e9sz\u00edt\u0151 pedag\u00f3gusoknak \u00e9s a sz\u00fcl\u0151knek a sz\u00ednvonalas vet\u00e9lked\u00e9s\u00e9rt, v\u00e1runk vissza mindenkit 2016-ban is!<\/p>\n<p>Eredm\u00e9nyek:<\/p>\n<p><strong>I. korcsoport (\u00f3vod\u00e1sok \u00e9s az 1-2. \u00e9vfolyamosok)<\/strong><br \/>\n<strong>1. Ondrej\u00f3 Gerg\u0151<\/strong>, Jank\u00f3 J\u00e1nos \u00c1ltal\u00e1nos Iskola \u00e9s Gimn\u00e1zium T\u00f3tkoml\u00f3s felk\u00e9sz\u00edt\u0151 pedag\u00f3gus: Lehoczki Istv\u00e1nn\u00e9<br \/>\n<strong>2. B\u00e1nfi Botond Barnab\u00e1s<\/strong>, Orosh\u00e1zi Reform\u00e1tus K\u00e9t Tan\u00edt\u00e1si Nyelv\u0171 \u00c1ltal\u00e1nos Iskola, Orosh\u00e1za, felk\u00e9sz\u00edt\u0151 pedag\u00f3gus: Ferencsik Zolt\u00e1nn\u00e9<br \/>\n<strong>Buzai Br\u00fan\u00f3<\/strong>, Orosh\u00e1zi V\u00f6r\u00f6smarty Mih\u00e1ly \u00c1ltal\u00e1nos Iskola felk\u00e9sz\u00edt\u0151 pedag\u00f3gus: L\u0151rinczn\u00e9 B\u00e1lint Judit<br \/>\n<strong>3. Kvasznovszky Anna<\/strong>, Orosh\u00e1zi V\u00f6r\u00f6smarty Mih\u00e1ly \u00c1ltal\u00e1nos Iskola felk\u00e9sz\u00edt\u0151 pedag\u00f3gus: L\u0151rinczn\u00e9 B\u00e1lint Judit<br \/>\n<strong>Sz\u0171cs Let\u00edcia<\/strong>, OV\u00d6 Napk\u00f6ziotthonos \u00d3vod\u00e1ja, B\u00e1cska utcai Telephely felk\u00e9sz\u00edt\u0151: Enyedi J\u00f3zsefn\u00e9<br \/>\n<strong>K\u00fcl\u00f6nd\u00edj: Polg\u00e1r M\u00e1t\u00e9<\/strong> Orosh\u00e1zi V\u00f6r\u00f6smarty Mih\u00e1ly \u00c1ltal\u00e1nos Iskola Cs\u00e1nyi Judit \u00e9s Csernain\u00e9 Gabnai S\u00e1ra<br \/>\n<strong>K\u00fcl\u00f6nd\u00edj<\/strong>: Az Elekr\u0151l \u00e9rkezett testv\u00e9rp\u00e1r <strong>\u00c1rvai Fruzsina<\/strong> Dr. Mester Gy\u00f6rgy \u00c1ltal\u00e1nos Iskola Elek \u00e9s <strong>\u00c1rvai L\u00e1szl\u00f3<\/strong> \u00f3vod\u00e1s felk\u00e9sz\u00edt\u0151 tan\u00e1r: Lupn\u00e9 So\u00f3s T\u00fcnde<\/p>\n<p><strong>II. korcsoport (3- 4- 5. \u00e9vfolyamosok)<\/strong><br \/>\n<strong>1. T\u00f3th Liza<\/strong> Kisboldogasszony Katolikus \u00c1ltal\u00e1nos Iskola G\u00e1doros felk\u00e9sz\u00edt\u0151 pedag\u00f3gus: Szab\u00f3 Ibolya<br \/>\n<strong>2. K\u0151m\u0171ves Emese<\/strong> Ludas Matyi M\u0171vel\u0151d\u00e9si Egyes\u00fclet, Ludas felk\u00e9sz\u00edt\u0151<br \/>\npedag\u00f3gus Szab\u00f3 R\u00e9ka<br \/>\n<strong>K\u00fcl\u00f6nd\u00edj:<\/strong><br \/>\n<strong>Zalai Bernadett<\/strong>, Sz\u00e9k\u00e1cs J\u00f3zsef Evang\u00e9likus \u00d3voda, \u00c1ltal\u00e1nos Iskola \u00e9s Gimn\u00e1zium felk\u00e9sz\u00edt\u0151 pedag\u00f3gus: Ravaszn\u00e9 Horv\u00e1th Marianna<br \/>\n<strong>F\u00fcl\u00f6p Dorottya D\u00f3ra<\/strong>, Sz\u00e9k\u00e1cs J\u00f3zsef Evang\u00e9likus \u00c1ltal\u00e1nos Iskola \u00e9s Gimn\u00e1zium felk\u00e9sz\u00edt\u0151je F\u00fcl\u00f6p Attila Csaba<br \/>\n<strong>K\u00fcl\u00f6nd\u00edj<\/strong> az orosh\u00e1zi Nagycsal\u00e1dosok Egyes\u00fclet\u00e9t\u0151l <strong>K\u0151m\u0171ves Emese <\/strong>\u00e9s<strong> Szalai Kitti<\/strong> Ludas Matyi M\u0171vel\u0151d\u00e9si Egyes\u00fclet Ludas Mesemond\u00f3 Szakcsoport<\/p>\n<p>Aj\u00e1nd\u00e9kot kaptak a <strong>felk\u00e9sz\u00edt\u0151 pedag\u00f3gusok<\/strong> k\u00f6z\u00fcl n\u00e9h\u00e1nyan akik m\u00e1r hossz\u00fa \u00e9vek \u00f3ta hoznak gyerekeket a versenyre.<br \/>\n<strong>L\u0151rinczn\u00e9 B\u00e1lint Judit, Cs\u00e1nyi Judit <\/strong>\u00e9s<strong> Csernain\u00e9 Gabnai S\u00e1ra<\/strong> Orosh\u00e1zi V\u00f6r\u00f6smarty Mih\u00e1ly \u00c1ltal\u00e1nos Iskola<br \/>\n<strong>Ferencsik Zolt\u00e1nn<\/strong> Orosh\u00e1zi Reform\u00e1tus K\u00e9t Tan\u00edt\u00e1si Nyelv\u0171 \u00c1ltal\u00e1nos Iskola<br \/>\n<strong>Ravaszn\u00e9 Horv\u00e1th Marianna<\/strong> Sz\u00e9k\u00e1cs J\u00f3zsef Evang\u00e9likus \u00d3voda, \u00c1ltal\u00e1nos Iskola \u00e9s Gimn\u00e1zium<br \/>\n<strong>Szab\u00f3 R\u00e9ka<\/strong> Ludas Matyi M\u0171vel\u0151d\u00e9si Egyes\u00fclet Ludas<br \/>\n<strong>Lupn\u00e9 So\u00f3s T\u00fcnde<\/strong> Dr. Mester Gy\u00f6rgy \u00c1ltal\u00e1nos Iskola. Lehoczki Istv\u00e1nn\u00e9 Jank\u00f3 J\u00e1nos \u00c1ltal\u00e1nos Iskola \u00e9s Gimn\u00e1zium T\u00f3tkoml\u00f3s N\u00e1csa Judit Orosh\u00e1zi Reform\u00e1tus K\u00e9t Tan\u00edt\u00e1si Nyelv\u0171 \u00c1ltal\u00e1nos Iskola<\/p>\n<p><strong>Szervez\u0151k \u00e9s t\u00e1mogat\u00f3k<\/strong>:\u00a0<a href=\"http:\/\/www.pmk.oroshaza.hu\/\">Pet\u0151fi M\u0171vel\u0151d\u00e9si\u00a0K\u00f6zpont<\/a>, <a href=\"http:\/\/www.kcssz.hu\/partner\/nagycsaladosok-egyesulete-oroshaza?subSiteId=1\">Nagycsal\u00e1dosok\u00a0Egyes\u00fclete Orosh\u00e1za<\/a>,\u00a0<a href=\"http:\/\/www.oroshaza.hu\/\">Orosh\u00e1za V\u00e1ros\u00a0\u00d6nkorm\u00e1nyzata<\/a>,\u00a0<a href=\"http:\/\/gyoparosfurdo-oroshaza.hu\/\">Orosh\u00e1za\u00a0Gyop\u00e1rosf\u00fcrd\u0151<\/a>,\u00a0<a href=\"http:\/\/www.pedagogusegyesulet.weblapmagus.hu\/\">Nyugd\u00edjas Pedag\u00f3gusok\u00a0Orosh\u00e1zi Egyes\u00fclete<\/a>,\u00a0<a href=\"http:\/\/www.nmi.hu\/\">Nemzeti M\u0171vel\u0151d\u00e9si Int\u00e9zet<\/a>,\u00a0<a href=\"http:\/\/heliosalapitvany.blogspot.hu\/\">Helios Alap\u00edtv\u00e1ny Orosh\u00e1za<\/a>, <a href=\"http:\/\/www.bekesmegye.hu\/\">B\u00e9k\u00e9s Megyei \u00d6nkorm\u00e1nyzat<\/a>,\u00a0<a href=\"https:\/\/www.justhvk.hu\/\">Justh Zsigmond\u00a0V\u00e1rosi K\u00f6nyvt\u00e1r<\/a><\/p>\n<p style=\"text-align: center;\"><a href=\"https:\/\/plus.google.com\/photos\/115753013865007437721\/albums\/6157557575831410209?banner=pwa\"><img loading=\"lazy\" decoding=\"async\" class=\"aligncenter  wp-image-10605\" alt=\"ondrejo_gergo\" src=\"https:\/\/www.justhvk.hu\/blog\/wp-content\/uploads\/2015\/06\/ondrejo_gergo.jpg\" width=\"625\" height=\"352\" \/><\/a><\/p>\n<div class=\"fcbkbttn_buttons_block\" id=\"fcbkbttn_left\"><div class=\"fcbkbttn_like \"><fb:like href=\"https:\/\/blog.justhvk.hu\/blog\/totkomlosi-es-gadorosi-mesemondok-az-elen\/\" action=\"like\" colorscheme=\"light\" layout=\"button_count\"  size=\"small\"><\/fb:like><\/div><div class=\"fb-share-button  \" data-href=\"https:\/\/blog.justhvk.hu\/blog\/totkomlosi-es-gadorosi-mesemondok-az-elen\/\" data-type=\"button_count\" data-size=\"small\"><\/div><\/div>","protected":false},"excerpt":{"rendered":"<p>K\u00e9t korcsoportban 34 fantasztikus gyermek l\u00e9pett a vil\u00e1got jelent\u0151 k\u00f6rdobog\u00f3ra szombaton, a k\u00f6nyvt\u00e1r olvas\u00f3term\u00e9ben a X. Gyop\u00e1rka T\u00fcnd\u00e9r mesemond\u00f3 versenyen. A vet\u00e9lked\u00e9st egy gyakorl\u00f3 apuka, a B\u00e9k\u00e9s Megyei \u00d6nkorm\u00e1nyzat eln\u00f6ke, Zalai Mih\u00e1ly nyitotta meg, aki nem csak a mes\u00e9k var\u00e1zslatos vil\u00e1g\u00e1r\u00f3l besz\u00e9lt, de arr\u00f3l is, mi\u00e9rt hasznos, ha valaki sok mes\u00e9t ismer. Alighanem a versenyt [&hellip;]<\/p>\n","protected":false},"author":5,"featured_media":10604,"comment_status":"open","ping_status":"open","sticky":false,"template":"","format":"standard","meta":{"episode_type":"","audio_file":"","cover_image":"","cover_image_id":"","duration":"","filesize":"","date_recorded":"","explicit":"","block":"","filesize_raw":"","ngg_post_thumbnail":0,"footnotes":""},"categories":[191,243,255,388,452],"tags":[],"class_list":["post-10600","post","type-post","status-publish","format-standard","has-post-thumbnail","hentry","category-gyoparka-tunder","category-jatek","category-justh-zsigmond-varosi-konyvtar","category-mesemondo-verseny","category-oroshaza"],"_links":{"self":[{"href":"https:\/\/blog.justhvk.hu\/blog\/wp-json\/wp\/v2\/posts\/10600","targetHints":{"allow":["GET"]}}],"collection":[{"href":"https:\/\/blog.justhvk.hu\/blog\/wp-json\/wp\/v2\/posts"}],"about":[{"href":"https:\/\/blog.justhvk.hu\/blog\/wp-json\/wp\/v2\/types\/post"}],"author":[{"embeddable":true,"href":"https:\/\/blog.justhvk.hu\/blog\/wp-json\/wp\/v2\/users\/5"}],"replies":[{"embeddable":true,"href":"https:\/\/blog.justhvk.hu\/blog\/wp-json\/wp\/v2\/comments?post=10600"}],"version-history":[{"count":7,"href":"https:\/\/blog.justhvk.hu\/blog\/wp-json\/wp\/v2\/posts\/10600\/revisions"}],"predecessor-version":[{"id":10611,"href":"https:\/\/blog.justhvk.hu\/blog\/wp-json\/wp\/v2\/posts\/10600\/revisions\/10611"}],"wp:featuredmedia":[{"embeddable":true,"href":"https:\/\/blog.justhvk.hu\/blog\/wp-json\/wp\/v2\/media\/10604"}],"wp:attachment":[{"href":"https:\/\/blog.justhvk.hu\/blog\/wp-json\/wp\/v2\/media?parent=10600"}],"wp:term":[{"taxonomy":"category","embeddable":true,"href":"https:\/\/blog.justhvk.hu\/blog\/wp-json\/wp\/v2\/categories?post=10600"},{"taxonomy":"post_tag","embeddable":true,"href":"https:\/\/blog.justhvk.hu\/blog\/wp-json\/wp\/v2\/tags?post=10600"}],"curies":[{"name":"wp","href":"https:\/\/api.w.org\/{rel}","templated":true}]}}