{"id":10626,"date":"2015-06-09T10:38:51","date_gmt":"2015-06-09T10:38:51","guid":{"rendered":"https:\/\/www.justhvk.hu\/blog\/?p=10626"},"modified":"2015-06-09T10:39:02","modified_gmt":"2015-06-09T10:39:02","slug":"10626","status":"publish","type":"post","link":"https:\/\/blog.justhvk.hu\/blog\/10626\/","title":{"rendered":"J\u00faniusi Aranyalma"},"content":{"rendered":"<p><em>K\u00f6nyves T\u00f3th T\u00fcnde<\/em> kineziol\u00f3gus ism\u00e9t \u00edrt az Aranyalma klub szombati tal\u00e1lkoz\u00f3j\u00e1r\u00f3l a blogj\u00e1n, amit mi ism\u00e9t ut\u00e1nk\u00f6zl\u00fcnk, hogy az is elj\u00f6jj\u00f6n legk\u00f6zelebb, aki most nem j\u00f6tt el.<\/p>\n<blockquote><p>Ma d\u00e9lut\u00e1n a k\u00f6z\u0150Ss\u00e9gr\u0151l, a csal\u00e1dr\u00f3l, l\u00e9lekcsal\u00e1dokr\u00f3l, szeretetr\u0151l, \u00e9s a szerelmetess\u00e9gr\u0151l besz\u00e9lgett\u00fcnk. Az \u00e1ltalam elmondott gondolat\u00e9breszt\u0151, bevezet\u0151 ut\u00e1n \u00e9l\u00e9nk besz\u00e9lget\u00e9s alakult ki antropoz\u00f3fusunk B\u00e9la, \u00e9s Pist k\u00f6z\u00f6tt, aki a magyars\u00e1gr\u00f3l, az \u0151si nyelvr\u0151l \u00e9s a r\u00e9gi k\u00f6z\u00f6ss\u00e9gr\u0151l mes\u00e9lt nek\u00fcnk. A saj\u00e1t k\u00f6z\u00f6ss\u00e9g\u00fcnk, az Aranyalma c\u00e9lj\u00e1r\u00f3l \u00e9s az \u00e9let\u00fcnkben bet\u00f6lt\u00f6tt szerep\u00e9r\u0151l is sz\u00f3 ker\u00fclt. Nagyon j\u00f3, szeretetteljes\u00a0hangulatban telt ez a k\u00e9t \u00f3ra, egy\u00fctt &#8222;rezgett&#8221; a csapat minden tagja. :-) A k\u00f6vetkez\u0151 tal\u00e1lkoz\u00f3t 2015. j\u00falius 5-\u00e9n vas\u00e1rnap tartjuk, ami egy kicsit laz\u00e1bb hangulatban, szalonnas\u00fct\u00e9ssel, kikapcsol\u00f3d\u00e1ssal t\u00f6lt\u00fcnk. :-) Hiszen nemcsak a spiritualit\u00e1s \u00e9rdekl\u0151d\u00e9s, hanem a bar\u00e1ts\u00e1g is \u00f6sszek\u00f6t benn\u00fcnket. A r\u00e9szletekkel k\u00e9s\u0151bb jelentkezem&#8230;<\/p><\/blockquote>\n<p style=\"text-align: left;\">Forr\u00e1s:\u00a0<a href=\"http:\/\/leleksimogato.webnode.hu\/news\/aranyalma-2015-06-06\/\">http:\/\/leleksimogato.webnode.hu\/news\/aranyalma-2015-06-06\/<\/a>)<\/p>\n<div class=\"fcbkbttn_buttons_block\" id=\"fcbkbttn_left\"><div class=\"fcbkbttn_like \"><fb:like href=\"https:\/\/blog.justhvk.hu\/blog\/10626\/\" action=\"like\" colorscheme=\"light\" layout=\"button_count\"  size=\"small\"><\/fb:like><\/div><div class=\"fb-share-button  \" data-href=\"https:\/\/blog.justhvk.hu\/blog\/10626\/\" data-type=\"button_count\" data-size=\"small\"><\/div><\/div>","protected":false},"excerpt":{"rendered":"<p>K\u00f6nyves T\u00f3th T\u00fcnde kineziol\u00f3gus ism\u00e9t \u00edrt az Aranyalma klub szombati tal\u00e1lkoz\u00f3j\u00e1r\u00f3l a blogj\u00e1n, amit mi ism\u00e9t ut\u00e1nk\u00f6zl\u00fcnk, hogy az is elj\u00f6jj\u00f6n legk\u00f6zelebb, aki most nem j\u00f6tt el. Ma d\u00e9lut\u00e1n a k\u00f6z\u0150Ss\u00e9gr\u0151l, a csal\u00e1dr\u00f3l, l\u00e9lekcsal\u00e1dokr\u00f3l, szeretetr\u0151l, \u00e9s a szerelmetess\u00e9gr\u0151l besz\u00e9lgett\u00fcnk. Az \u00e1ltalam elmondott gondolat\u00e9breszt\u0151, bevezet\u0151 ut\u00e1n \u00e9l\u00e9nk besz\u00e9lget\u00e9s alakult ki antropoz\u00f3fusunk B\u00e9la, \u00e9s Pist k\u00f6z\u00f6tt, aki [&hellip;]<\/p>\n","protected":false},"author":5,"featured_media":10627,"comment_status":"open","ping_status":"open","sticky":false,"template":"","format":"standard","meta":{"episode_type":"","audio_file":"","cover_image":"","cover_image_id":"","duration":"","filesize":"","date_recorded":"","explicit":"","block":"","filesize_raw":"","ngg_post_thumbnail":0,"footnotes":""},"categories":[743,255,452,515],"tags":[],"class_list":["post-10626","post","type-post","status-publish","format-standard","has-post-thumbnail","hentry","category-aranyalma-klub","category-justh-zsigmond-varosi-konyvtar","category-oroshaza","category-rolunk_irtak"],"_links":{"self":[{"href":"https:\/\/blog.justhvk.hu\/blog\/wp-json\/wp\/v2\/posts\/10626","targetHints":{"allow":["GET"]}}],"collection":[{"href":"https:\/\/blog.justhvk.hu\/blog\/wp-json\/wp\/v2\/posts"}],"about":[{"href":"https:\/\/blog.justhvk.hu\/blog\/wp-json\/wp\/v2\/types\/post"}],"author":[{"embeddable":true,"href":"https:\/\/blog.justhvk.hu\/blog\/wp-json\/wp\/v2\/users\/5"}],"replies":[{"embeddable":true,"href":"https:\/\/blog.justhvk.hu\/blog\/wp-json\/wp\/v2\/comments?post=10626"}],"version-history":[{"count":2,"href":"https:\/\/blog.justhvk.hu\/blog\/wp-json\/wp\/v2\/posts\/10626\/revisions"}],"predecessor-version":[{"id":10629,"href":"https:\/\/blog.justhvk.hu\/blog\/wp-json\/wp\/v2\/posts\/10626\/revisions\/10629"}],"wp:featuredmedia":[{"embeddable":true,"href":"https:\/\/blog.justhvk.hu\/blog\/wp-json\/wp\/v2\/media\/10627"}],"wp:attachment":[{"href":"https:\/\/blog.justhvk.hu\/blog\/wp-json\/wp\/v2\/media?parent=10626"}],"wp:term":[{"taxonomy":"category","embeddable":true,"href":"https:\/\/blog.justhvk.hu\/blog\/wp-json\/wp\/v2\/categories?post=10626"},{"taxonomy":"post_tag","embeddable":true,"href":"https:\/\/blog.justhvk.hu\/blog\/wp-json\/wp\/v2\/tags?post=10626"}],"curies":[{"name":"wp","href":"https:\/\/api.w.org\/{rel}","templated":true}]}}