{"id":10651,"date":"2015-06-22T08:29:30","date_gmt":"2015-06-22T08:29:30","guid":{"rendered":"https:\/\/www.justhvk.hu\/blog\/?p=10651"},"modified":"2015-06-23T07:44:33","modified_gmt":"2015-06-23T07:44:33","slug":"a-szep-gondolatokat-es-a-jo-szalonnazasokat-sohasem-szabad-feladni","status":"publish","type":"post","link":"https:\/\/blog.justhvk.hu\/blog\/a-szep-gondolatokat-es-a-jo-szalonnazasokat-sohasem-szabad-feladni\/","title":{"rendered":"&#8222;A sz\u00e9p gondolatokat \u00e9s a j\u00f3 szalonn\u00e1z\u00e1sokat sohasem szabad feledni&#8221;"},"content":{"rendered":"<p><em>Veraszt\u00f3 Antal<\/em> munk\u00e1ss\u00e1ga volt az olvas\u00f3k\u00f6r sz\u00fcnet el\u0151tti utols\u00f3 \u00f6sszej\u00f6vetel\u00e9nek t\u00e9m\u00e1ja. \u0150t v\u00e1lasztottuk, ilyen m\u00f3don is kifejezve tisztelet\u00fcnket a 2015. \u00e9v <em>Orosh\u00e1za V\u00e1ros\u00e9rt d\u00edj<\/em> \u00e9s az ez \u00e9vi <em>Horv\u00e1th-Hoitsy Edit irodalmi m\u0171v\u00e9szeti d\u00edj<\/em> elnyer\u00e9s\u00e9\u00e9rt.<\/p>\n<p>Az id\u00e9zet Veraszt\u00f3 Antalt\u00f3l val\u00f3, \u00e9s j\u00f3l kifejezi \u2013 ha egy kicsit metaforikusan is \u2013 az \u0151 alkot\u00f3i munk\u00e1ss\u00e1g\u00e1t, t\u00e9m\u00e1it, eg\u00e9sz \u00e9letszeml\u00e9let\u00e9t. A sz\u00e9p gondolatot sz\u00e9p alkot\u00e1sokban meg\u00f6r\u00f6k\u00edt\u0151 k\u00f6lt\u0151t \u00e9s pr\u00f3za\u00edr\u00f3t, aki mindig a val\u00f3s\u00e1g talaj\u00e1n \u00e1ll, aki sz\u00e1m\u00e1ra az egyszer\u0171 \u00e9letek, a sz\u00fcl\u0151f\u00f6ldje m\u00faltja, hagyom\u00e1nyai a leg\u00e9rdekesebbek, legizgalmasabbak, akinek ez a vil\u00e1g adja az ihletet, a kutat\u00f3i t\u00e9m\u00e1t. Munk\u00e1ss\u00e1g\u00e1t h\u00e1rom nagy t\u00e9ma k\u00f6r\u00e9 csoportos\u00edtva ismert\u00fck meg: a k\u00f6lt\u0151, a helyt\u00f6rt\u00e9n\u00e9sz-kutat\u00f3, a pr\u00f3za\u00edr\u00f3. Verseib\u0151l <em>Munk\u00e1csi Istv\u00e1nn\u00e9<\/em> v\u00e1logatott \u2013 az \u00datbaigaz\u00edt\u00f3, az Ap\u00e1m titkai, a N\u00e9vnapodon, a V\u00e1r\u00f3terem a vil\u00e1g c\u00edm\u0171 versek a k\u00f6lt\u0151 t\u00e9magazdags\u00e1g\u00e1t is j\u00f3l megjelen\u00edtett\u00e9k. A helyt\u00f6rt\u00e9n\u00e9sz Veraszt\u00f3 Antalt <em>Vet\u00e9sin\u00e9 Petr\u00e1nyi Erzs\u00e9bet<\/em> mutatta be. K\u00fcl\u00f6n\u00f6sen a Th\u00e9k Endre munk\u00e1ss\u00e1g\u00e1t bemutat\u00f3 monogr\u00e1fia forr\u00e1s \u00e9rt\u00e9k\u0171, de pl. a \u201eM\u00f3ringk\u00f6nyv\u201d egyedi, \u00e9rdekes t\u00e9m\u00e1t j\u00e1r k\u00f6r\u00fcl.<\/p>\n<p>Az eddig megjelent 23 k\u00f6tetb\u0151l az utols\u00f3, a V\u00e1ndor\u00faton, novell\u00e1sk\u00f6tet. K\u00e9t \u00edr\u00e1st, Az arcok m\u00f6g\u00f6tti t\u00f6rt\u00e9netekb\u0151l P\u00e9tert, \u00e9s a Kaland c\u00edm\u0171t hallgattuk meg.<\/p>\n<p style=\"text-align: center;\"><a href=\"https:\/\/picasaweb.google.com\/115753013865007437721\/Olvasokor2015Junius10#6160954715838903506\"><img loading=\"lazy\" decoding=\"async\" class=\"aligncenter size-full wp-image-10652\" alt=\"IMG_20150610_163024\" src=\"https:\/\/www.justhvk.hu\/blog\/wp-content\/uploads\/2015\/06\/IMG_20150610_163024.jpg\" width=\"800\" height=\"450\" \/><\/a><\/p>\n<p>Megtiszteltet\u00e9s, hogy az \u00edr\u00f3 elfogadta megh\u00edv\u00e1sunkat, \u00e9s jelen volt ezen az \u00f6sszej\u00f6vetel\u00fcnk\u00f6n. S\u0151t, val\u00f3sz\u00edn\u0171, j\u00f3l \u00e9rezte mag\u00e1t n\u00e1lunk, mert megosztotta vel\u00fcnk gondolatait, mes\u00e9lt, anekdot\u00e1zott \u2013 \u00e9s mi estig hallgattuk volna \u0151t, \u00edzes t\u00f6rt\u00e9neteit.<\/p>\n<p>A d\u00e9lut\u00e1nnak azonban m\u00e1sik t\u00e9m\u00e1ja is volt \u2013 az \u00fcnnepi k\u00f6nyvh\u00e9tr\u0151l \u00e9s gyermekk\u00f6nyvh\u00e9tr\u0151l valamint a pedag\u00f3gusnapr\u00f3l eml\u00e9kezt\u00fcnk meg \u2013 rendhagy\u00f3 m\u00f3don. A k\u00f6r tagjainak kisgyerekei, unok\u00e1i \u2013 <em>Buzai Br\u00fan\u00f3, Buzai Dorka, Kvasznovszky Anna, Laurovics Anita, L\u00e1z\u00e1r Edina<\/em> \u00e9s <em>T\u00f3tok Imola<\/em> mondtak verset, adtak el\u0151 zenesz\u00e1mot.<\/p>\n<p style=\"text-align: center;\" align=\"justify\"><a href=\"https:\/\/picasaweb.google.com\/115753013865007437721\/Olvasokor2015Junius10#6160955222333389506\"><img loading=\"lazy\" decoding=\"async\" class=\"aligncenter size-full wp-image-10653\" title=\"https:\/\/picasaweb.google.com\/115753013865007437721\/Olvasokor2015Junius10#6160955222333389506\" alt=\"P1011517\" src=\"https:\/\/www.justhvk.hu\/blog\/wp-content\/uploads\/2015\/06\/P1011517.jpg\" width=\"640\" height=\"480\" \/><\/a><\/p>\n<p>A gyerekeket a Nyugd\u00edjas Pedag\u00f3gusok Egyes\u00fclete aj\u00e1nd\u00e9kkal (pl\u00fcss bagoly \u2013 elv\u00e9gre k\u00f6nyvt\u00e1rban, olvas\u00f3k\u00f6rben vagyunk!) lepte meg, a gyerekk\u00f6nyvt\u00e1rosok pedig k\u00e9zm\u0171ves foglakoz\u00e1ssal kedveskedtek nekik, am\u00edg a feln\u0151ttek a Veraszt\u00f3 Antal programon vettek r\u00e9szt.<\/p>\n<p>A szok\u00e1sosn\u00e1l hosszabbra ny\u00falt ez a d\u00e9lut\u00e1n \u2013 de hogy a szalonn\u00e1n\u00e1l maradjunk, elmondhatjuk, hogy Pet\u0151fi Debrecenre \u00edrott sorai a mi k\u00f6z\u00f6ss\u00e9g\u00fcnkre egy\u00e1ltal\u00e1n nem jellemz\u0151ek! \u201eMennyi szalonna, menyi h\u00edzott diszn\u00f3 van itt! a szellem m\u00e9gis oly sov\u00e1ny, hogy csak \u00fagy cs\u00f6r\u00f6g a bord\u00e1ja\u201d \/Pet\u0151fi S\u00e1ndor: \u00dati levelek\/<\/p>\n<p align=\"justify\">\n<div class=\"fcbkbttn_buttons_block\" id=\"fcbkbttn_left\"><div class=\"fcbkbttn_like \"><fb:like href=\"https:\/\/blog.justhvk.hu\/blog\/a-szep-gondolatokat-es-a-jo-szalonnazasokat-sohasem-szabad-feladni\/\" action=\"like\" colorscheme=\"light\" layout=\"button_count\"  size=\"small\"><\/fb:like><\/div><div class=\"fb-share-button  \" data-href=\"https:\/\/blog.justhvk.hu\/blog\/a-szep-gondolatokat-es-a-jo-szalonnazasokat-sohasem-szabad-feladni\/\" data-type=\"button_count\" data-size=\"small\"><\/div><\/div>","protected":false},"excerpt":{"rendered":"<p>Veraszt\u00f3 Antal munk\u00e1ss\u00e1ga volt az olvas\u00f3k\u00f6r sz\u00fcnet el\u0151tti utols\u00f3 \u00f6sszej\u00f6vetel\u00e9nek t\u00e9m\u00e1ja. \u0150t v\u00e1lasztottuk, ilyen m\u00f3don is kifejezve tisztelet\u00fcnket a 2015. \u00e9v Orosh\u00e1za V\u00e1ros\u00e9rt d\u00edj \u00e9s az ez \u00e9vi Horv\u00e1th-Hoitsy Edit irodalmi m\u0171v\u00e9szeti d\u00edj elnyer\u00e9s\u00e9\u00e9rt. Az id\u00e9zet Veraszt\u00f3 Antalt\u00f3l val\u00f3, \u00e9s j\u00f3l kifejezi \u2013 ha egy kicsit metaforikusan is \u2013 az \u0151 alkot\u00f3i munk\u00e1ss\u00e1g\u00e1t, t\u00e9m\u00e1it, eg\u00e9sz [&hellip;]<\/p>\n","protected":false},"author":10,"featured_media":0,"comment_status":"open","ping_status":"open","sticky":false,"template":"","format":"standard","meta":{"episode_type":"","audio_file":"","cover_image":"","cover_image_id":"","duration":"","filesize":"","date_recorded":"","explicit":"","block":"","filesize_raw":"","ngg_post_thumbnail":0,"footnotes":""},"categories":[664,255,431,441,452],"tags":[],"class_list":["post-10651","post","type-post","status-publish","format-standard","hentry","category-justh-zsigmond-olvasokor","category-justh-zsigmond-varosi-konyvtar","category-nyugdijas-pedagogusok-justh-zsigmond-olvasokore","category-olvasokorok","category-oroshaza"],"_links":{"self":[{"href":"https:\/\/blog.justhvk.hu\/blog\/wp-json\/wp\/v2\/posts\/10651","targetHints":{"allow":["GET"]}}],"collection":[{"href":"https:\/\/blog.justhvk.hu\/blog\/wp-json\/wp\/v2\/posts"}],"about":[{"href":"https:\/\/blog.justhvk.hu\/blog\/wp-json\/wp\/v2\/types\/post"}],"author":[{"embeddable":true,"href":"https:\/\/blog.justhvk.hu\/blog\/wp-json\/wp\/v2\/users\/10"}],"replies":[{"embeddable":true,"href":"https:\/\/blog.justhvk.hu\/blog\/wp-json\/wp\/v2\/comments?post=10651"}],"version-history":[{"count":7,"href":"https:\/\/blog.justhvk.hu\/blog\/wp-json\/wp\/v2\/posts\/10651\/revisions"}],"predecessor-version":[{"id":10660,"href":"https:\/\/blog.justhvk.hu\/blog\/wp-json\/wp\/v2\/posts\/10651\/revisions\/10660"}],"wp:attachment":[{"href":"https:\/\/blog.justhvk.hu\/blog\/wp-json\/wp\/v2\/media?parent=10651"}],"wp:term":[{"taxonomy":"category","embeddable":true,"href":"https:\/\/blog.justhvk.hu\/blog\/wp-json\/wp\/v2\/categories?post=10651"},{"taxonomy":"post_tag","embeddable":true,"href":"https:\/\/blog.justhvk.hu\/blog\/wp-json\/wp\/v2\/tags?post=10651"}],"curies":[{"name":"wp","href":"https:\/\/api.w.org\/{rel}","templated":true}]}}