{"id":10956,"date":"2015-12-15T11:09:15","date_gmt":"2015-12-15T11:09:15","guid":{"rendered":"https:\/\/www.justhvk.hu\/blog\/?p=10956"},"modified":"2015-12-15T11:09:56","modified_gmt":"2015-12-15T11:09:56","slug":"harom-eves-a-nyugdijas-pedagogusok-justh-zsigmond-olvasokore","status":"publish","type":"post","link":"https:\/\/blog.justhvk.hu\/blog\/harom-eves-a-nyugdijas-pedagogusok-justh-zsigmond-olvasokore\/","title":{"rendered":"H\u00e1rom \u00e9ves a Nyugd\u00edjas pedag\u00f3gusok Justh Zsigmond olvas\u00f3k\u00f6re"},"content":{"rendered":"<p>Kar\u00e1csonyi ter\u00edt\u0151, adventi asztali d\u00edsz, s\u00fctem\u00e9ny- \u00e9s teaillat, sz\u00fclet\u00e9snapi gyerty\u00e1k. A k\u00fcls\u0151s\u00e9gek is jelezt\u00e9k, hogy \u00fcnnepi \u00f6sszej\u00f6vetelre \u00e9rkeztek az olvas\u00f3k\u00f6r tagjai decemberi \u00f6sszej\u00f6vetel\u00fcnkre.<\/p>\n<p>\u00dcnnepelt\u00fcnk, mert 2012. okt\u00f3ber\u00e9ben alakult meg az olvas\u00f3k\u00f6r, az\u00f3ta \u00e9ppen 33. alkalommal gy\u0171lt\u00fcnk \u00f6ssze. \u00c9s mit k\u00edv\u00e1ntunk, amikor a sz\u00fclet\u00e9snapi gyerty\u00e1t elf\u00fajtuk? Azt, hogy m\u00e9g legal\u00e1bb 33 \u00e9vig maradjunk egy\u00fctt, legyen mondanival\u00f3nk egym\u00e1snak, \u00e9rezz\u00fck j\u00f3l magunkat egym\u00e1s t\u00e1rsas\u00e1g\u00e1ban. De eredm\u00e9nyes m\u0171k\u00f6d\u00e9st k\u00edv\u00e1ntunk a k\u00e9t f\u0151 t\u00e1mogat\u00f3nknak: a Nyugd\u00edjas Pedag\u00f3gusok Orosh\u00e1zi Egyes\u00fclet\u00e9nek \u00e9s a Justh Zsigmond V\u00e1rosi K\u00f6nyvt\u00e1rnak is.<\/p>\n<p>Az est f\u0151 t\u00e9m\u00e1ja a t\u00e9li \u00fcnnepk\u00f6r, az orosh\u00e1zi n\u00e9pszok\u00e1sok volt. Az advent, a kar\u00e1csony \u2013 \u00f6r\u00f6k t\u00e9ma az irodalomban \u00e9s a n\u00e9phagyom\u00e1nyok k\u00f6r\u00e9ben is tal\u00e1n a t\u00e9li \u00fcnnepk\u00f6r a leggazdagabb.<\/p>\n<p>A szeretetr\u0151l, a kar\u00e1csonyr\u00f3l k\u00e9t kev\u00e9sb\u00e9 ismert, \u00e1m nagyon sz\u00e9p verset &#8211; Dutka \u00c1kos: Kar\u00e1csony \u00e9s K\u00e1lnay Ad\u00e9l: K\u00e9rd\u00e9s &#8211; hallgattunk meg. Majd a legr\u00e9gebbi n\u00e9pszok\u00e1sok k\u00f6z\u00e9 tartoz\u00f3 reg\u00f6l\u00e9s k\u00f6vetkezett. Ismer\u0151sen csengtek a &#8222;hej reg\u00f6 rejtem, reg\u00f6 rejtem&#8230;&#8221; var\u00e1zslatos sorai. Amikor az orosh\u00e1zi szok\u00e1sokat vett\u00fck sz\u00e1mba, akkor t\u00f6bbek a saj\u00e1t \u00e9lm\u00e9nyeiket id\u00e9zt\u00e9k f\u00f6l \u2013 \u00edzesen, j\u00f3kedv\u0171en \u2013 \u00e9s egy kicsit nosztalgikusan is, hiszen kev\u00e9s \u00e9l ma m\u00e1r ezekb\u0151l a szok\u00e1sokb\u00f3l. De volt, aki \u00f6sszegy\u0171jt\u00f6tte, lejegyezte, meg\u0151rizte az ut\u00f3kornak mindezt \u2013 Beck Zolt\u00e1n orosh\u00e1zi n\u00e9prajzkutat\u00f3. R\u00e1 is eml\u00e9kezt\u00fcnk.<\/p>\n<p>K\u00f6vetkez\u0151 tal\u00e1lkoz\u00e1sunk pedig r\u00e9szben folytat\u00e1s is, hiszen m\u00fazeumunk n\u00e9vad\u00f3ja, Nagy Gyula lesz a t\u00e9ma. Mert hissz\u00fck, amit Ipoly Arnold \u00edgy fogalmazott meg: &#8222;\u0150rizz\u00fck eml\u00e9keinket, gy\u0171jts\u00fck \u00f6ssze t\u00f6red\u00e9keinket, nehogy v\u00e9gleg elvesszenek, s ez\u00e1ltal is \u00fcresebb legyen a m\u00falt, szer\u00e9nyebb a jelen, s k\u00e9tesebb a j\u00f6v\u0151.&#8221;<\/p>\n<p>Tov\u00e1bbi fot\u00f3k\u00e9rt kattints a k\u00e9pre:<\/p>\n<p style=\"text-align: center;\"><a href=\"https:\/\/goo.gl\/photos\/98W1zZTvG32qK9mG6\"><img loading=\"lazy\" decoding=\"async\" class=\"aligncenter size-full wp-image-10957\" alt=\"olvasokor_20151209\" src=\"https:\/\/www.justhvk.hu\/blog\/wp-content\/uploads\/2015\/12\/olvasokor_20151209.jpg\" width=\"1666\" height=\"937\" \/><\/a><\/p>\n<div class=\"fcbkbttn_buttons_block\" id=\"fcbkbttn_left\"><div class=\"fcbkbttn_like \"><fb:like href=\"https:\/\/blog.justhvk.hu\/blog\/harom-eves-a-nyugdijas-pedagogusok-justh-zsigmond-olvasokore\/\" action=\"like\" colorscheme=\"light\" layout=\"button_count\"  size=\"small\"><\/fb:like><\/div><div class=\"fb-share-button  \" data-href=\"https:\/\/blog.justhvk.hu\/blog\/harom-eves-a-nyugdijas-pedagogusok-justh-zsigmond-olvasokore\/\" data-type=\"button_count\" data-size=\"small\"><\/div><\/div>","protected":false},"excerpt":{"rendered":"<p>Kar\u00e1csonyi ter\u00edt\u0151, adventi asztali d\u00edsz, s\u00fctem\u00e9ny- \u00e9s teaillat, sz\u00fclet\u00e9snapi gyerty\u00e1k. A k\u00fcls\u0151s\u00e9gek is jelezt\u00e9k, hogy \u00fcnnepi \u00f6sszej\u00f6vetelre \u00e9rkeztek az olvas\u00f3k\u00f6r tagjai decemberi \u00f6sszej\u00f6vetel\u00fcnkre. \u00dcnnepelt\u00fcnk, mert 2012. okt\u00f3ber\u00e9ben alakult meg az olvas\u00f3k\u00f6r, az\u00f3ta \u00e9ppen 33. alkalommal gy\u0171lt\u00fcnk \u00f6ssze. \u00c9s mit k\u00edv\u00e1ntunk, amikor a sz\u00fclet\u00e9snapi gyerty\u00e1t elf\u00fajtuk? Azt, hogy m\u00e9g legal\u00e1bb 33 \u00e9vig maradjunk egy\u00fctt, legyen mondanival\u00f3nk [&hellip;]<\/p>\n","protected":false},"author":10,"featured_media":0,"comment_status":"open","ping_status":"open","sticky":false,"template":"","format":"standard","meta":{"episode_type":"","audio_file":"","cover_image":"","cover_image_id":"","duration":"","filesize":"","date_recorded":"","explicit":"","block":"","filesize_raw":"","ngg_post_thumbnail":0,"footnotes":""},"categories":[664,255,431,452],"tags":[],"class_list":["post-10956","post","type-post","status-publish","format-standard","hentry","category-justh-zsigmond-olvasokor","category-justh-zsigmond-varosi-konyvtar","category-nyugdijas-pedagogusok-justh-zsigmond-olvasokore","category-oroshaza"],"_links":{"self":[{"href":"https:\/\/blog.justhvk.hu\/blog\/wp-json\/wp\/v2\/posts\/10956","targetHints":{"allow":["GET"]}}],"collection":[{"href":"https:\/\/blog.justhvk.hu\/blog\/wp-json\/wp\/v2\/posts"}],"about":[{"href":"https:\/\/blog.justhvk.hu\/blog\/wp-json\/wp\/v2\/types\/post"}],"author":[{"embeddable":true,"href":"https:\/\/blog.justhvk.hu\/blog\/wp-json\/wp\/v2\/users\/10"}],"replies":[{"embeddable":true,"href":"https:\/\/blog.justhvk.hu\/blog\/wp-json\/wp\/v2\/comments?post=10956"}],"version-history":[{"count":1,"href":"https:\/\/blog.justhvk.hu\/blog\/wp-json\/wp\/v2\/posts\/10956\/revisions"}],"predecessor-version":[{"id":10958,"href":"https:\/\/blog.justhvk.hu\/blog\/wp-json\/wp\/v2\/posts\/10956\/revisions\/10958"}],"wp:attachment":[{"href":"https:\/\/blog.justhvk.hu\/blog\/wp-json\/wp\/v2\/media?parent=10956"}],"wp:term":[{"taxonomy":"category","embeddable":true,"href":"https:\/\/blog.justhvk.hu\/blog\/wp-json\/wp\/v2\/categories?post=10956"},{"taxonomy":"post_tag","embeddable":true,"href":"https:\/\/blog.justhvk.hu\/blog\/wp-json\/wp\/v2\/tags?post=10956"}],"curies":[{"name":"wp","href":"https:\/\/api.w.org\/{rel}","templated":true}]}}