{"id":11076,"date":"2016-02-02T08:41:25","date_gmt":"2016-02-02T08:41:25","guid":{"rendered":"https:\/\/www.justhvk.hu\/blog\/?p=11076"},"modified":"2016-02-02T08:41:43","modified_gmt":"2016-02-02T08:41:43","slug":"75-eve-szuletett-gion-nandor-iro","status":"publish","type":"post","link":"https:\/\/blog.justhvk.hu\/blog\/75-eve-szuletett-gion-nandor-iro\/","title":{"rendered":"75 \u00e9ve sz\u00fcletett Gion N\u00e1ndor \u00edr\u00f3"},"content":{"rendered":"<p><em>\u201e<span style=\"font-family: Arial, serif;\">Minden ingov\u00e1nyban van egy l\u00e1thatatlan \u00fat.\u201d <\/span><a href=\"http:\/\/www.citatum.hu\/szerzo\/Gion_Nandor\"><span style=\"color: #00000a;\"><span style=\"font-family: Arial, serif;\">Gion N\u00e1ndor<\/span><\/span><\/a><span style=\"font-family: Arial, serif;\">: A k\u00e1r\u00f3katon\u00e1k m\u00e9g nem j\u00f6ttek vissza<\/span><\/em><\/p>\n<p align=\"justify\"><span style=\"font-family: Arial, serif;\">1941 febru\u00e1r 1-\u00e9n Szenttam\u00e1son, szerbiai testv\u00e9rtelep\u00fcl\u00e9s\u00fcnk\u00f6n, sz\u00fcletett Gion N\u00e1ndor \u00edr\u00f3, \u00fajs\u00e1g\u00edr\u00f3, forgat\u00f3k\u00f6nyv\u00edr\u00f3, tan\u00e1r; az <\/span><a style=\"line-height: 1.5em;\" href=\"https:\/\/hu.wikipedia.org\/wiki\/%C3%9Ajvid%C3%A9ki_R%C3%A1di%C3%B3\"><span style=\"color: #00000a;\"><span style=\"font-family: Arial, serif;\">\u00fajvid\u00e9ki r\u00e1di\u00f3<\/span><\/span><\/a><span style=\"font-family: Arial, serif;\"> magyar f\u0151szerkeszt\u0151je.<\/span><\/p>\n<p align=\"justify\"><span style=\"font-family: Arial, serif;\"><span>Iparos csal\u00e1db\u00f3l sz\u00e1rmazott. Szabadk\u00e1n ipari iskol\u00e1ba j\u00e1rt, majd 1963-ban az \u00fajvid\u00e9ki egyetem magyar nyelv \u00e9s irodalom szak\u00e1n szerzett diplom\u00e1t. Egyetemi \u00e9vei alatt az \u00fajvid\u00e9ki magyar r\u00e1di\u00f3 \u00f6szt\u00f6nd\u00edjasa volt. M\u00e1r ekkor megjelentek sz\u00e9pirodalmi alkot\u00e1sai \u00e9s \u00edrt tud\u00f3s\u00edt\u00e1sokat, recenzi\u00f3kat, kritik\u00e1kat \u2013 tagja lett az \u00daj Symposion nemzed\u00e9k\u00e9nek.<\/span><\/span><\/p>\n<p align=\"justify\"><span style=\"font-family: Arial, serif;\"><span>1963-t\u00f3l h\u00fasz \u00e9ven \u00e1t az \u00fajvid\u00e9ki magyar r\u00e1di\u00f3 munkat\u00e1rsak\u00e9nt dolgozott s gyakorlott tollforgat\u00f3v\u00e1 v\u00e1lt. Els\u0151 siker\u00e9t az 1968-ban megjelen\u0151 K\u00e9t\u00e9lt\u0171ek a barlangban c\u00edm\u0171 reg\u00e9ny\u00e9vel \u00e9rte el, majd a Testv\u00e9rem, Jo\u00e1b 1969-es reg\u00e9ny\u00e9vel szint\u00e9n a Forum Kiad\u00f3 els\u0151 d\u00edj\u00e1t kapta meg..<\/span><\/span><\/p>\n<p align=\"justify\"><span style=\"font-family: Arial, serif;\"><span>1970-ben jelent meg az Engem nem \u00fagy h\u00edvnak c\u00edm\u0171 ifj\u00fas\u00e1gi reg\u00e9nye, 1972-ben pedig a Postarabl\u00f3k c\u00edm\u0171 m\u0171ve, majd 1973-ban pedig a H\u00edd-d\u00edjas Vir\u00e1gos Katona c\u00edm\u0171 reg\u00e9nye. 1977-ben olyan nagy sikert aratott A k\u00e1r\u00f3katon\u00e1k m\u00e9g nem j\u00f6ttek vissza c\u00edm\u0171 gyerekreg\u00e9nye, hogy k\u00f6telez\u0151 olvasm\u00e1ny lett az iskol\u00e1kban (1983-ban film k\u00e9sz\u00fclt bel\u0151le), 1982-ben megjelent a m\u0171 folytat\u00e1sa, a Sort\u0171z egy fekete bivaly\u00e9rt, amelyet szint\u00e9n megfilmes\u00edtettek 1984-ben.<\/span><\/span><\/p>\n<p align=\"justify\"><span style=\"font-family: Arial, serif;\"><span>1979-1982 k\u00f6z\u00f6tt a Vajdas\u00e1gi \u00cdr\u00f3egyes\u00fclet eln\u00f6ke, 1983-1985 k\u00f6z\u00f6tt az \u00dajvid\u00e9ki Sz\u00ednh\u00e1z igazgat\u00f3ja volt. <\/span><\/span><\/p>\n<p align=\"justify\"><span style=\"font-family: Arial, serif;\"><span>Munk\u00e1ss\u00e1g\u00e1ra Magyarorsz\u00e1gon is felfigyelnek: 1987-ben D\u00e9ry Tibor-d\u00edjat, 1988-ban J\u00f3zsef Attila-d\u00edjat kapott.<\/span><\/span><\/p>\n<p align=\"justify\"><span style=\"font-family: Arial, serif;\"><span>1993 szeptember\u00e9ben \u00e1ttelep\u00fclt <a href=\"https:\/\/hu.wikipedia.org\/wiki\/Magyarorsz%C3%A1g\">Magyarorsz\u00e1gra<\/a> csal\u00e1dj\u00e1val egy\u00fctt. 1994-ben megjelent az Izsakh\u00e1r c\u00edm\u0171 reg\u00e9nye (2001-ben A Sziv\u00e1rv\u00e1ny harcosa c\u00edmen film k\u00e9sz\u00fclt bel\u0151le). 1996-ban adta ki a Mint a felszabad\u00edt\u00f3k c\u00edm\u0171 k\u00f6tet\u00e9t, az Izsakh\u00e1r folytat\u00e1s\u00e1t. 1997-ben jelent meg a csal\u00e1dt\u00f6rt\u00e9neti munka harmadik r\u00e9sze: Ez a nap a mienk, majd 2002-ben a Forr\u00e1s foly\u00f3iratban folytat\u00e1sokban az Aranyat tal\u00e1lt \u2013 a reg\u00e9nysorozat negyedik r\u00e9sze. A reg\u00e9nytetral\u00f3gia a <a href=\"https:\/\/hu.wikipedia.org\/wiki\/Latroknak_is_j%C3%A1tszott\">Latroknak is j\u00e1tszott<\/a> k\u00f6z\u00f6s c\u00edmet kapta.<\/span><\/span><\/p>\n<p align=\"justify\"><span style=\"font-family: Arial, serif;\"><span>Gion N\u00e1ndor t\u00f6bb komoly betegs\u00e9ggel is k\u00fczd\u00f6tt &#8211; 2002 augusztus 27-\u00e9n a szegedi \u00dajklinik\u00e1n \u00e9rte a hal\u00e1l, szeptember 12-\u00e9n temett\u00e9k el a budapesti Farkasr\u00e9ti temet\u0151ben.<\/span><\/span><\/p>\n<p align=\"justify\"><span style=\"font-family: Arial, serif;\"><span>\u00c9letm\u0171v\u00e9nek \u00e9s szem\u00e9lyis\u00e9g\u00e9nek eml\u00e9k\u00e9t a a hat\u00e1ron t\u00fali fiatal alkot\u00f3kat jutalmaz\u00f3 Gion-\u00f6szt\u00f6nd\u00edj \u0151rzi. A Noran Kiad\u00f3 v\u00e1llalta Gion N\u00e1ndor \u00e9letm\u0171v\u00e9nek megjelentet\u00e9s\u00e9t, k\u00f6zt\u00fck a Magyarorsz\u00e1gon el\u00e9rhetetlen sz\u00f6vegek kiad\u00e1s\u00e1t. Sz\u00fcl\u0151hely\u00e9n, Szenttam\u00e1son megkezd\u0151d\u00f6tt az \u00edr\u00f3 kultusz\u00e1nak kialak\u00edt\u00e1sa, amelynek k\u00f6zpontja a 2010-ben megny\u00edlt Gion Eml\u00e9kh\u00e1z.<\/span><\/span><\/p>\n<p align=\"justify\"><a href=\"https:\/\/www.justhvk.hu\/blog\/wp-content\/uploads\/2016\/02\/gion_emlekhaz.jpg\"><img loading=\"lazy\" decoding=\"async\" class=\"aligncenter size-full wp-image-11079\" alt=\"gion_emlekhaz\" src=\"https:\/\/www.justhvk.hu\/blog\/wp-content\/uploads\/2016\/02\/gion_emlekhaz.jpg\" width=\"276\" height=\"183\" \/><\/a><\/p>\n<p align=\"justify\"><b style=\"font-family: Arial, serif; line-height: 1.5em;\">M\u0171vei<\/b><\/p>\n<ul>\n<li>\n<p align=\"justify\"><span style=\"font-family: Arial, serif;\"><span>K\u00e9t\u00e9lt\u0171ek a barlangban<\/span><\/span><span style=\"font-family: Arial, serif;\"><span> (reg\u00e9ny, 1968)<\/span><\/span><\/p>\n<\/li>\n<li>\n<p align=\"justify\"><span style=\"font-family: Arial, serif;\"><span>Testv\u00e9rem, Jo\u00e1b<\/span><\/span><span style=\"font-family: Arial, serif;\"><span> (reg\u00e9ny, 1969)<\/span><\/span><\/p>\n<\/li>\n<li>\n<p align=\"justify\"><span style=\"font-family: Arial, serif;\"><span>Engem nem \u00fagy h\u00edvnak<\/span><\/span><span style=\"font-family: Arial, serif;\"><span> (ifj\u00fas\u00e1gi reg\u00e9ny, 1970)<\/span><\/span><\/p>\n<\/li>\n<li>\n<p align=\"justify\"><span style=\"font-family: Arial, serif;\"><span>Ezen az oldalon<\/span><\/span><span style=\"font-family: Arial, serif;\"><span> (novell\u00e1k, 1971)<\/span><\/span><\/p>\n<\/li>\n<li>\n<p align=\"justify\"><span style=\"font-family: Arial, serif;\"><span>Postarabl\u00f3k<\/span><\/span><span style=\"font-family: Arial, serif;\"><span> (reg\u00e9ny, 1972)<\/span><\/span><\/p>\n<\/li>\n<li>\n<p align=\"justify\"><span style=\"font-family: Arial, serif;\"><span>Vir\u00e1gos katona<\/span><\/span><span style=\"font-family: Arial, serif;\"><span> (reg\u00e9ny, 1973)<\/span><\/span><\/p>\n<\/li>\n<li>\n<p align=\"justify\"><span style=\"font-family: Arial, serif;\"><span>Olyan, mintha ny\u00e1r volna<\/span><\/span><span style=\"font-family: Arial, serif;\"><span> (elbesz\u00e9l\u00e9sek, 1974)<\/span><\/span><\/p>\n<\/li>\n<li>\n<p align=\"justify\"><a href=\"https:\/\/hu.wikipedia.org\/wiki\/Latroknak_is_j%C3%A1tszott\"><span style=\"font-family: Arial, serif;\"><span>Latroknak is j\u00e1tszott<\/span><\/span><\/a><span style=\"font-family: Arial, serif;\"><span> (reg\u00e9ny, 1976)<\/span><\/span><\/p>\n<\/li>\n<li>\n<p align=\"justify\"><a href=\"https:\/\/hu.wikipedia.org\/w\/index.php?title=A_k%C3%A1r%C3%B3katon%C3%A1k_m%C3%A9g_nem_j%C3%B6ttek_vissza_%28reg%C3%A9ny%29&amp;action=edit&amp;redlink=1\"><span style=\"font-family: Arial, serif;\"><span>A k\u00e1r\u00f3katon\u00e1k m\u00e9g nem j\u00f6ttek vissza<\/span><\/span><\/a><span style=\"font-family: Arial, serif;\"><span> (ifj\u00fas\u00e1gi reg\u00e9ny, 1977)<\/span><\/span><\/p>\n<\/li>\n<li>\n<p align=\"justify\"><span style=\"font-family: Arial, serif;\"><span>Sort\u0171z egy fekete bivaly\u00e9rt<\/span><\/span><span style=\"font-family: Arial, serif;\"><span> (ifj\u00fas\u00e1gi reg\u00e9ny, 1982)<\/span><\/span><\/p>\n<\/li>\n<li>\n<p align=\"justify\"><span style=\"font-family: Arial, serif;\"><span>Az angyali vigass\u00e1g<\/span><\/span><span style=\"font-family: Arial, serif;\"><span> (elbesz\u00e9l\u00e9sek, 1985)<\/span><\/span><\/p>\n<\/li>\n<li>\n<p align=\"justify\"><span style=\"font-family: Arial, serif;\"><span>B\u00f6rt\u00f6nr\u0151l \u00e1lmodom mostan\u00e1ban<\/span><\/span><span style=\"font-family: Arial, serif;\"><span> (reg\u00e9ny, 1990)<\/span><\/span><\/p>\n<\/li>\n<li>\n<p align=\"justify\"><span style=\"font-family: Arial, serif;\"><span>Izsakh\u00e1r<\/span><\/span><span style=\"font-family: Arial, serif;\"><span> (reg\u00e9ny, 1994)<\/span><\/span><\/p>\n<\/li>\n<li>\n<p align=\"justify\"><span style=\"font-family: Arial, serif;\"><span>Mint a felszabad\u00edt\u00f3k<\/span><\/span><span style=\"font-family: Arial, serif;\"><span> (elbesz\u00e9l\u00e9sek, 1996)<\/span><\/span><\/p>\n<\/li>\n<li>\n<p align=\"justify\"><span style=\"font-family: Arial, serif;\"><span>A v\u00e1d<\/span><\/span><span style=\"font-family: Arial, serif;\"><span> (filmforgat\u00f3k\u00f6nyv, 1996)<\/span><\/span><\/p>\n<\/li>\n<li>\n<p align=\"justify\"><span style=\"font-family: Arial, serif;\"><span>Sorsford\u00edt\u00f3k \u2013 23 orvos legszebb t\u00f6rt\u00e9netei<\/span><\/span><span style=\"font-family: Arial, serif;\"><span> (1996)<\/span><\/span><\/p>\n<\/li>\n<li>\n<p align=\"justify\"><span style=\"font-family: Arial, serif;\"><span>Ez a nap a mi\u00e9nk<\/span><\/span><span style=\"font-family: Arial, serif;\"><span> (reg\u00e9ny, 1997)<\/span><\/span><\/p>\n<\/li>\n<li>\n<p align=\"justify\"><span style=\"font-family: Arial, serif;\"><span>J\u00e9ghegyen, szalmakalapban<\/span><\/span><span style=\"font-family: Arial, serif;\"><span> (v\u00e1logatott novell\u00e1k, 1998)<\/span><\/span><\/p>\n<\/li>\n<li>\n<p align=\"justify\"><span style=\"font-family: Arial, serif;\"><span>R\u00f3zsam\u00e9z<\/span><\/span><\/p>\n<\/li>\n<li>\n<p align=\"justify\"><span style=\"font-family: Arial, serif;\"><span>Aranyat tal\u00e1lt<\/span><\/span><span style=\"font-family: Arial, serif;\"><span> (reg\u00e9ny, 2002)<\/span><\/span><\/p>\n<\/li>\n<li>\n<p align=\"justify\"><span style=\"font-family: Arial, serif;\"><span>Mit jelent a t\u00f6k als\u00f3?<\/span><\/span><span style=\"font-family: Arial, serif;\"><span> Novell\u00e1k a hagyat\u00e9kb\u00f3l (2004)<\/span><\/span><\/p>\n<\/li>\n<\/ul>\n<p align=\"justify\"><span style=\"font-family: Arial, serif;\"><span>A Gion-m\u0171veknek eddig tizenk\u00e9t nyelven huszonnyolc \u00e1t\u00fcltet\u00e9se keletkezett, ezek k\u00f6z\u00fcl tizenegy teljes k\u00f6tetnek, a t\u00f6bbi egy-egy novell\u00e1j\u00e1nak \u00e9s a vele k\u00e9sz\u00edtett interj\u00fanak a ford\u00edt\u00e1sa. Az \u00dajvid\u00e9ki R\u00e1di\u00f3 magyar \u00e9s szerb nyelv\u0171 dr\u00e1ma-szerkeszt\u0151s\u00e9ge \u00e9s a <a href=\"https:\/\/hu.wikipedia.org\/wiki\/Magyar_R%C3%A1di%C3%B3\">Magyar R\u00e1di\u00f3<\/a> k\u00f6zel f\u00e9lsz\u00e1z hangj\u00e1t\u00e9kot rendezett az \u00edr\u00f3 m\u0171veib\u0151l.<\/span><\/span><\/p>\n<p align=\"justify\"><a href=\"https:\/\/www.justhvk.hu\/blog\/wp-content\/uploads\/2015\/04\/gion_nandor.jpg\"><img loading=\"lazy\" decoding=\"async\" class=\"aligncenter size-full wp-image-10479\" alt=\"gion_nandor\" src=\"https:\/\/www.justhvk.hu\/blog\/wp-content\/uploads\/2015\/04\/gion_nandor.jpg\" width=\"191\" height=\"300\" \/><\/a><\/p>\n<div class=\"fcbkbttn_buttons_block\" id=\"fcbkbttn_left\"><div class=\"fcbkbttn_like \"><fb:like href=\"https:\/\/blog.justhvk.hu\/blog\/75-eve-szuletett-gion-nandor-iro\/\" action=\"like\" colorscheme=\"light\" layout=\"button_count\"  size=\"small\"><\/fb:like><\/div><div class=\"fb-share-button  \" data-href=\"https:\/\/blog.justhvk.hu\/blog\/75-eve-szuletett-gion-nandor-iro\/\" data-type=\"button_count\" data-size=\"small\"><\/div><\/div>","protected":false},"excerpt":{"rendered":"<p>\u201eMinden ingov\u00e1nyban van egy l\u00e1thatatlan \u00fat.\u201d Gion N\u00e1ndor: A k\u00e1r\u00f3katon\u00e1k m\u00e9g nem j\u00f6ttek vissza 1941 febru\u00e1r 1-\u00e9n Szenttam\u00e1son, szerbiai testv\u00e9rtelep\u00fcl\u00e9s\u00fcnk\u00f6n, sz\u00fcletett Gion N\u00e1ndor \u00edr\u00f3, \u00fajs\u00e1g\u00edr\u00f3, forgat\u00f3k\u00f6nyv\u00edr\u00f3, tan\u00e1r; az \u00fajvid\u00e9ki r\u00e1di\u00f3 magyar f\u0151szerkeszt\u0151je. Iparos csal\u00e1db\u00f3l sz\u00e1rmazott. Szabadk\u00e1n ipari iskol\u00e1ba j\u00e1rt, majd 1963-ban az \u00fajvid\u00e9ki egyetem magyar nyelv \u00e9s irodalom szak\u00e1n szerzett diplom\u00e1t. Egyetemi \u00e9vei alatt az [&hellip;]<\/p>\n","protected":false},"author":14,"featured_media":11078,"comment_status":"open","ping_status":"open","sticky":false,"template":"","format":"standard","meta":{"episode_type":"","audio_file":"","cover_image":"","cover_image_id":"","duration":"","filesize":"","date_recorded":"","explicit":"","block":"","filesize_raw":"","ngg_post_thumbnail":0,"footnotes":""},"categories":[775,754],"tags":[],"class_list":["post-11076","post","type-post","status-publish","format-standard","has-post-thumbnail","hentry","category-gion-nandor","category-gion-nandor-emlekhaz"],"_links":{"self":[{"href":"https:\/\/blog.justhvk.hu\/blog\/wp-json\/wp\/v2\/posts\/11076","targetHints":{"allow":["GET"]}}],"collection":[{"href":"https:\/\/blog.justhvk.hu\/blog\/wp-json\/wp\/v2\/posts"}],"about":[{"href":"https:\/\/blog.justhvk.hu\/blog\/wp-json\/wp\/v2\/types\/post"}],"author":[{"embeddable":true,"href":"https:\/\/blog.justhvk.hu\/blog\/wp-json\/wp\/v2\/users\/14"}],"replies":[{"embeddable":true,"href":"https:\/\/blog.justhvk.hu\/blog\/wp-json\/wp\/v2\/comments?post=11076"}],"version-history":[{"count":1,"href":"https:\/\/blog.justhvk.hu\/blog\/wp-json\/wp\/v2\/posts\/11076\/revisions"}],"predecessor-version":[{"id":11080,"href":"https:\/\/blog.justhvk.hu\/blog\/wp-json\/wp\/v2\/posts\/11076\/revisions\/11080"}],"wp:featuredmedia":[{"embeddable":true,"href":"https:\/\/blog.justhvk.hu\/blog\/wp-json\/wp\/v2\/media\/11078"}],"wp:attachment":[{"href":"https:\/\/blog.justhvk.hu\/blog\/wp-json\/wp\/v2\/media?parent=11076"}],"wp:term":[{"taxonomy":"category","embeddable":true,"href":"https:\/\/blog.justhvk.hu\/blog\/wp-json\/wp\/v2\/categories?post=11076"},{"taxonomy":"post_tag","embeddable":true,"href":"https:\/\/blog.justhvk.hu\/blog\/wp-json\/wp\/v2\/tags?post=11076"}],"curies":[{"name":"wp","href":"https:\/\/api.w.org\/{rel}","templated":true}]}}