{"id":112,"date":"2007-01-09T10:34:24","date_gmt":"2007-01-09T09:34:24","guid":{"rendered":"http:\/\/193.225.92.5\/?p=112"},"modified":"2007-01-09T10:34:24","modified_gmt":"2007-01-09T09:34:24","slug":"kotta-nelkul","status":"publish","type":"post","link":"https:\/\/blog.justhvk.hu\/blog\/kotta-nelkul\/","title":{"rendered":"Kotta n\u00e9lk\u00fcl"},"content":{"rendered":"<p><span style=\"font-size: 11pt; font-family: Verdana\">Presser Pici \u00far, egykori Megaszt\u00e1r \u00edt\u00e9sz, dalok sz\u00e1zainak sz\u00fcl\u0151atyja, kis kerek szem\u00fcveg\u00e9vel az orr\u00e1n igencsak \u00e9rtetlen\u00fcl b\u00e1mult r\u00e1m egy alkalommal, amikor azt tal\u00e1ltam neki mondani: &#8211; h\u00fcmm, h\u00fcmm, kotta n\u00e9lk\u00fcl&#8230; mi is&#8230; ott az ETO-ban. Mire Presser Pici \u00far kiss\u00e9 t\u00e9tov\u00e1n, mint aki nem teljesen \u00e9rti, mir\u0151l van sz\u00f3, azt k\u00e9rdezte: &#8211; nem tudom mi ez, tal\u00e1n \u00edrni k\u00e9ne a ti ETO-tokr\u00f3l egy dalt? Azt\u00e1n belelkesedett: &#8211; \u00c9s elj\u00e1tszom nektek kotta n\u00e9lk\u00fcl. \u00c9s akkor nem lesz nektek kott\u00e1tok se az ETO-tokban, se azon k\u00edv\u00fcl. &#8211; De h\u00e1t most sincs &#8211; mondtam neki kiss\u00e9 bossz\u00fasan &#8211; mert n\u00e9zz ide: ez az ETO erre, azt\u00e1n meg arra val\u00f3, s most azt kellene megoldanunk, hogy itt ennek a k\u00e9sz\u00fcl\u0151 k\u00f6nyvnek, melyben egy r\u00e9gi pusztai koll\u00e9g\u00e1d, bizonyos R\u00f3zsa Imre dalszerz\u0151 opusai tal\u00e1ltatnak, elk\u00e9sz\u00edts\u00fck a CIP-le\u00edr\u00e1s\u00e1t. A kardosk\u00fati komponista h\u00e1trahagyta j\u00f3 n\u00e9h\u00e1ny dal\u00e1nak a kott\u00e1j\u00e1t, ezt meg beleteszik a k\u00f6nyvbe. Ebben a CIP-le\u00edr\u00e1sban teh\u00e1t ott kell lennie annak a megm\u00e1s\u00edthatatlan t\u00e9nynek, hogy a k\u00f6nyvben kotta is van, ami ugyeb\u00e1r eg\u00e9szen m\u00e1s jelz\u00e9s- vagy szimb\u00f3lumrendszer, mint a j\u00f3 \u00f6reg abc. &#8211; Aha. &#8211; mondta megfontoltan Presser Pici \u00far, majd hat\u00e1rozott mozdulatokkal \u00e1tvette t\u0151lem a t\u00e1bl\u00e1zati egys\u00e9get: &#8211; Na n\u00e9zz\u00fck azt az ETO-t! K\u00edv\u00e1ncsian v\u00e1rtam, mit tal\u00e1l a moll, meg d\u00far hangnemekhez szokott zeneszerz\u0151, de nem kellett sok\u00e1ig v\u00e1rnom. &#8211; Itt van, kom\u00e1m! &#8211; ki\u00e1ltott fel rekedtes m\u00e9ly hangj\u00e1n mack\u00f3, akarom mondani Pici \u00far. Zenem\u0171kiadv\u00e1nyok k\u00fcls\u0151 megjelen\u00e9si form\u00e1i. Itt lentebb az is ott van, hogy partit\u00fara, meg, hogy sz\u00f3lamok, n\u00e9zd m\u00e9g az is ott van, hogy&#8230; &#8211; J\u00f3, j\u00f3, l\u00e1tom &#8211; mondtam zavartan, \u00e9s kikaptam kez\u00e9b\u0151l a mi h\u0151n szeretett ETO-nkat. N\u00e9ztem, \u00e9s t\u00e9nyleg ott volt. Nem az, hogy kotta, ez a karaktersor nem volt ott, de ennek k\u00f6r\u00fcl\u00edr\u00e1sa, az t\u00e9nyleg ott volt. Presser Pici \u00dar kaj\u00e1nul mosolygott az orra alatt, \u00e1llt zsebre dugott k\u00e9zzel, \u00e9n meg n\u00e9ztem a t\u00e1volba \u00e9s gondolkodtam: partit\u00fara, sz\u00f3lamok, zongorakivonat, \u00e1tiratok, egy szerz\u0151 gy\u0171jtem\u00e9nyes m\u0171vei. Ezek val\u00f3ban ott sorakoznak, igen. Ha belegondolok, tulajdonk\u00e9pp le is fedik a kotta fogalm\u00e1t (hogy is van? a fogalom tartalm\u00e1t, nem terjedelm\u00e9t, ugyeb\u00e1r), csak \u00e9n egy\u00e9rtelm\u0171en a kotta kifejez\u00e9s\u00e9hez k\u00f6t\u00f6ttem a dolgot, s ez nem volt t\u00fal szerencs\u00e9s. A l\u00e9nyeg persze, hogy a jelzet meglett, az ETO-t azonban tov\u00e1bbra is k o t t a n\u00e9lk\u00fcl j\u00e1tszom, de t\u00e1bl\u00e1zattal a kezemben. <\/span><span style=\"font-size: 11pt; font-family: Verdana\" \/><\/p>\n<div class=\"fcbkbttn_buttons_block\" id=\"fcbkbttn_left\"><div class=\"fcbkbttn_like \"><fb:like href=\"https:\/\/blog.justhvk.hu\/blog\/kotta-nelkul\/\" action=\"like\" colorscheme=\"light\" layout=\"button_count\"  size=\"small\"><\/fb:like><\/div><div class=\"fb-share-button  \" data-href=\"https:\/\/blog.justhvk.hu\/blog\/kotta-nelkul\/\" data-type=\"button_count\" data-size=\"small\"><\/div><\/div>","protected":false},"excerpt":{"rendered":"<p>Presser Pici \u00far, egykori Megaszt\u00e1r \u00edt\u00e9sz, dalok sz\u00e1zainak sz\u00fcl\u0151atyja, kis kerek szem\u00fcveg\u00e9vel az orr\u00e1n igencsak \u00e9rtetlen\u00fcl b\u00e1mult r\u00e1m egy alkalommal, amikor azt tal\u00e1ltam neki mondani: &#8211; h\u00fcmm, h\u00fcmm, kotta n\u00e9lk\u00fcl&#8230; mi is&#8230; ott az ETO-ban. Mire Presser Pici \u00far kiss\u00e9 t\u00e9tov\u00e1n, mint aki nem teljesen \u00e9rti, mir\u0151l van sz\u00f3, azt k\u00e9rdezte: &#8211; nem tudom mi [&hellip;]<\/p>\n","protected":false},"author":4,"featured_media":0,"comment_status":"open","ping_status":"open","sticky":false,"template":"","format":"standard","meta":{"episode_type":"","audio_file":"","cover_image":"","cover_image_id":"","duration":"","filesize":"","date_recorded":"","explicit":"","block":"","filesize_raw":"","ngg_post_thumbnail":0,"footnotes":""},"categories":[130],"tags":[],"class_list":["post-112","post","type-post","status-publish","format-standard","hentry","category-eto"],"_links":{"self":[{"href":"https:\/\/blog.justhvk.hu\/blog\/wp-json\/wp\/v2\/posts\/112","targetHints":{"allow":["GET"]}}],"collection":[{"href":"https:\/\/blog.justhvk.hu\/blog\/wp-json\/wp\/v2\/posts"}],"about":[{"href":"https:\/\/blog.justhvk.hu\/blog\/wp-json\/wp\/v2\/types\/post"}],"author":[{"embeddable":true,"href":"https:\/\/blog.justhvk.hu\/blog\/wp-json\/wp\/v2\/users\/4"}],"replies":[{"embeddable":true,"href":"https:\/\/blog.justhvk.hu\/blog\/wp-json\/wp\/v2\/comments?post=112"}],"version-history":[{"count":0,"href":"https:\/\/blog.justhvk.hu\/blog\/wp-json\/wp\/v2\/posts\/112\/revisions"}],"wp:attachment":[{"href":"https:\/\/blog.justhvk.hu\/blog\/wp-json\/wp\/v2\/media?parent=112"}],"wp:term":[{"taxonomy":"category","embeddable":true,"href":"https:\/\/blog.justhvk.hu\/blog\/wp-json\/wp\/v2\/categories?post=112"},{"taxonomy":"post_tag","embeddable":true,"href":"https:\/\/blog.justhvk.hu\/blog\/wp-json\/wp\/v2\/tags?post=112"}],"curies":[{"name":"wp","href":"https:\/\/api.w.org\/{rel}","templated":true}]}}