{"id":11371,"date":"2016-04-03T19:37:18","date_gmt":"2016-04-03T19:37:18","guid":{"rendered":"https:\/\/www.justhvk.hu\/blog\/?p=11371"},"modified":"2016-04-03T19:37:18","modified_gmt":"2016-04-03T19:37:18","slug":"internet-fiesta-zarokonferencia","status":"publish","type":"post","link":"https:\/\/blog.justhvk.hu\/blog\/internet-fiesta-zarokonferencia\/","title":{"rendered":"Internet Fiesta z\u00e1r\u00f3konferencia"},"content":{"rendered":"<p>A\u00a0F\u0151v\u00e1rosi Szab\u00f3 Ervin K\u00f6nyvt\u00e1rban rendezt\u00e9k meg m\u00e1rcius 24-\u00e9n az <a href=\"http:\/\/fiesta.kjmk.hu\/\">Internet Fiesta<\/a> hagyom\u00e1nyos\u00a0z\u00e1r\u00f3konferenci\u00e1j\u00e1t, ahol m\u00e1s el\u0151ad\u00f3k mellett\u00a0Deutsch Tam\u00e1s, a\u00a0Digit\u00e1lis J\u00f3l\u00e9t Program\u00e9rt felel\u0151s minisztereln\u00f6ki biztos tartott el\u0151ad\u00e1st.<\/p>\n<p>A konferenci\u00e1n Buzai Csaba, mint a Justh Zsigmond V\u00e1rosi K\u00f6nyvt\u00e1r igazgat\u00f3ja egy r\u00f6vid el\u0151ad\u00e1s keret\u00e9n bel\u00fcl mutatta be a Fiesta orosh\u00e1zi programjait, majd \u00e1tvette a mell\u00e9kelt oklevelet. K\u00f6sz\u00f6nj\u00fck sz\u00e9pen!<\/p>\n<div class=\"fcbkbttn_buttons_block\" id=\"fcbkbttn_left\"><div class=\"fcbkbttn_like \"><fb:like href=\"https:\/\/blog.justhvk.hu\/blog\/internet-fiesta-zarokonferencia\/\" action=\"like\" colorscheme=\"light\" layout=\"button_count\"  size=\"small\"><\/fb:like><\/div><div class=\"fb-share-button  \" data-href=\"https:\/\/blog.justhvk.hu\/blog\/internet-fiesta-zarokonferencia\/\" data-type=\"button_count\" data-size=\"small\"><\/div><\/div>","protected":false},"excerpt":{"rendered":"<p>A\u00a0F\u0151v\u00e1rosi Szab\u00f3 Ervin K\u00f6nyvt\u00e1rban rendezt\u00e9k meg m\u00e1rcius 24-\u00e9n az Internet Fiesta hagyom\u00e1nyos\u00a0z\u00e1r\u00f3konferenci\u00e1j\u00e1t, ahol m\u00e1s el\u0151ad\u00f3k mellett\u00a0Deutsch Tam\u00e1s, a\u00a0Digit\u00e1lis J\u00f3l\u00e9t Program\u00e9rt felel\u0151s minisztereln\u00f6ki biztos tartott el\u0151ad\u00e1st. A konferenci\u00e1n Buzai Csaba, mint a Justh Zsigmond V\u00e1rosi K\u00f6nyvt\u00e1r igazgat\u00f3ja egy r\u00f6vid el\u0151ad\u00e1s keret\u00e9n bel\u00fcl mutatta be a Fiesta orosh\u00e1zi programjait, majd \u00e1tvette a mell\u00e9kelt oklevelet. K\u00f6sz\u00f6nj\u00fck sz\u00e9pen!<\/p>\n","protected":false},"author":5,"featured_media":11372,"comment_status":"open","ping_status":"open","sticky":false,"template":"","format":"standard","meta":{"episode_type":"","audio_file":"","cover_image":"","cover_image_id":"","duration":"","filesize":"","date_recorded":"","explicit":"","block":"","filesize_raw":"","ngg_post_thumbnail":0,"footnotes":""},"categories":[83,749,255,452],"tags":[],"class_list":["post-11371","post","type-post","status-publish","format-standard","has-post-thumbnail","hentry","category-buzai-csaba","category-internet-fiesta","category-justh-zsigmond-varosi-konyvtar","category-oroshaza"],"_links":{"self":[{"href":"https:\/\/blog.justhvk.hu\/blog\/wp-json\/wp\/v2\/posts\/11371","targetHints":{"allow":["GET"]}}],"collection":[{"href":"https:\/\/blog.justhvk.hu\/blog\/wp-json\/wp\/v2\/posts"}],"about":[{"href":"https:\/\/blog.justhvk.hu\/blog\/wp-json\/wp\/v2\/types\/post"}],"author":[{"embeddable":true,"href":"https:\/\/blog.justhvk.hu\/blog\/wp-json\/wp\/v2\/users\/5"}],"replies":[{"embeddable":true,"href":"https:\/\/blog.justhvk.hu\/blog\/wp-json\/wp\/v2\/comments?post=11371"}],"version-history":[{"count":1,"href":"https:\/\/blog.justhvk.hu\/blog\/wp-json\/wp\/v2\/posts\/11371\/revisions"}],"predecessor-version":[{"id":11373,"href":"https:\/\/blog.justhvk.hu\/blog\/wp-json\/wp\/v2\/posts\/11371\/revisions\/11373"}],"wp:featuredmedia":[{"embeddable":true,"href":"https:\/\/blog.justhvk.hu\/blog\/wp-json\/wp\/v2\/media\/11372"}],"wp:attachment":[{"href":"https:\/\/blog.justhvk.hu\/blog\/wp-json\/wp\/v2\/media?parent=11371"}],"wp:term":[{"taxonomy":"category","embeddable":true,"href":"https:\/\/blog.justhvk.hu\/blog\/wp-json\/wp\/v2\/categories?post=11371"},{"taxonomy":"post_tag","embeddable":true,"href":"https:\/\/blog.justhvk.hu\/blog\/wp-json\/wp\/v2\/tags?post=11371"}],"curies":[{"name":"wp","href":"https:\/\/api.w.org\/{rel}","templated":true}]}}