{"id":117,"date":"2007-01-12T11:22:04","date_gmt":"2007-01-12T10:22:04","guid":{"rendered":"http:\/\/blog.justhvk.hu\/?p=117"},"modified":"2007-01-12T11:22:04","modified_gmt":"2007-01-12T10:22:04","slug":"kitort-az-oroshazi-retro-laz","status":"publish","type":"post","link":"https:\/\/blog.justhvk.hu\/blog\/kitort-az-oroshazi-retro-laz\/","title":{"rendered":"Kit\u00f6rt az orosh\u00e1zi retro-l\u00e1z"},"content":{"rendered":"<p><span style=\"font-family: Arial\" \/><\/p>\n<p class=\"MsoPlainText\"><span style=\"font-family: Arial\">A szomsz\u00e9d\u00e9k, azaz a <a title=\"Sz\u00e1nt\u00f3 Kov\u00e1cs M\u00fazeum\" href=\"http:\/\/szkm.hu\/\">Sz\u00e1nt\u00f3 Kov\u00e1cs M\u00fazeum<\/a> munkat\u00e1rsai nem egyszer bizony\u00edtott\u00e1k m\u00e1r kreativit\u00e1sukat. A sz\u00e1momra legeml\u00e9kezetesebb egy\u00e9rtelm\u0171en az arat\u00e1si ki\u00e1ll\u00edt\u00e1s volt a maga hajnali 3 \u00f3r\u00e1s, p\u00e1link\u00e1s megnyit\u00f3j\u00e1val, de a leg\u00fajabb terv\u00fck is nagyon tetszik \u00edgy els\u0151re. Ez\u00e9rt is aj\u00e1nlom mindenki figyelm\u00e9be felh\u00edv\u00e1sukat, melyet interj\u00fa form\u00e1j\u00e1ban <a title=\"justhvk.hu\" href=\"https:\/\/www.justhvk.hu\/cikk.php?cikk=112941&#038;JVKSID=7306b45052db3ea3ff1ddebc978f8c08\">a mi honlapunkra<\/a> is feltettem. <\/span><\/p>\n<p><span style=\"font-size: 10pt; font-family: Arial\">Tiszta nosztalgia az eg\u00e9sz, de nagyon j\u00f3. <\/span><span style=\"font-size: 12pt; font-family: Arial\"><br \/>\n<\/span><\/p>\n<div class=\"fcbkbttn_buttons_block\" id=\"fcbkbttn_left\"><div class=\"fcbkbttn_like \"><fb:like href=\"https:\/\/blog.justhvk.hu\/blog\/kitort-az-oroshazi-retro-laz\/\" action=\"like\" colorscheme=\"light\" layout=\"button_count\"  size=\"small\"><\/fb:like><\/div><div class=\"fb-share-button  \" data-href=\"https:\/\/blog.justhvk.hu\/blog\/kitort-az-oroshazi-retro-laz\/\" data-type=\"button_count\" data-size=\"small\"><\/div><\/div>","protected":false},"excerpt":{"rendered":"<p>A szomsz\u00e9d\u00e9k, azaz a Sz\u00e1nt\u00f3 Kov\u00e1cs M\u00fazeum munkat\u00e1rsai nem egyszer bizony\u00edtott\u00e1k m\u00e1r kreativit\u00e1sukat. A sz\u00e1momra legeml\u00e9kezetesebb egy\u00e9rtelm\u0171en az arat\u00e1si ki\u00e1ll\u00edt\u00e1s volt a maga hajnali 3 \u00f3r\u00e1s, p\u00e1link\u00e1s megnyit\u00f3j\u00e1val, de a leg\u00fajabb terv\u00fck is nagyon tetszik \u00edgy els\u0151re. Ez\u00e9rt is aj\u00e1nlom mindenki figyelm\u00e9be felh\u00edv\u00e1sukat, melyet interj\u00fa form\u00e1j\u00e1ban a mi honlapunkra is feltettem. Tiszta nosztalgia az eg\u00e9sz, [&hellip;]<\/p>\n","protected":false},"author":5,"featured_media":0,"comment_status":"open","ping_status":"open","sticky":false,"template":"","format":"standard","meta":{"episode_type":"","audio_file":"","cover_image":"","cover_image_id":"","duration":"","filesize":"","date_recorded":"","explicit":"","block":"","filesize_raw":"","ngg_post_thumbnail":0,"footnotes":""},"categories":[316,561],"tags":[],"class_list":["post-117","post","type-post","status-publish","format-standard","hentry","category-kiallitas","category-szanto_kovacs_muzeum"],"_links":{"self":[{"href":"https:\/\/blog.justhvk.hu\/blog\/wp-json\/wp\/v2\/posts\/117","targetHints":{"allow":["GET"]}}],"collection":[{"href":"https:\/\/blog.justhvk.hu\/blog\/wp-json\/wp\/v2\/posts"}],"about":[{"href":"https:\/\/blog.justhvk.hu\/blog\/wp-json\/wp\/v2\/types\/post"}],"author":[{"embeddable":true,"href":"https:\/\/blog.justhvk.hu\/blog\/wp-json\/wp\/v2\/users\/5"}],"replies":[{"embeddable":true,"href":"https:\/\/blog.justhvk.hu\/blog\/wp-json\/wp\/v2\/comments?post=117"}],"version-history":[{"count":0,"href":"https:\/\/blog.justhvk.hu\/blog\/wp-json\/wp\/v2\/posts\/117\/revisions"}],"wp:attachment":[{"href":"https:\/\/blog.justhvk.hu\/blog\/wp-json\/wp\/v2\/media?parent=117"}],"wp:term":[{"taxonomy":"category","embeddable":true,"href":"https:\/\/blog.justhvk.hu\/blog\/wp-json\/wp\/v2\/categories?post=117"},{"taxonomy":"post_tag","embeddable":true,"href":"https:\/\/blog.justhvk.hu\/blog\/wp-json\/wp\/v2\/tags?post=117"}],"curies":[{"name":"wp","href":"https:\/\/api.w.org\/{rel}","templated":true}]}}