{"id":12271,"date":"2016-10-10T11:59:43","date_gmt":"2016-10-10T11:59:43","guid":{"rendered":"https:\/\/www.justhvk.hu\/blog\/?p=12271"},"modified":"2016-10-10T12:03:56","modified_gmt":"2016-10-10T12:03:56","slug":"kepes-beszamolo","status":"publish","type":"post","link":"https:\/\/blog.justhvk.hu\/blog\/kepes-beszamolo\/","title":{"rendered":"K\u00e9pes besz\u00e1mol\u00f3"},"content":{"rendered":"<p>M\u00e9g a szokottn\u00e1l is intenz\u00edvebbre sikeredett az Orsz\u00e1gos K\u00f6nyvt\u00e1ri Napok idei sorozata a k\u00f6nyvt\u00e1runkban (l\u00e1sd <a href=\"https:\/\/www.justhvk.hu\/blog\/?p=12158\">program<\/a>), az egyik esem\u00e9ny szinte sz\u00f3 szerint \u00e9rte a m\u00e1sikat. Az id\u0151j\u00e1r\u00e1s h\u00e9t k\u00f6zben nem fogadott minket a kegyeibe, a k\u00f6nyvki\u00e1rus\u00edt\u00e1st \u00edgy p\u00e9ld\u00e1ul nem is tudtuk kivinni a h\u00e1z el\u00e9, de h\u00e9tv\u00e9g\u00e9re kis\u00fct\u00f6tt a nap, bring\u00e1ztunk is egy csod\u00e1latosat. A rendezv\u00e9nyek l\u00e1togatotts\u00e1ga itt-ott sajnos h\u0171en t\u00fckr\u00f6zte a zord, es\u0151s okt\u00f3beri id\u0151t, ugyanakkor voltak \u00fcd\u00edt\u0151 kiv\u00e9telek is, nem is besz\u00e9lve a Nagy K\u00f6nyves Beavat\u00e1s j\u00e1t\u00e9k elindul\u00e1s\u00e1r\u00f3l.<\/p>\n<p>Tov\u00e1bbi szavak helyett besz\u00e9ljenek a k\u00e9pek, klikkeljetek b\u00e1tran a programok c\u00edmeire!<\/p>\n<ul>\n<li><a href=\"https:\/\/goo.gl\/photos\/6bjTK6YJ2GsPq63i9\">N\u00e9pmese napja a r\u00e1k\u00f3czitelepi \u00e1ltal\u00e1nos iskol\u00e1sokkal \u2013 2016. szeptember 30.<\/a><\/li>\n<li><a href=\"https:\/\/goo.gl\/photos\/PRdsJKfcQXa8Be5g7\">Holden Rose (Kov\u00e1cs Attila) k\u00f6nyvbemutat\u00f3ja \u2013 2016. szeptember 30.<\/a><\/li>\n<li><a href=\"https:\/\/goo.gl\/photos\/7xfj4QgCkgUsKsBv7\">Berkes Andr\u00e1s k\u00f6nyvbemutat\u00f3ja \u2013 2016. szeptember 30.<\/a><\/li>\n<li><a href=\"https:\/\/goo.gl\/photos\/mBqkkGZ2WyUG64Wp9\">Kem\u00e9ny Zs\u00f3fi \u00e9s a Keep CaLM \u2013 2016. okt\u00f3ber 3.<\/a><\/li>\n<li><a href=\"https:\/\/goo.gl\/photos\/6bh8PcjAaKQxHkZZA\">\u00d6ko-j\u00e1tsz\u00f3h\u00e1z \u2013 2016. okt\u00f3ber 4.<\/a><\/li>\n<li><a href=\"https:\/\/goo.gl\/photos\/QJ6dTWEsbG5pQPBz8\">Dinny\u00e9s Istv\u00e1n el\u0151ad\u00e1sa \u2013 2016. okt\u00f3ber 4.<\/a><\/li>\n<li><a href=\"https:\/\/goo.gl\/photos\/zpQZi32GQFZe1XAM7\">V\u00e1laszt\u00e1si \u00dcnneps\u00e9g, \u00e9l\u0151 t\u00e1rsasj\u00e1t\u00e9k &#8211; 2016. okt\u00f3ber 5.<\/a><\/li>\n<li><a href=\"https:\/\/goo.gl\/photos\/9eZxp4W3KeGSZYTr7\">V\u00e9rad\u00e1s \u2013 2016. okt\u00f3ber 6.<\/a><\/li>\n<li><a href=\"https:\/\/goo.gl\/photos\/3qF4fPRProZc2QJY6\">Petrus M\u00e1rta k\u00f6nyvbemutat\u00f3 \u2013 2016. okt\u00f3ber 6.<\/a><\/li>\n<li><a href=\"https:\/\/goo.gl\/photos\/7eFtpDqGqpVDZ3bH9\">Hajnal ovisok k\u00f6nyvt\u00e1rl\u00e1togat\u00e1sa \u2013 2016. okt\u00f3ber 7.<\/a><\/li>\n<li><a href=\"https:\/\/goo.gl\/photos\/chsYfuFSofS2kwkZ8\">Ker\u00e9kp\u00e1rt\u00fara G\u00e1dorosra \u2013 2016. okt\u00f3ber 8.<\/a><\/li>\n<li><a href=\"https:\/\/goo.gl\/photos\/K6A1Zb7tdvbGNWR36\">Orosh\u00e1zi Moly Galeri \u2013 2016. okt\u00f3ber 8.<\/a><\/li>\n<\/ul>\n<p>(Kem\u00e9ny Zs\u00f3fi \u00e9s Petrus M\u00e1rta fot\u00f3album\u00e1ban vannak eg\u00e9szen j\u00f3 k\u00e9pek is, ezeket Debreczeni Cinti\u00e1nak k\u00f6sz\u00f6nj\u00fck, de nagyon!)<\/p>\n<p>&nbsp;<\/p>\n<div class=\"fcbkbttn_buttons_block\" id=\"fcbkbttn_left\"><div class=\"fcbkbttn_like \"><fb:like href=\"https:\/\/blog.justhvk.hu\/blog\/kepes-beszamolo\/\" action=\"like\" colorscheme=\"light\" layout=\"button_count\"  size=\"small\"><\/fb:like><\/div><div class=\"fb-share-button  \" data-href=\"https:\/\/blog.justhvk.hu\/blog\/kepes-beszamolo\/\" data-type=\"button_count\" data-size=\"small\"><\/div><\/div>","protected":false},"excerpt":{"rendered":"<p>M\u00e9g a szokottn\u00e1l is intenz\u00edvebbre sikeredett az Orsz\u00e1gos K\u00f6nyvt\u00e1ri Napok idei sorozata a k\u00f6nyvt\u00e1runkban (l\u00e1sd program), az egyik esem\u00e9ny szinte sz\u00f3 szerint \u00e9rte a m\u00e1sikat. Az id\u0151j\u00e1r\u00e1s h\u00e9t k\u00f6zben nem fogadott minket a kegyeibe, a k\u00f6nyvki\u00e1rus\u00edt\u00e1st \u00edgy p\u00e9ld\u00e1ul nem is tudtuk kivinni a h\u00e1z el\u00e9, de h\u00e9tv\u00e9g\u00e9re kis\u00fct\u00f6tt a nap, bring\u00e1ztunk is egy csod\u00e1latosat. A [&hellip;]<\/p>\n","protected":false},"author":5,"featured_media":12281,"comment_status":"open","ping_status":"open","sticky":false,"template":"","format":"standard","meta":{"episode_type":"","audio_file":"","cover_image":"","cover_image_id":"","duration":"","filesize":"","date_recorded":"","explicit":"","block":"","filesize_raw":"","ngg_post_thumbnail":0,"footnotes":""},"categories":[255,452,473],"tags":[],"class_list":["post-12271","post","type-post","status-publish","format-standard","has-post-thumbnail","hentry","category-justh-zsigmond-varosi-konyvtar","category-oroshaza","category-orszagos-konyvtari-napok"],"_links":{"self":[{"href":"https:\/\/blog.justhvk.hu\/blog\/wp-json\/wp\/v2\/posts\/12271","targetHints":{"allow":["GET"]}}],"collection":[{"href":"https:\/\/blog.justhvk.hu\/blog\/wp-json\/wp\/v2\/posts"}],"about":[{"href":"https:\/\/blog.justhvk.hu\/blog\/wp-json\/wp\/v2\/types\/post"}],"author":[{"embeddable":true,"href":"https:\/\/blog.justhvk.hu\/blog\/wp-json\/wp\/v2\/users\/5"}],"replies":[{"embeddable":true,"href":"https:\/\/blog.justhvk.hu\/blog\/wp-json\/wp\/v2\/comments?post=12271"}],"version-history":[{"count":4,"href":"https:\/\/blog.justhvk.hu\/blog\/wp-json\/wp\/v2\/posts\/12271\/revisions"}],"predecessor-version":[{"id":12280,"href":"https:\/\/blog.justhvk.hu\/blog\/wp-json\/wp\/v2\/posts\/12271\/revisions\/12280"}],"wp:featuredmedia":[{"embeddable":true,"href":"https:\/\/blog.justhvk.hu\/blog\/wp-json\/wp\/v2\/media\/12281"}],"wp:attachment":[{"href":"https:\/\/blog.justhvk.hu\/blog\/wp-json\/wp\/v2\/media?parent=12271"}],"wp:term":[{"taxonomy":"category","embeddable":true,"href":"https:\/\/blog.justhvk.hu\/blog\/wp-json\/wp\/v2\/categories?post=12271"},{"taxonomy":"post_tag","embeddable":true,"href":"https:\/\/blog.justhvk.hu\/blog\/wp-json\/wp\/v2\/tags?post=12271"}],"curies":[{"name":"wp","href":"https:\/\/api.w.org\/{rel}","templated":true}]}}