{"id":12484,"date":"2016-11-25T13:13:31","date_gmt":"2016-11-25T13:13:31","guid":{"rendered":"https:\/\/www.justhvk.hu\/blog\/?p=12484"},"modified":"2016-11-25T11:56:06","modified_gmt":"2016-11-25T11:56:06","slug":"minden-valtozik-de-a-lenyeg-nem","status":"publish","type":"post","link":"https:\/\/blog.justhvk.hu\/blog\/minden-valtozik-de-a-lenyeg-nem\/","title":{"rendered":"Minden v\u00e1ltozik, de a l\u00e9nyeg nem"},"content":{"rendered":"<p>Kedves Olvas\u00f3ink!<\/p>\n<p>Komoly v\u00e1ltoz\u00e1sokkal indul az \u00faj \u00e9v a k\u00f6nyvt\u00e1runk \u00e9let\u00e9ben: 2017 janu\u00e1rj\u00e1ban alaposan \u00e1talak\u00edtjuk a k\u00f6nyvt\u00e1r bels\u0151 szerkezet\u00e9t. Terveink szerint a gyermekk\u00f6nyvt\u00e1r a jelenlegi olvas\u00f3terembe ker\u00fcl, az internetes r\u00e9sz a mostani zenei k\u00f6nyvt\u00e1rba, a sz\u00e9p- \u00e9s szakirodalmi \u00f6vezet a mostani szakirodalmi r\u00e9szen lesz, a jelenlegi csal\u00e1di k\u00f6nyvt\u00e1r pedig egy csendes \u00f6vezet lesz k\u00e9zik\u00f6nyvekkel, helyt\u00f6rt\u00e9neti gy\u0171jtem\u00e9nnyel \u00e9s foly\u00f3iratokkal, illetve ez ut\u00f3bbi r\u00e9sz lesz a rendezv\u00e9nyeink, csoportfoglalkoz\u00e1saink sz\u00ednhelye is. Na de mi sz\u00fcks\u00e9g van minderre?<\/p>\n<p>2016. szeptember\u00e9ben fogalmaztuk meg hossz\u00fat\u00e1v\u00fa <a href=\"https:\/\/www.justhvk.hu\/blog\/?page_id=10156\">J\u00f6v\u0151k\u00e9p\u00fcnket<\/a>, mely a <a href=\"https:\/\/www.justhvk.hu\/blog\/wp-content\/uploads\/2016\/10\/strategia_20160930.pdf\">Strat\u00e9giai terv\u00fcnkbe<\/a> is be\u00e9p\u00fclt. Ennek utols\u00f3 bekezd\u00e9se \u00edgy sz\u00f3l: \u201cA k\u00f6nyvt\u00e1r a bels\u0151 terek \u00e1trendez\u00e9s\u00e9vel, \u00faj b\u00fatorok, eszk\u00f6z\u00f6k beszerz\u00e9s\u00e9vel, innovat\u00edv \u00f6tletek alkalmaz\u00e1s\u00e1val, a nyomtatott \u00e9s elektronikus dokumentumaival, szolg\u00e1ltat\u00e1saival \u00e9s a k\u00f6nyvt\u00e1rban m\u0171k\u00f6d\u0151 csoportjaival alkot\u00f3m\u0171helly\u00e9, k\u00f6z\u00f6ss\u00e9gi t\u00e9rr\u00e9, k\u00f6z\u00f6ss\u00e9gi \u00e9lm\u00e9nny\u00e9, a v\u00e1ros kultur\u00e1lis \u00e9let\u00e9nek meghat\u00e1roz\u00f3, megker\u00fclhetetlen helysz\u00edn\u00e9v\u00e9 v\u00e1lik.\u201d<\/p>\n<p>A Justh Zsigmond V\u00e1rosi K\u00f6nyvt\u00e1rban az elm\u00falt \u00e9vekben tudatosan, sok munk\u00e1val fordultunk a k\u00f6z\u00f6ss\u00e9g\u00e9p\u00edt\u00e9s ir\u00e1ny\u00e1ba. A k\u00f6nyvt\u00e1rra mint \u00e9l\u0151, k\u00f6z\u00f6ss\u00e9gi t\u00e9rre, k\u00f6z\u00f6ss\u00e9gteremt\u0151, k\u00f6z\u00f6ss\u00e9galak\u00edt\u00f3, k\u00f6z\u00f6ss\u00e9gfejleszt\u0151 int\u00e9zm\u00e9nyre gondoltunk, \u00e9s ezen gondolatok ment\u00e9n alak\u00edtottuk gy\u0171jtem\u00e9ny\u00fcnket, szolg\u00e1ltat\u00e1sainkat, hoztuk l\u00e9tre csoportjainkat. K\u00f6z\u00f6ss\u00e9gi programjaink nyitottak \u00e9s ingyenesek a v\u00e1ros lakoss\u00e1ga sz\u00e1m\u00e1ra, a rendezv\u00e9nyek amellett, hogy \u00e9l\u0151 k\u00f6z\u00f6ss\u00e9geket m\u0171k\u00f6dtetnek, hozz\u00e1j\u00e1rulnak a csoportok l\u00e1togat\u00f3inak ment\u00e1lis eg\u00e9szs\u00e9gmeg\u0151rz\u00e9s\u00e9hez is. 2015-ben a k\u00f6nyvt\u00e1runkban 198 kisebb-nagyobb programot szervezt\u00fcnk, a k\u00f6nyvt\u00e1rosok k\u00f6zrem\u0171k\u00f6d\u00e9s\u00e9vel \u00f6t k\u00fcl\u00f6nb\u00f6z\u0151 csoport m\u0171k\u00f6d\u00e9s\u00e9t t\u00e1mogattuk, a napi k\u00f6nyvt\u00e1rhaszn\u00e1l\u00f3k sz\u00e1ma \u00e1tlagosan 118 f\u0151 volt.<\/p>\n<p>Mindezzel egy\u00fctt fontos megjegyezni, hogy \u2013 mik\u00e9nt arra a <a href=\"https:\/\/www.justhvk.hu\/blog\/?page_id=10047\">K\u00fcldet\u00e9snyilatkozatunkban<\/a> is felh\u00edvjuk a figyelmet, \u2013 tov\u00e1bbra is kiemelt feladatunknak tekintj\u00fck az akt\u00edv szerepv\u00e1llal\u00e1st a feln\u0151ttek \u00e9s a gyermekek olvas\u00e1si kult\u00far\u00e1j\u00e1nak fejl\u0151d\u00e9s\u00e9ben. 2015-ben 47.174 dokumentumot k\u00f6lcs\u00f6n\u00f6ztek ki olvas\u00f3ink a k\u00f6nyvt\u00e1rb\u00f3l, ami hossz\u00fa \u00e9vek ut\u00e1n el\u0151sz\u00f6r jelentett emelked\u00e9st a kor\u00e1bbi \u00e9vhez viszony\u00edtva.<\/p>\n<p>K\u00f6nyvt\u00e1runk a fejleszt\u00e9sek ir\u00e1ny\u00e1t tekintve alapvet\u0151en egy \u00e9szaki modellben gondolkodik. Az \u00faj skandin\u00e1v k\u00f6nyvt\u00e1rak jellemz\u0151en multigener\u00e1ci\u00f3s, a tereket \u00f6sszevon\u00f3 \u00e9s ilyen m\u00f3don felhaszn\u00e1l\u00f3 int\u00e9zm\u00e9nyek. A k\u00f6nyvt\u00e1ri terek jelenlegi sz\u00e9ttagolts\u00e1ga \u2013 k\u00fcl\u00f6n\u00f6sen a K\u00f6zPont internetes term\u00fcnk f\u00f6ldszinti elhelyez\u00e9se, valamint a Gyermekk\u00f6nyvt\u00e1r elszigetelts\u00e9ge \u2013 nem kedvez ennek a modellnek a kialak\u00edt\u00e1s\u00e1ban. Friss nemzetk\u00f6zi tanulm\u00e1nyok is vizsg\u00e1lt\u00e1k a k\u00f6nyvt\u00e1rakkal szembeni t\u00e1rsadalmi, k\u00f6z\u00f6ss\u00e9gi ig\u00e9nyeket \u00e9s sz\u00fcks\u00e9gleteket. A trendek azt mutatj\u00e1k, hogy a k\u00f6nyvt\u00e1r most \u00e9s a k\u00f6zelj\u00f6v\u0151ben az alkot\u00e1s, az inspir\u00e1ci\u00f3, a tanul\u00e1s, valamint a tal\u00e1lkoz\u00e1sok helyek\u00e9nt jelenik meg a k\u00f6z\u00f6ss\u00e9g \u00e9let\u00e9ben. A k\u00f6nyvt\u00e1ri szolg\u00e1ltat\u00e1sokban m\u00e1r elmozdultunk ebbe az ir\u00e1nyba, de a tereink \u00e1talak\u00edt\u00e1sa m\u00e9g nem t\u00f6rt\u00e9nt meg.<\/p>\n<p>A legt\u00f6k\u00e9letesebb megold\u00e1s minden bizonnyal egy \u00faj k\u00f6nyvt\u00e1rba, vagy k\u00f6nyvt\u00e1ri c\u00e9lra fel\u00faj\u00edtott \u00e9p\u00fcletbe k\u00f6lt\u00f6z\u00e9s lenne, ahol mi is nagy tereket haszn\u00e1lhatn\u00e1nk, \u00e9s a Pet\u0151fi M\u0171vel\u0151d\u00e9si K\u00f6zpont is kihaszn\u00e1lhatn\u00e1 a felszabadult termeket. Erre a fenntart\u00f3 r\u00e9sz\u00e9r\u0151l \u00edg\u00e9ret \u00e9s t\u00f6rekv\u00e9s is van, m\u00e1r csak megfelel\u0151 p\u00e1ly\u00e1zat kell hozz\u00e1. Addig pedig igyeksz\u00fcnk \u00fagy j\u00e1tszani a terekkel, \u00e9s \u00fagy fejleszteni szolg\u00e1ltat\u00e1sainkat, hogy azokban mindenki \u00f6r\u00f6m\u00e9t lelje, \u00faj \u00e9s r\u00e9gi k\u00f6nyvt\u00e1rhaszn\u00e1l\u00f3 egyar\u00e1nt. B\u00edzunk benne, hogy mik\u00f6zben alapszolg\u00e1ltat\u00e1saink megmaradnak (tov\u00e1bbra is lehet\u0151s\u00e9get biztos\u00edtva a helyben tanul\u00e1sra, foly\u00f3iratolvas\u00e1sra, sz\u00e1m\u00edt\u00f3g\u00e9phaszn\u00e1latra, nyomtat\u00e1sra, f\u00e9nym\u00e1sol\u00e1sra, digitaliz\u00e1l\u00e1sra, rendezv\u00e9nyeken val\u00f3 r\u00e9szv\u00e9telekre stb.), a k\u00f6z\u00f6s t\u00e9r miatt a gyermekolvas\u00f3k is k\u00f6nnyebben \u00e1tszoknak a feln\u0151tt k\u00f6nyvt\u00e1rba, a sz\u00fcl\u0151k is jobban megismerik a lehet\u0151s\u00e9geket, \u00e9s \u00f6sszess\u00e9g\u00e9ben zsong\u00f3bb\u00e1, l\u00fcktet\u0151bb\u00e9, modernebb\u00e9 v\u00e1lik a k\u00f6nyvt\u00e1r.<\/p>\n<p>Ehhez k\u00e9r\u00fcnk t\u00e1mogat\u00e1st olvas\u00f3inkt\u00f3l \u00e9s a fenntart\u00f3t\u00f3l!<\/p>\n<p>&nbsp;<\/p>\n<div class=\"fcbkbttn_buttons_block\" id=\"fcbkbttn_left\"><div class=\"fcbkbttn_like \"><fb:like href=\"https:\/\/blog.justhvk.hu\/blog\/minden-valtozik-de-a-lenyeg-nem\/\" action=\"like\" colorscheme=\"light\" layout=\"button_count\"  size=\"small\"><\/fb:like><\/div><div class=\"fb-share-button  \" data-href=\"https:\/\/blog.justhvk.hu\/blog\/minden-valtozik-de-a-lenyeg-nem\/\" data-type=\"button_count\" data-size=\"small\"><\/div><\/div>","protected":false},"excerpt":{"rendered":"<p>Kedves Olvas\u00f3ink! Komoly v\u00e1ltoz\u00e1sokkal indul az \u00faj \u00e9v a k\u00f6nyvt\u00e1runk \u00e9let\u00e9ben: 2017 janu\u00e1rj\u00e1ban alaposan \u00e1talak\u00edtjuk a k\u00f6nyvt\u00e1r bels\u0151 szerkezet\u00e9t. Terveink szerint a gyermekk\u00f6nyvt\u00e1r a jelenlegi olvas\u00f3terembe ker\u00fcl, az internetes r\u00e9sz a mostani zenei k\u00f6nyvt\u00e1rba, a sz\u00e9p- \u00e9s szakirodalmi \u00f6vezet a mostani szakirodalmi r\u00e9szen lesz, a jelenlegi csal\u00e1di k\u00f6nyvt\u00e1r pedig egy csendes \u00f6vezet lesz k\u00e9zik\u00f6nyvekkel, helyt\u00f6rt\u00e9neti [&hellip;]<\/p>\n","protected":false},"author":5,"featured_media":12495,"comment_status":"open","ping_status":"open","sticky":false,"template":"","format":"standard","meta":{"episode_type":"","audio_file":"","cover_image":"","cover_image_id":"","duration":"","filesize":"","date_recorded":"","explicit":"","block":"","filesize_raw":"","ngg_post_thumbnail":0,"footnotes":""},"categories":[255,452],"tags":[],"class_list":["post-12484","post","type-post","status-publish","format-standard","has-post-thumbnail","hentry","category-justh-zsigmond-varosi-konyvtar","category-oroshaza"],"_links":{"self":[{"href":"https:\/\/blog.justhvk.hu\/blog\/wp-json\/wp\/v2\/posts\/12484","targetHints":{"allow":["GET"]}}],"collection":[{"href":"https:\/\/blog.justhvk.hu\/blog\/wp-json\/wp\/v2\/posts"}],"about":[{"href":"https:\/\/blog.justhvk.hu\/blog\/wp-json\/wp\/v2\/types\/post"}],"author":[{"embeddable":true,"href":"https:\/\/blog.justhvk.hu\/blog\/wp-json\/wp\/v2\/users\/5"}],"replies":[{"embeddable":true,"href":"https:\/\/blog.justhvk.hu\/blog\/wp-json\/wp\/v2\/comments?post=12484"}],"version-history":[{"count":5,"href":"https:\/\/blog.justhvk.hu\/blog\/wp-json\/wp\/v2\/posts\/12484\/revisions"}],"predecessor-version":[{"id":12498,"href":"https:\/\/blog.justhvk.hu\/blog\/wp-json\/wp\/v2\/posts\/12484\/revisions\/12498"}],"wp:featuredmedia":[{"embeddable":true,"href":"https:\/\/blog.justhvk.hu\/blog\/wp-json\/wp\/v2\/media\/12495"}],"wp:attachment":[{"href":"https:\/\/blog.justhvk.hu\/blog\/wp-json\/wp\/v2\/media?parent=12484"}],"wp:term":[{"taxonomy":"category","embeddable":true,"href":"https:\/\/blog.justhvk.hu\/blog\/wp-json\/wp\/v2\/categories?post=12484"},{"taxonomy":"post_tag","embeddable":true,"href":"https:\/\/blog.justhvk.hu\/blog\/wp-json\/wp\/v2\/tags?post=12484"}],"curies":[{"name":"wp","href":"https:\/\/api.w.org\/{rel}","templated":true}]}}