{"id":12666,"date":"2017-01-06T08:05:28","date_gmt":"2017-01-06T08:05:28","guid":{"rendered":"https:\/\/www.justhvk.hu\/blog\/?p=12666"},"modified":"2017-01-06T08:05:42","modified_gmt":"2017-01-06T08:05:42","slug":"olvasokor-az-ember-tragediaja","status":"publish","type":"post","link":"https:\/\/blog.justhvk.hu\/blog\/olvasokor-az-ember-tragediaja\/","title":{"rendered":"Olvas\u00f3k\u00f6r: Az ember trag\u00e9di\u00e1ja"},"content":{"rendered":"<p>A nyugd\u00edjas pedag\u00f3gusok Justh Zsigmond olvas\u00f3k\u00f6re 2017. janu\u00e1r 11-\u00e9n 16 \u00f3rakor tartja k\u00f6vetkez\u0151 \u00f6sszej\u00f6vetel\u00e9t a k\u00f6nyvt\u00e1rban.<\/p>\n<p>T\u00e9ma: &#8222;Szerelem \u00e9s k\u00fczd\u00e9s n\u00e9lk\u00fcl mit \u00e9r \/ A l\u00e9t.&#8221;<\/p>\n<p>Gondolatok Mad\u00e1ch Imre m\u0171v\u00e9r\u0151l, Az ember trag\u00e9di\u00e1j\u00e1r\u00f3l.<\/p>\n<p>Minden \u00e9rdekl\u0151d\u0151t v\u00e1rnak a szervez\u0151k.<\/p>\n<div class=\"fcbkbttn_buttons_block\" id=\"fcbkbttn_left\"><div class=\"fcbkbttn_like \"><fb:like href=\"https:\/\/blog.justhvk.hu\/blog\/olvasokor-az-ember-tragediaja\/\" action=\"like\" colorscheme=\"light\" layout=\"button_count\"  size=\"small\"><\/fb:like><\/div><div class=\"fb-share-button  \" data-href=\"https:\/\/blog.justhvk.hu\/blog\/olvasokor-az-ember-tragediaja\/\" data-type=\"button_count\" data-size=\"small\"><\/div><\/div>","protected":false},"excerpt":{"rendered":"<p>A nyugd\u00edjas pedag\u00f3gusok Justh Zsigmond olvas\u00f3k\u00f6re 2017. janu\u00e1r 11-\u00e9n 16 \u00f3rakor tartja k\u00f6vetkez\u0151 \u00f6sszej\u00f6vetel\u00e9t a k\u00f6nyvt\u00e1rban. T\u00e9ma: &#8222;Szerelem \u00e9s k\u00fczd\u00e9s n\u00e9lk\u00fcl mit \u00e9r \/ A l\u00e9t.&#8221; Gondolatok Mad\u00e1ch Imre m\u0171v\u00e9r\u0151l, Az ember trag\u00e9di\u00e1j\u00e1r\u00f3l. Minden \u00e9rdekl\u0151d\u0151t v\u00e1rnak a szervez\u0151k.<\/p>\n","protected":false},"author":10,"featured_media":12667,"comment_status":"open","ping_status":"open","sticky":false,"template":"","format":"standard","meta":{"episode_type":"","audio_file":"","cover_image":"","cover_image_id":"","duration":"","filesize":"","date_recorded":"","explicit":"","block":"","filesize_raw":"","ngg_post_thumbnail":0,"footnotes":""},"categories":[664,255,431,452,503],"tags":[],"class_list":["post-12666","post","type-post","status-publish","format-standard","has-post-thumbnail","hentry","category-justh-zsigmond-olvasokor","category-justh-zsigmond-varosi-konyvtar","category-nyugdijas-pedagogusok-justh-zsigmond-olvasokore","category-oroshaza","category-programajanlo"],"_links":{"self":[{"href":"https:\/\/blog.justhvk.hu\/blog\/wp-json\/wp\/v2\/posts\/12666","targetHints":{"allow":["GET"]}}],"collection":[{"href":"https:\/\/blog.justhvk.hu\/blog\/wp-json\/wp\/v2\/posts"}],"about":[{"href":"https:\/\/blog.justhvk.hu\/blog\/wp-json\/wp\/v2\/types\/post"}],"author":[{"embeddable":true,"href":"https:\/\/blog.justhvk.hu\/blog\/wp-json\/wp\/v2\/users\/10"}],"replies":[{"embeddable":true,"href":"https:\/\/blog.justhvk.hu\/blog\/wp-json\/wp\/v2\/comments?post=12666"}],"version-history":[{"count":1,"href":"https:\/\/blog.justhvk.hu\/blog\/wp-json\/wp\/v2\/posts\/12666\/revisions"}],"predecessor-version":[{"id":12668,"href":"https:\/\/blog.justhvk.hu\/blog\/wp-json\/wp\/v2\/posts\/12666\/revisions\/12668"}],"wp:featuredmedia":[{"embeddable":true,"href":"https:\/\/blog.justhvk.hu\/blog\/wp-json\/wp\/v2\/media\/12667"}],"wp:attachment":[{"href":"https:\/\/blog.justhvk.hu\/blog\/wp-json\/wp\/v2\/media?parent=12666"}],"wp:term":[{"taxonomy":"category","embeddable":true,"href":"https:\/\/blog.justhvk.hu\/blog\/wp-json\/wp\/v2\/categories?post=12666"},{"taxonomy":"post_tag","embeddable":true,"href":"https:\/\/blog.justhvk.hu\/blog\/wp-json\/wp\/v2\/tags?post=12666"}],"curies":[{"name":"wp","href":"https:\/\/api.w.org\/{rel}","templated":true}]}}