{"id":12701,"date":"2017-01-12T08:00:43","date_gmt":"2017-01-12T08:00:43","guid":{"rendered":"https:\/\/www.justhvk.hu\/blog\/?p=12701"},"modified":"2017-01-12T12:41:28","modified_gmt":"2017-01-12T12:41:28","slug":"1956-margojara","status":"publish","type":"post","link":"https:\/\/blog.justhvk.hu\/blog\/1956-margojara\/","title":{"rendered":"&#8222;1956 marg\u00f3j\u00e1ra&#8221;"},"content":{"rendered":"<p>Kedves Olvas\u00f3!<\/p>\n<p>Szeretettel h\u00edvunk, v\u00e1runk minden \u00e9rdekl\u0151d\u0151t a magyar kult\u00fara napj\u00e1hoz \u00e9s az 1956-os eml\u00e9k\u00e9vhez egyar\u00e1nt kapcsol\u00f3d\u00f3 <strong>&#8222;1956 marg\u00f3j\u00e1ra&#8221;<\/strong> c\u00edm\u0171 rendezv\u00e9ny\u00fcnkre.<\/p>\n<p>A program: az 1956-os eml\u00e9k\u00e9v lez\u00e1r\u00e1sak\u00e9nt a<strong> \u201eMai szabads\u00e1gunk&#8230;\u201d vers- \u00e9s novella\u00edr\u00f3 p\u00e1ly\u00e1zat<\/strong> eredm\u00e9nyhirdet\u00e9se, valamint eml\u00e9kez\u00e9s a forradalom ut\u00e1n Kistarcs\u00e1ra intern\u00e1lt orosh\u00e1zi k\u00f6lt\u0151re,<strong> B\u00f3nus Istv\u00e1nra<\/strong>, sz\u00fclet\u00e9s\u00e9nek 90. \u00e9vfordul\u00f3j\u00e1n.<\/p>\n<p>A k\u00f6lt\u0151re eml\u00e9keznek: <strong>Koszor\u00fas Oszk\u00e1r<\/strong> helyt\u00f6rt\u00e9n\u00e9sz, <strong>Varga (Varsa) Zolt\u00e1n<\/strong> k\u00f6lt\u0151, az orosh\u00e1zi k\u00f6nyvt\u00e1r egykori igazgat\u00f3ja.<\/p>\n<p>K\u00f6zrem\u0171k\u00f6dik: <strong>Tomanek G\u00e1bor<\/strong> sz\u00ednm\u0171v\u00e9sz<\/p>\n<p>A programot az 1956-os forradalom \u00e9s szabads\u00e1gharc \u00e9vfordul\u00f3j\u00e1ra l\u00e9trehozott <a href=\"http:\/\/www.magyarforradalom1956.hu\/\">Eml\u00e9kbizotts\u00e1g<\/a> t\u00e1mogatja.<\/p>\n<p>Szervez\u0151k: <a href=\"https:\/\/www.justhvk.hu\/\">Justh Zsigmond V\u00e1rosi K\u00f6nyvt\u00e1r<\/a>, <a href=\"http:\/\/pmk.oroshaza.hu\/\">Pet\u0151fi M\u0171vel\u0151d\u00e9si K\u00f6zpont<\/a><\/p>\n<p>A rendezv\u00e9ny helye:<strong> Justh Zsigmond V\u00e1rosi K\u00f6nyvt\u00e1r, Orosh\u00e1za <\/strong><\/p>\n<p>A rendezv\u00e9ny ideje: <strong>2017. janu\u00e1r 26., cs\u00fct\u00f6rt\u00f6k, 17 \u00f3ra<\/strong><\/p>\n<p><a href=\"https:\/\/www.facebook.com\/events\/1891449067751950\/\">Facebook-esem\u00e9ny &gt;&gt;<\/a><\/p>\n<p><a href=\"https:\/\/calendar.google.com\/calendar\/event?action=TEMPLATE&amp;tmeid=YWRsMTIyOHQ5ZGl1NHU2dGtxbGRxaGJnamcganVzdGh2a0Bt&amp;tmsrc=justhvk%40gmail.com\" target=\"_blank\"><img decoding=\"async\" src=\"https:\/\/www.google.com\/calendar\/images\/ext\/gc_button1_hu.gif\" border=\"0\" \/><\/a><\/p>\n<div class=\"fcbkbttn_buttons_block\" id=\"fcbkbttn_left\"><div class=\"fcbkbttn_like \"><fb:like href=\"https:\/\/blog.justhvk.hu\/blog\/1956-margojara\/\" action=\"like\" colorscheme=\"light\" layout=\"button_count\"  size=\"small\"><\/fb:like><\/div><div class=\"fb-share-button  \" data-href=\"https:\/\/blog.justhvk.hu\/blog\/1956-margojara\/\" data-type=\"button_count\" data-size=\"small\"><\/div><\/div>","protected":false},"excerpt":{"rendered":"<p>Kedves Olvas\u00f3! Szeretettel h\u00edvunk, v\u00e1runk minden \u00e9rdekl\u0151d\u0151t a magyar kult\u00fara napj\u00e1hoz \u00e9s az 1956-os eml\u00e9k\u00e9vhez egyar\u00e1nt kapcsol\u00f3d\u00f3 &#8222;1956 marg\u00f3j\u00e1ra&#8221; c\u00edm\u0171 rendezv\u00e9ny\u00fcnkre. A program: az 1956-os eml\u00e9k\u00e9v lez\u00e1r\u00e1sak\u00e9nt a \u201eMai szabads\u00e1gunk&#8230;\u201d vers- \u00e9s novella\u00edr\u00f3 p\u00e1ly\u00e1zat eredm\u00e9nyhirdet\u00e9se, valamint eml\u00e9kez\u00e9s a forradalom ut\u00e1n Kistarcs\u00e1ra intern\u00e1lt orosh\u00e1zi k\u00f6lt\u0151re, B\u00f3nus Istv\u00e1nra, sz\u00fclet\u00e9s\u00e9nek 90. \u00e9vfordul\u00f3j\u00e1n. A k\u00f6lt\u0151re eml\u00e9keznek: Koszor\u00fas Oszk\u00e1r helyt\u00f6rt\u00e9n\u00e9sz, [&hellip;]<\/p>\n","protected":false},"author":5,"featured_media":12723,"comment_status":"open","ping_status":"open","sticky":false,"template":"","format":"standard","meta":{"episode_type":"","audio_file":"","cover_image":"","cover_image_id":"","duration":"","filesize":"","date_recorded":"","explicit":"","block":"","filesize_raw":"","ngg_post_thumbnail":0,"footnotes":""},"categories":[2,814,255,371,452,503],"tags":[],"class_list":["post-12701","post","type-post","status-publish","format-standard","has-post-thumbnail","hentry","category-2","category-bonus-istvan","category-justh-zsigmond-varosi-konyvtar","category-magyar_kultura_napja","category-oroshaza","category-programajanlo"],"_links":{"self":[{"href":"https:\/\/blog.justhvk.hu\/blog\/wp-json\/wp\/v2\/posts\/12701","targetHints":{"allow":["GET"]}}],"collection":[{"href":"https:\/\/blog.justhvk.hu\/blog\/wp-json\/wp\/v2\/posts"}],"about":[{"href":"https:\/\/blog.justhvk.hu\/blog\/wp-json\/wp\/v2\/types\/post"}],"author":[{"embeddable":true,"href":"https:\/\/blog.justhvk.hu\/blog\/wp-json\/wp\/v2\/users\/5"}],"replies":[{"embeddable":true,"href":"https:\/\/blog.justhvk.hu\/blog\/wp-json\/wp\/v2\/comments?post=12701"}],"version-history":[{"count":5,"href":"https:\/\/blog.justhvk.hu\/blog\/wp-json\/wp\/v2\/posts\/12701\/revisions"}],"predecessor-version":[{"id":12725,"href":"https:\/\/blog.justhvk.hu\/blog\/wp-json\/wp\/v2\/posts\/12701\/revisions\/12725"}],"wp:featuredmedia":[{"embeddable":true,"href":"https:\/\/blog.justhvk.hu\/blog\/wp-json\/wp\/v2\/media\/12723"}],"wp:attachment":[{"href":"https:\/\/blog.justhvk.hu\/blog\/wp-json\/wp\/v2\/media?parent=12701"}],"wp:term":[{"taxonomy":"category","embeddable":true,"href":"https:\/\/blog.justhvk.hu\/blog\/wp-json\/wp\/v2\/categories?post=12701"},{"taxonomy":"post_tag","embeddable":true,"href":"https:\/\/blog.justhvk.hu\/blog\/wp-json\/wp\/v2\/tags?post=12701"}],"curies":[{"name":"wp","href":"https:\/\/api.w.org\/{rel}","templated":true}]}}