{"id":12761,"date":"2017-02-01T07:50:24","date_gmt":"2017-02-01T07:50:24","guid":{"rendered":"https:\/\/www.justhvk.hu\/blog\/?p=12761"},"modified":"2017-02-01T08:05:00","modified_gmt":"2017-02-01T08:05:00","slug":"1956-margojara-emlekezes-es-eredmenyhirdetes","status":"publish","type":"post","link":"https:\/\/blog.justhvk.hu\/blog\/1956-margojara-emlekezes-es-eredmenyhirdetes\/","title":{"rendered":"1956 marg\u00f3j\u00e1ra &#8211; eml\u00e9kez\u00e9s \u00e9s eredm\u00e9nyhirdet\u00e9s"},"content":{"rendered":"<p>A <a href=\"https:\/\/www.justhvk.hu\/blog\/?p=12369\">\u201cMai szabads\u00e1gunk\u2026\u201d vers- \u00e9s novella\u00edr\u00f3 p\u00e1ly\u00e1zat<\/a> eredm\u00e9ny\u00e9t az \u00e9rdekeltek \u00e9s az \u00e9rdekl\u0151d\u0151k a magyar kult\u00fara napj\u00e1hoz kapcsol\u00f3d\u00f3, 1956-os eml\u00e9k\u00e9vet lez\u00e1r\u00f3, \u201c1956 marg\u00f3j\u00e1ra\u201d c\u00edm\u0171 rendezv\u00e9ny\u00fcnk\u00f6n ismerhett\u00e9k meg.<\/p>\n<p>K\u00f6nyvt\u00e1runk igazgat\u00f3ja <em>Buzai Csaba<\/em> k\u00f6sz\u00f6nt\u00f6tte a vend\u00e9geket, majd a zs\u0171ri eln\u00f6ke <em>Varga (Varsa) Zolt\u00e1n<\/em> k\u00f6lt\u0151, az orosh\u00e1zi k\u00f6nyvt\u00e1r egykori igazgat\u00f3ja sz\u00f3lt biztat\u00f3an a p\u00e1ly\u00e1z\u00f3khoz \u00e9s r\u00f6viden \u00e9rt\u00e9kelte leadott munk\u00e1ikat.<\/p>\n<p>Az eredm\u00e9nyeket <em>Cs\u00e1nyin\u00e9 K\u00e1d\u00e1r T\u00fcnde<\/em> ismertette. A vers kateg\u00f3ri\u00e1ban II. lett <em>Mocs\u00e1ri Erzs\u00e9bet<\/em> (Csorv\u00e1s) <a href=\"https:\/\/www.justhvk.hu\/blog\/wp-content\/uploads\/2017\/02\/Mocsari_Erzsebet_Az_elso_sorban.pdf\">\u201eAz els\u0151 sorban\u2026\u201d<\/a> c. vers\u00e9vel, III. <em>Csillag Tam\u00e1s<\/em> (B\u00e9k\u00e9scsaba) <a href=\"https:\/\/www.justhvk.hu\/blog\/wp-content\/uploads\/2017\/02\/Csillag_Tamas_Harom_vers.pdf\">\u201eH\u00e1rom vers\u201d<\/a> c. p\u00e1ly\u00e1zata. Novella kateg\u00f3ri\u00e1ban egy d\u00edjat adott ki a zs\u0171ri, II. lett <em>Husz\u00e1r Endre<\/em> (B\u00e9k\u00e9scsaba) <a href=\"https:\/\/www.justhvk.hu\/blog\/wp-content\/uploads\/2017\/02\/Huszar_Endre_A_csabai_nema_tuntetes.pdf\">\u201eA csabai n\u00e9ma t\u00fcntet\u00e9s\u201d<\/a> c. visszaeml\u00e9kez\u00e9se. A zs\u0171ri minden p\u00e1ly\u00e1z\u00f3nak (<em>P\u00e1sztor Marti<\/em>n <a href=\"https:\/\/www.justhvk.hu\/blog\/wp-content\/uploads\/2017\/02\/Pasztor_Martin_Hazafik.pdf\">Hazafik<\/a>, <a href=\"https:\/\/www.justhvk.hu\/blog\/wp-content\/uploads\/2017\/02\/Pasztor_Martin_Sirnak_a_hosok.pdf\">S\u00edrnak a h\u0151s\u00f6k<\/a>, <em>Lantos L\u00e1szl\u00f3<\/em> <a href=\"https:\/\/www.justhvk.hu\/blog\/wp-content\/uploads\/2017\/02\/Lantos_Laszlo_1956.pdf\">1956<\/a>) Eml\u00e9klapot \u00e9s k\u00fcl\u00f6nb\u00f6z\u0151 \u00e9rt\u00e9k\u0171 k\u00f6nyvutalv\u00e1nyt adott munk\u00e1ja elismer\u00e9sek\u00e9nt.<\/p>\n<p>A rendezv\u00e9nyen <em>Tomanek G\u00e1bor<\/em> sz\u00ednm\u0171v\u00e9sz olvasott fel a helyez\u00e9st el\u00e9rt p\u00e1lyamunk\u00e1kb\u00f3l.<\/p>\n<p>A rendezv\u00e9ny m\u00e1sodik r\u00e9sz\u00e9ben <em>B\u00f3nus Istv\u00e1nra<\/em>, a forradalom ut\u00e1n Kistarcs\u00e1ra intern\u00e1lt orosh\u00e1zi k\u00f6lt\u0151re, egykori k\u00f6nyvt\u00e1ros koll\u00e9g\u00e1ra, eml\u00e9kezt\u00fcnk sz\u00fclet\u00e9s\u00e9nek 90. \u00e9vfordul\u00f3ja aprop\u00f3j\u00e1n.\u00a0Varga (Varsa) Zolt\u00e1n \u00e9s besz\u00e9lget\u0151 t\u00e1rsa <em>Koszor\u00fas Oszk\u00e1r<\/em> &#8211; Orosh\u00e1za V\u00e1ros D\u00edszpolg\u00e1ra \u2013 helyt\u00f6rt\u00e9n\u00e9sz sok \u00e9rdekes, hol vid\u00e1m, hol szomor\u00fa t\u00f6rt\u00e9netet mes\u00e9ltek az emberr\u0151l, a k\u00f6lt\u0151r\u0151l, \u201ea tany\u00e1k csalog\u00e1ny\u00e1r\u00f3l\u201d, B\u00f3nus Istv\u00e1nr\u00f3l.\u00a0Az est folyam\u00e1n n\u00e9h\u00e1ny vers\u00e9t is meghallgathattuk Tomanek G\u00e1bor sz\u00ednm\u0171v\u00e9sz kiv\u00e1l\u00f3 el\u0151ad\u00e1s\u00e1ban.<\/p>\n<p><em>A programot az 1956-os forradalom \u00e9s szabads\u00e1gharc \u00e9vfordul\u00f3j\u00e1ra l\u00e9trehozott <a href=\"http:\/\/www.magyarforradalom1956.hu\/\">Eml\u00e9kbizotts\u00e1g<\/a> t\u00e1mogatta.<\/em><\/p>\n<p>Szervez\u0151k: <a href=\"https:\/\/www.justhvk.hu\/\">Justh Zsigmond V\u00e1rosi K\u00f6nyvt\u00e1r<\/a>, <a href=\"http:\/\/www.pmk.oroshaza.hu\/\">Pet\u0151fi M\u0171vel\u0151d\u00e9si K\u00f6zpont<\/a><\/p>\n<p>A rendezv\u00e9nyen k\u00e9sz\u00fclt fot\u00f3k a <a href=\"https:\/\/goo.gl\/photos\/17t468shTWtAvAFK6\">gal\u00e9ri\u00e1nkon kereszt\u00fcl<\/a> \u00e9rhet\u0151ek el.<\/p>\n<p>&nbsp;<\/p>\n<div class=\"fcbkbttn_buttons_block\" id=\"fcbkbttn_left\"><div class=\"fcbkbttn_like \"><fb:like href=\"https:\/\/blog.justhvk.hu\/blog\/1956-margojara-emlekezes-es-eredmenyhirdetes\/\" action=\"like\" colorscheme=\"light\" layout=\"button_count\"  size=\"small\"><\/fb:like><\/div><div class=\"fb-share-button  \" data-href=\"https:\/\/blog.justhvk.hu\/blog\/1956-margojara-emlekezes-es-eredmenyhirdetes\/\" data-type=\"button_count\" data-size=\"small\"><\/div><\/div>","protected":false},"excerpt":{"rendered":"<p>A \u201cMai szabads\u00e1gunk\u2026\u201d vers- \u00e9s novella\u00edr\u00f3 p\u00e1ly\u00e1zat eredm\u00e9ny\u00e9t az \u00e9rdekeltek \u00e9s az \u00e9rdekl\u0151d\u0151k a magyar kult\u00fara napj\u00e1hoz kapcsol\u00f3d\u00f3, 1956-os eml\u00e9k\u00e9vet lez\u00e1r\u00f3, \u201c1956 marg\u00f3j\u00e1ra\u201d c\u00edm\u0171 rendezv\u00e9ny\u00fcnk\u00f6n ismerhett\u00e9k meg. K\u00f6nyvt\u00e1runk igazgat\u00f3ja Buzai Csaba k\u00f6sz\u00f6nt\u00f6tte a vend\u00e9geket, majd a zs\u0171ri eln\u00f6ke Varga (Varsa) Zolt\u00e1n k\u00f6lt\u0151, az orosh\u00e1zi k\u00f6nyvt\u00e1r egykori igazgat\u00f3ja sz\u00f3lt biztat\u00f3an a p\u00e1ly\u00e1z\u00f3khoz \u00e9s r\u00f6viden \u00e9rt\u00e9kelte leadott [&hellip;]<\/p>\n","protected":false},"author":14,"featured_media":12763,"comment_status":"open","ping_status":"open","sticky":false,"template":"","format":"standard","meta":{"episode_type":"","audio_file":"","cover_image":"","cover_image_id":"","duration":"","filesize":"","date_recorded":"","explicit":"","block":"","filesize_raw":"","ngg_post_thumbnail":0,"footnotes":""},"categories":[2,255,452],"tags":[],"class_list":["post-12761","post","type-post","status-publish","format-standard","has-post-thumbnail","hentry","category-2","category-justh-zsigmond-varosi-konyvtar","category-oroshaza"],"_links":{"self":[{"href":"https:\/\/blog.justhvk.hu\/blog\/wp-json\/wp\/v2\/posts\/12761","targetHints":{"allow":["GET"]}}],"collection":[{"href":"https:\/\/blog.justhvk.hu\/blog\/wp-json\/wp\/v2\/posts"}],"about":[{"href":"https:\/\/blog.justhvk.hu\/blog\/wp-json\/wp\/v2\/types\/post"}],"author":[{"embeddable":true,"href":"https:\/\/blog.justhvk.hu\/blog\/wp-json\/wp\/v2\/users\/14"}],"replies":[{"embeddable":true,"href":"https:\/\/blog.justhvk.hu\/blog\/wp-json\/wp\/v2\/comments?post=12761"}],"version-history":[{"count":5,"href":"https:\/\/blog.justhvk.hu\/blog\/wp-json\/wp\/v2\/posts\/12761\/revisions"}],"predecessor-version":[{"id":12773,"href":"https:\/\/blog.justhvk.hu\/blog\/wp-json\/wp\/v2\/posts\/12761\/revisions\/12773"}],"wp:featuredmedia":[{"embeddable":true,"href":"https:\/\/blog.justhvk.hu\/blog\/wp-json\/wp\/v2\/media\/12763"}],"wp:attachment":[{"href":"https:\/\/blog.justhvk.hu\/blog\/wp-json\/wp\/v2\/media?parent=12761"}],"wp:term":[{"taxonomy":"category","embeddable":true,"href":"https:\/\/blog.justhvk.hu\/blog\/wp-json\/wp\/v2\/categories?post=12761"},{"taxonomy":"post_tag","embeddable":true,"href":"https:\/\/blog.justhvk.hu\/blog\/wp-json\/wp\/v2\/tags?post=12761"}],"curies":[{"name":"wp","href":"https:\/\/api.w.org\/{rel}","templated":true}]}}