{"id":12934,"date":"2017-03-02T07:40:37","date_gmt":"2017-03-02T07:40:37","guid":{"rendered":"https:\/\/www.justhvk.hu\/blog\/?p=12934"},"modified":"2017-03-02T09:36:01","modified_gmt":"2017-03-02T09:36:01","slug":"schubert-a-kulonos-zseni","status":"publish","type":"post","link":"https:\/\/blog.justhvk.hu\/blog\/schubert-a-kulonos-zseni\/","title":{"rendered":"Schubert, a k\u00fcl\u00f6n\u00f6s zseni"},"content":{"rendered":"<p>Kedves Olvas\u00f3ink!<\/p>\n<p>Szeretettel v\u00e1runk mindenkit Zenet\u00f6rt\u00e9neti Est\u00e9k sorozatunk \u00fajabb el\u0151ad\u00e1s\u00e1ra, melyen a 220 \u00e9vvel ezel\u0151tt sz\u00fcletett zeneszerz\u0151re, Franz Schubertre eml\u00e9kez\u00fcnk. A rendezv\u00e9ny id\u0151pontja: 2017. m\u00e1rcius 7. (kedd) 17 \u00f3ra, helysz\u00edne k\u00f6nyvt\u00e1runk olvas\u00f3terme. El\u0151ad\u00f3: T\u00f6rk\u00f6ly J\u00f3zsef k\u00f6nyvt\u00e1ros.<\/p>\n<p><a href=\"https:\/\/www.facebook.com\/events\/906086789528087\/\">Facebook-esem\u00e9ny<\/a><\/p>\n<p><a href=\"https:\/\/calendar.google.com\/calendar\/event?action=TEMPLATE&amp;tmeid=ZWNkYnFqY3JhbDdqaDFzZm5mY25lNzdmZjAganVzdGh2a0Bt&amp;tmsrc=justhvk%40gmail.com\" target=\"_blank\"><img decoding=\"async\" src=\"https:\/\/www.google.com\/calendar\/images\/ext\/gc_button1_hu.gif\" border=\"0\" \/><\/a><\/p>\n<p><a href=\"https:\/\/www.justhvk.hu\/blog\/wp-content\/uploads\/2017\/03\/Schubert-plak\u00e1t.jpg\"><img loading=\"lazy\" decoding=\"async\" class=\"alignleft size-full wp-image-12935\" src=\"https:\/\/www.justhvk.hu\/blog\/wp-content\/uploads\/2017\/03\/Schubert-plak\u00e1t.jpg\" alt=\"schubert-plakat\" width=\"1243\" height=\"1755\" \/><\/a><\/p>\n<div class=\"fcbkbttn_buttons_block\" id=\"fcbkbttn_left\"><div class=\"fcbkbttn_like \"><fb:like href=\"https:\/\/blog.justhvk.hu\/blog\/schubert-a-kulonos-zseni\/\" action=\"like\" colorscheme=\"light\" layout=\"button_count\"  size=\"small\"><\/fb:like><\/div><div class=\"fb-share-button  \" data-href=\"https:\/\/blog.justhvk.hu\/blog\/schubert-a-kulonos-zseni\/\" data-type=\"button_count\" data-size=\"small\"><\/div><\/div>","protected":false},"excerpt":{"rendered":"<p>Kedves Olvas\u00f3ink! Szeretettel v\u00e1runk mindenkit Zenet\u00f6rt\u00e9neti Est\u00e9k sorozatunk \u00fajabb el\u0151ad\u00e1s\u00e1ra, melyen a 220 \u00e9vvel ezel\u0151tt sz\u00fcletett zeneszerz\u0151re, Franz Schubertre eml\u00e9kez\u00fcnk. A rendezv\u00e9ny id\u0151pontja: 2017. m\u00e1rcius 7. (kedd) 17 \u00f3ra, helysz\u00edne k\u00f6nyvt\u00e1runk olvas\u00f3terme. El\u0151ad\u00f3: T\u00f6rk\u00f6ly J\u00f3zsef k\u00f6nyvt\u00e1ros. Facebook-esem\u00e9ny<\/p>\n","protected":false},"author":4,"featured_media":0,"comment_status":"open","ping_status":"open","sticky":false,"template":"","format":"standard","meta":{"episode_type":"","audio_file":"","cover_image":"","cover_image_id":"","duration":"","filesize":"","date_recorded":"","explicit":"","block":"","filesize_raw":"","ngg_post_thumbnail":0,"footnotes":""},"categories":[824,597,660,823],"tags":[],"class_list":["post-12934","post","type-post","status-publish","format-standard","hentry","category-schubert","category-torkoly-jozsef","category-zenei-konyvtar","category-zenetorteneti-estek"],"_links":{"self":[{"href":"https:\/\/blog.justhvk.hu\/blog\/wp-json\/wp\/v2\/posts\/12934","targetHints":{"allow":["GET"]}}],"collection":[{"href":"https:\/\/blog.justhvk.hu\/blog\/wp-json\/wp\/v2\/posts"}],"about":[{"href":"https:\/\/blog.justhvk.hu\/blog\/wp-json\/wp\/v2\/types\/post"}],"author":[{"embeddable":true,"href":"https:\/\/blog.justhvk.hu\/blog\/wp-json\/wp\/v2\/users\/4"}],"replies":[{"embeddable":true,"href":"https:\/\/blog.justhvk.hu\/blog\/wp-json\/wp\/v2\/comments?post=12934"}],"version-history":[{"count":6,"href":"https:\/\/blog.justhvk.hu\/blog\/wp-json\/wp\/v2\/posts\/12934\/revisions"}],"predecessor-version":[{"id":12946,"href":"https:\/\/blog.justhvk.hu\/blog\/wp-json\/wp\/v2\/posts\/12934\/revisions\/12946"}],"wp:attachment":[{"href":"https:\/\/blog.justhvk.hu\/blog\/wp-json\/wp\/v2\/media?parent=12934"}],"wp:term":[{"taxonomy":"category","embeddable":true,"href":"https:\/\/blog.justhvk.hu\/blog\/wp-json\/wp\/v2\/categories?post=12934"},{"taxonomy":"post_tag","embeddable":true,"href":"https:\/\/blog.justhvk.hu\/blog\/wp-json\/wp\/v2\/tags?post=12934"}],"curies":[{"name":"wp","href":"https:\/\/api.w.org\/{rel}","templated":true}]}}