{"id":12980,"date":"2017-03-13T16:34:47","date_gmt":"2017-03-13T16:34:47","guid":{"rendered":"https:\/\/www.justhvk.hu\/blog\/?p=12980"},"modified":"2017-06-20T11:52:50","modified_gmt":"2017-06-20T11:52:50","slug":"a-beatlestol-az-iron-maidenig-tamas-es-a-valaszut-zenekar-a-rockbogracsban","status":"publish","type":"post","link":"https:\/\/blog.justhvk.hu\/blog\/a-beatlestol-az-iron-maidenig-tamas-es-a-valaszut-zenekar-a-rockbogracsban\/","title":{"rendered":"A Beatlest\u0151l az Iron Maidenig \u2013 Tam\u00e1s \u00e9s a V\u00e1lasz\u00dat zenekar a Rockbogr\u00e1csban"},"content":{"rendered":"<p><strong>\u00a0 A sr\u00e1c ink\u00e1bb k\u00f6zel\u00edt az egy kilencvenhez, mint az egy hetvenhez. \u00d6sszecsutizott, hossz\u00fa hull\u00e1mos haj, farmerdzseki, szel\u00edd, m\u00e1r-m\u00e1r f\u00e9l\u00e9nk, de \u00e9rdekl\u0151d\u0151 tekintet, s egyfajta hat\u00e1rozotts\u00e1g a k\u00f6sz\u00f6n\u00e9s\u00e9ben. \u00cdgy \u00e9rkezik meg Tenkes Tomi, a h\u00faszas \u00e9veiben j\u00e1r\u00f3 fiatal orosh\u00e1zi git\u00e1ros a zenei k\u00f6nyvt\u00e1rba, ahol interj\u00fat k\u00e9sz\u00edtek vele. Ismerj\u00fck egym\u00e1st, ha m\u00e1shonnan nem, a kor\u00e1bbi \u00e9vek orosh\u00e1zi rockvet\u00e9lked\u0151ir\u0151l, ahol olykor a zs\u0171ri asztal\u00e1n\u00e1l \u00fclt a fiatal koroszt\u00e1ly k\u00e9pviselet\u00e9ben. Tudok r\u00f3la egy s m\u00e1st, s ez sz\u00f3 szerint \u00edgy van, mert az egy s m\u00e1s eset\u00fcnkben kb. a f\u00e9lig-meddig ismerem szintnek felel meg. S mivel a k\u00f6zelm\u00faltban rockberkekben egyre ink\u00e1bb zajlott vele az \u00e9let, a labda fel volt dobva, \u00edrjunk r\u00f3la, mutassuk be \u0151t, \u00fagy is, mint korunk helyi fiatals\u00e1g\u00e1nak egyik p\u00e9lda\u00e9rt\u00e9k\u0171 kiv\u00e9tel\u00e9t, aki hangszert fogott \u00e9s muzsik\u00e1lni kezdett, nem is ak\u00e1rhogyan.<\/strong><\/p>\n<div id=\"attachment_12986\" style=\"width: 660px\" class=\"wp-caption alignleft\"><a href=\"https:\/\/www.justhvk.hu\/blog\/wp-content\/uploads\/2017\/03\/15304465_833623373447497_7919160145259134259_o.jpg\"><img loading=\"lazy\" decoding=\"async\" aria-describedby=\"caption-attachment-12986\" class=\"wp-image-12986\" src=\"https:\/\/www.justhvk.hu\/blog\/wp-content\/uploads\/2017\/03\/15304465_833623373447497_7919160145259134259_o.jpg\" alt=\"15304465_833623373447497_7919160145259134259_o\" width=\"650\" height=\"441\" \/><\/a><p id=\"caption-attachment-12986\" class=\"wp-caption-text\">A V\u00e1lasz\u00dat zenekar &#8211; Tomi feh\u00e9r fels\u0151ben, hossz\u00fa hajjal<\/p><\/div>\n<p><strong><em>T\u00f6rk\u00f6ly J\u00f3zsef:<\/em><\/strong><em> Ad\u00f3dik a k\u00e9rd\u00e9s: ki \u201efert\u0151z\u00f6tt meg\u201d a rockzen\u00e9vel?<\/em><\/p>\n<p><strong>Tenkes Tam\u00e1s<\/strong>: Hat\u00e9ves voltam, amikor \u00e9desap\u00e1mnak egy r\u00e9gi cseh dobozgit\u00e1rj\u00e1n elkezdt\u00fcnk gyakorolni. A hangszert r\u00e1k\u00f6t\u00f6tt\u00fck egy B100-as szalagos magn\u00f3ra ez volt az er\u0151s\u00edt\u0151 \u00e9s a hangfal. A k\u00f6rnyezetemben mindenfel\u0151l a zene \u00e1ramlott az \u00e9letembe, mindig sz\u00f3lt a r\u00e1di\u00f3, \u00e9s ap\u00e1m\u00e9knak el\u00e9g sok bakelit lemez\u00fck is volt, s ezeket egy id\u0151ben teljesen v\u00e9gig is hallgattam Z\u00e1ray\u00e9kt\u00f3l kezdve az \u201eIll\u00e9s-Metr\u00f3-Omeg\u00e1n\u201d \u00e1t a klasszikus rockzen\u00e9ig. Amikor a csal\u00e1dodban mindig sz\u00f3l valamilyen zene, akkor val\u00f3ban fenn\u00e1ll a \u201efert\u0151z\u00e9s\u201d vesz\u00e9lye.<\/p>\n<p><em>T. J. &#8211; Ez volt a kezdet. Hogyan alakultak a tov\u00e1bbi zenei tanulm\u00e1nyaid?<\/em><\/p>\n<p>T. T. &#8211; Az orosh\u00e1zi zeneiskol\u00e1ban tanultam a hangszert, majd k\u00e9s\u0151bb az evang\u00e9likus gimn\u00e1ziumi \u00e9vek alatt mag\u00e1ntan\u00e1rokhoz is j\u00e1rtam. Azt\u00e1n j\u00f6ttek a zenekar alap\u00edt\u00e1sos id\u0151k. M\u00e9g ma is n\u00e9ha \u00f6sszej\u00f6n a FeRa.La nev\u0171 form\u00e1ci\u00f3nk B\u00e9k\u00e9scsab\u00e1n. Ez a csapat legink\u00e1bb Iron Maident j\u00e1tszik, a hozz\u00e1m legk\u00f6zelebb \u00e1ll\u00f3 st\u00edlust, a New Wave of British Heavy Metalt k\u00e9pviselve. Emellett saj\u00e1t zenekarom a Nessus is l\u00e9tezik m\u00e9g. Ut\u00f3bbival egy saj\u00e1t sz\u00e1mokat tartalmaz\u00f3 dem\u00f3felv\u00e9tel elk\u00e9sz\u00edt\u00e9s\u00e9n dolgozunk.<\/p>\n<p><em><em>T. J. &#8211; S ha m\u00e1r zenekarok, ne feledj\u00fck, j\u00e1tszott\u00e1l az orosh\u00e1zi Mr. \u00e9s Mrs. Shame-ben is.<\/em><\/em><\/p>\n<p>T. T. &#8211; Igen, illetve ezek egyik el\u0151dj\u00e9ben az Ulrich J\u00f3zsi \u00e1ltal alap\u00edtott Bifidus Blues Bandben is.<\/p>\n<p><em>T. J. &#8211; Jelen pillanatban k\u00e9t zenekarnak vagy a tagja. A csan\u00e1dap\u00e1cai \u00d6r\u00f6ks\u00e9gnek \u00e9s a budapesti <a href=\"http:\/\/www.valaszutzenekar.hu\/\" target=\"_blank\">V\u00e1lasz\u00datnak<\/a>. El\u0151bbi a k\u00f6zelebbi k\u00f6rnyezet ok\u00e1n k\u00f6nnyebben \u00e9rthet\u0151, a V\u00e1lasz\u00dat nev\u0171 form\u00e1ci\u00f3val val\u00f3 kapcsolatod, azonban n\u00e9mi magyar\u00e1zatot ig\u00e9nyel. Hogyan ker\u00fclt\u00e9l kapcsolatba a pesti zenekarral?<\/em><\/p>\n<p>T. T. &#8211; Egy kicsit tr\u00e9f\u00e1s, ahogyan mi egym\u00e1sra tal\u00e1ltunk. Egyfel\u0151l folyamatosan figyeltem a pesti zenekarok hirdet\u00e9seit, ugyanis azt hiszem, nem t\u00e9vedek nagyot, ha azt mondom, t\u00f6bb lehet\u0151s\u00e9g van a f\u0151v\u00e1rosban zen\u00e9lni, mint itt vid\u00e9ken. M\u00e1sr\u00e9szt \u2013 mint k\u00e9s\u0151bb kider\u00fclt \u2013 a V\u00e1lasz\u00dat egy\u00fcttes hirdet\u00e9se, amit \u00e9n megtal\u00e1ltam, f\u00e9lig-meddig v\u00e9letlen\u00fcl jelent meg akkor. Ugyanis a csapat k\u00e9s\u0151bbre tervezte a hirdet\u00e9st, melyet azonban valaki m\u00e9gis felrakott. Eml\u00e9kszem, K\u0151b\u00e1ny\u00e1ra, a meghallgat\u00e1sra \u00fagy mentem fel, hogy otthon felejtettem a telefont, amelyben benne volt a c\u00edm, a tagok telefonsz\u00e1ma, minden, mert annyira izgultam.<\/p>\n<p><em>T. J. &#8211; Egy\u00e9bk\u00e9nt izgul\u00f3s t\u00edpus vagy?<\/em><\/p>\n<p>T. T. &#8211; Igen, el\u00e9gg\u00e9.<\/p>\n<p><em><em>T. J. &#8211; A sz\u00ednpadra l\u00e9p\u00e9s el\u0151tt hogyan kezeled ezt?<\/em><\/em><\/p>\n<p>T. T. &#8211; A l\u00e1mpal\u00e1z addig tart, am\u00edg a git\u00e1r a kezembe nem ker\u00fcl. Onnant\u00f3l kezdve minden megv\u00e1ltozik, elt\u0171nik a f\u00e9lelem, hiszen tudom, hogy amivel a sz\u00ednpadra l\u00e9pek, azt el tudom j\u00e1tszani.<\/p>\n<p><em>T. J. &#8211; Visszat\u00e9rve a V\u00e1lasz\u00dat zenekarhoz, m\u00falt \u00e9v v\u00e9g\u00e9n a Rock R\u00e1di\u00f3ban szerepelt a csapat. Mes\u00e9lj err\u0151l, k\u00e9rlek!<\/em><\/p>\n<p>T. T. &#8211; A dolog \u00fagy kezd\u0151d\u00f6tt, hogy a zenekar \u201eMindenen \u00e1t\u201d c\u00edm\u0171 album\u00e1r\u00f3l bejutott a r\u00e1di\u00f3ba az \u201eEgy j\u00f3 nagy korty az \u00e9letb\u0151l\u201d c\u00edm\u0171 dal. Ezt a felv\u00e9telt a r\u00e1di\u00f3 rendszeresen j\u00e1tssza. Ezut\u00e1n felh\u00edvt\u00e1k az egy\u00fcttest, hogy szerepelhet a Nagy Fer\u00f3 \u00e1ltal vezetett Rockbogr\u00e1cs c\u00edm\u0171 m\u0171sorban, melynek az a l\u00e9nyege, hogy adott zenekarok tagjait \u00f6sszekevernek m\u00e1s zen\u00e9szekkel, s ezek az \u00e1tmeneti form\u00e1ci\u00f3k kapnak egy-egy popsl\u00e1gert, amit rockos\u00edtott form\u00e1ban fel kell dolgozniuk. M\u00f3cz\u00e1r Laci git\u00e1rosunk p\u00e9ld\u00e1ul Pataky Attil\u00e1val szerepelt, Szebel\u00e9di Zsolti az Ego Project tagjaival, \u00e9n pedig t\u00f6bbek k\u00f6z\u00f6tt Homonnay Zsolt \u00e9nekessel. A kapott dalokat otthon kidolgozhattuk, majd \u00f6sszepr\u00f3b\u00e1ltuk \u00e9s el\u0151adtuk Nagy Fer\u00f3 m\u0171sor\u00e1ban. \u00cdgy szerepelt\u00fcnk teh\u00e1t a V\u00e1lasz\u00dat zenekar tagjaik\u00e9nt h\u00e1rom k\u00fcl\u00f6nb\u00f6z\u0151 form\u00e1ci\u00f3val a Rockbogr\u00e1csban.<br \/>\nA Rock R\u00e1di\u00f3 egy\u00e9bk\u00e9nt az\u00f3ta m\u00e1r j\u00e1tssza legfrissebb dalunkat az <strong><em><a href=\"https:\/\/www.youtube.com\/watch?v=fiqvtSrwPo4\" target=\"_blank\">\u00c1lompolg\u00e1r<\/a>t<\/em><\/strong> is, melyre videoklip is k\u00e9sz\u00fclt.<\/p>\n<p><em>T. J. &#8211; Milyen terveid vannak a j\u00f6v\u0151re n\u00e9zve?<\/em><\/p>\n<p>T. T. &#8211; Szeretn\u00e9k felk\u00f6lt\u00f6zni Pestre, hogy m\u00e9g komolyabban tudjak foglalkozni a V\u00e1lasz\u00dat zenekarral, hiszen a k\u00e9thetenk\u00e9nti felutaz\u00e1s ezt most nem teszi lehet\u0151v\u00e9. A V\u00e1lasz\u00dattal egy\u00e9bk\u00e9nt m\u00e1rcius 17-\u00e9n Esztergomban j\u00e1tszunk a Nomad egy\u00fcttes t\u00e1rsas\u00e1g\u00e1ban. A kor\u00e1bban eml\u00edtett Nessus zenekar anyag\u00e1t is szeretn\u00e9m, ha v\u00e9gre elk\u00e9sz\u00fclne. Az \u00d6r\u00f6ks\u00e9ggel is folynak a pr\u00f3b\u00e1k, ann\u00e1l is ink\u00e1bb, hiszen ez a csapat j\u00faniusban fell\u00e9p a III. Icon Motoros Tal\u00e1lkoz\u00f3n Mez\u0151kov\u00e1csh\u00e1z\u00e1n.<\/p>\n<p><em>T. J. &#8211; Sok sikert k\u00edv\u00e1nunk a tov\u00e1bbiakban!<\/em><\/p>\n<p><strong>V\u00e1lasz\u00dat zenekar:<\/strong><br \/>\n&#8211; Szebel\u00e9di Zsolt \u2013 \u00e9nek, dobok, git\u00e1r<br \/>\n&#8211; M\u00f3cz\u00e1r L\u00e1szl\u00f3 \u2013 git\u00e1r, vok\u00e1l<br \/>\n&#8211; Tenkes Tam\u00e1s \u2013 git\u00e1r<br \/>\n&#8211; Szkly\u00e1rov Szergej \u2013 basszusgit\u00e1r<\/p>\n<p><em>Tam\u00e1s vel\u00fck szerepelt a Rockbogr\u00e1cs c. r\u00e1di\u00f3m\u0171sorban:<\/em><br \/>\n&#8211; Homonnay Zsolt \u2013 \u00e9nek<br \/>\n&#8211; L\u0151rincz Viktor \u2013 basszusgit\u00e1r<br \/>\n&#8211; Borb\u00e9ly Zsolt \u2013 dob<\/p>\n<div class=\"fcbkbttn_buttons_block\" id=\"fcbkbttn_left\"><div class=\"fcbkbttn_like \"><fb:like href=\"https:\/\/blog.justhvk.hu\/blog\/a-beatlestol-az-iron-maidenig-tamas-es-a-valaszut-zenekar-a-rockbogracsban\/\" action=\"like\" colorscheme=\"light\" layout=\"button_count\"  size=\"small\"><\/fb:like><\/div><div class=\"fb-share-button  \" data-href=\"https:\/\/blog.justhvk.hu\/blog\/a-beatlestol-az-iron-maidenig-tamas-es-a-valaszut-zenekar-a-rockbogracsban\/\" data-type=\"button_count\" data-size=\"small\"><\/div><\/div>","protected":false},"excerpt":{"rendered":"<p>\u00a0 A sr\u00e1c ink\u00e1bb k\u00f6zel\u00edt az egy kilencvenhez, mint az egy hetvenhez. \u00d6sszecsutizott, hossz\u00fa hull\u00e1mos haj, farmerdzseki, szel\u00edd, m\u00e1r-m\u00e1r f\u00e9l\u00e9nk, de \u00e9rdekl\u0151d\u0151 tekintet, s egyfajta hat\u00e1rozotts\u00e1g a k\u00f6sz\u00f6n\u00e9s\u00e9ben. \u00cdgy \u00e9rkezik meg Tenkes Tomi, a h\u00faszas \u00e9veiben j\u00e1r\u00f3 fiatal orosh\u00e1zi git\u00e1ros a zenei k\u00f6nyvt\u00e1rba, ahol interj\u00fat k\u00e9sz\u00edtek vele. Ismerj\u00fck egym\u00e1st, ha m\u00e1shonnan nem, a kor\u00e1bbi \u00e9vek [&hellip;]<\/p>\n","protected":false},"author":4,"featured_media":0,"comment_status":"open","ping_status":"open","sticky":false,"template":"","format":"standard","meta":{"episode_type":"","audio_file":"","cover_image":"","cover_image_id":"","duration":"","filesize":"","date_recorded":"","explicit":"","block":"","filesize_raw":"","ngg_post_thumbnail":0,"footnotes":""},"categories":[826,597,827,657,658,851,660],"tags":[],"class_list":["post-12980","post","type-post","status-publish","format-standard","hentry","category-tenkes-tamas","category-torkoly-jozsef","category-valaszut-zenekar","category-zene","category-zenei-elet","category-zenei-interjuk","category-zenei-konyvtar"],"_links":{"self":[{"href":"https:\/\/blog.justhvk.hu\/blog\/wp-json\/wp\/v2\/posts\/12980","targetHints":{"allow":["GET"]}}],"collection":[{"href":"https:\/\/blog.justhvk.hu\/blog\/wp-json\/wp\/v2\/posts"}],"about":[{"href":"https:\/\/blog.justhvk.hu\/blog\/wp-json\/wp\/v2\/types\/post"}],"author":[{"embeddable":true,"href":"https:\/\/blog.justhvk.hu\/blog\/wp-json\/wp\/v2\/users\/4"}],"replies":[{"embeddable":true,"href":"https:\/\/blog.justhvk.hu\/blog\/wp-json\/wp\/v2\/comments?post=12980"}],"version-history":[{"count":24,"href":"https:\/\/blog.justhvk.hu\/blog\/wp-json\/wp\/v2\/posts\/12980\/revisions"}],"predecessor-version":[{"id":13006,"href":"https:\/\/blog.justhvk.hu\/blog\/wp-json\/wp\/v2\/posts\/12980\/revisions\/13006"}],"wp:attachment":[{"href":"https:\/\/blog.justhvk.hu\/blog\/wp-json\/wp\/v2\/media?parent=12980"}],"wp:term":[{"taxonomy":"category","embeddable":true,"href":"https:\/\/blog.justhvk.hu\/blog\/wp-json\/wp\/v2\/categories?post=12980"},{"taxonomy":"post_tag","embeddable":true,"href":"https:\/\/blog.justhvk.hu\/blog\/wp-json\/wp\/v2\/tags?post=12980"}],"curies":[{"name":"wp","href":"https:\/\/api.w.org\/{rel}","templated":true}]}}