{"id":13057,"date":"2017-03-25T13:44:34","date_gmt":"2017-03-25T13:44:34","guid":{"rendered":"https:\/\/www.justhvk.hu\/blog\/?p=13057"},"modified":"2017-03-25T13:44:34","modified_gmt":"2017-03-25T13:44:34","slug":"bach-es-az-antianyag-konyvajanlo","status":"publish","type":"post","link":"https:\/\/blog.justhvk.hu\/blog\/bach-es-az-antianyag-konyvajanlo\/","title":{"rendered":"Bach \u00e9s az antianyag &#8211; K\u00f6nyvaj\u00e1nl\u00f3"},"content":{"rendered":"<p>Lehet-e m\u00e9g \u00fajat mondani a barokk zene legnagyobb alakj\u00e1r\u00f3l? Van-e m\u00e9g valami, ami \u00faj n\u00e9z\u0151pontb\u00f3l vil\u00e1g\u00edtja meg ennek a g\u00e9niusznak az \u00e9let\u00e9t, \u00e9s persze m\u0171v\u00e9szet\u00e9t? Lehet-e \u00faj \u00f6sszef\u00fcgg\u00e9srendszert fel\u00e1ll\u00edtani Bach \u00e9let\u00e9re, zen\u00e9j\u00e9re, illetve b\u00e1rmire, amit a m\u0171v\u00e9szet hivatott szolg\u00e1lni? Pardi Anna, k\u00f6lt\u0151, \u00fajs\u00e1g\u00edr\u00f3 k\u00f6nyve e k\u00e9rd\u00e9sekre hat\u00e1rozott igennel felel.<\/p>\n<div id=\"attachment_13060\" style=\"width: 212px\" class=\"wp-caption alignleft\"><a href=\"https:\/\/www.justhvk.hu\/blog\/wp-content\/uploads\/2017\/03\/0000150_bach-es-az-antianyag_300.jpeg\"><img loading=\"lazy\" decoding=\"async\" aria-describedby=\"caption-attachment-13060\" class=\"wp-image-13060 size-full\" src=\"https:\/\/www.justhvk.hu\/blog\/wp-content\/uploads\/2017\/03\/0000150_bach-es-az-antianyag_300.jpeg\" alt=\"0000150_bach-es-az-antianyag_300\" width=\"202\" height=\"300\" \/><\/a><p id=\"caption-attachment-13060\" class=\"wp-caption-text\">Forr\u00e1s: Kairosz.hu<\/p><\/div>\n<p>Az alig t\u00f6bb mint 200 oldalas k\u00f6tet tulajdonk\u00e9ppen k\u00fcl\u00f6n\u00f6s st\u00edlusban meg\u00edrt Bach monogr\u00e1fia, illetve ink\u00e1bb tal\u00e1n \u00e9letrajz. Szerz\u0151je nem kevesebbre v\u00e1llalkozott, mint hogy a \u2013 Bach \u00e9let\u00e9t\u0151l \u00e9s muzsik\u00e1j\u00e1t\u00f3l egy\u00e9bk\u00e9nt sem t\u00e1vol \u00e1ll\u00f3 \u2013 l\u00e9tfiloz\u00f3fiai k\u00e9rd\u00e9sek fel\u0151l k\u00f6zel\u00edtse meg a zeneszerz\u0151 \u00e9let\u00e9t. Ugyanakkor \u00e9rdekes m\u00f3don az alkalmazott megk\u00f6zel\u00edt\u00e9sm\u00f3d t\u00e1volr\u00f3l sem hasonl\u00edt a tudom\u00e1nyos dolgozatok sz\u00e1raz st\u00edlus\u00e1ra. Val\u00f3j\u00e1ban egy olvasm\u00e1nyos, zenet\u00f6rt\u00e9neti elemekkel er\u0151sen megt\u0171zdelt, saj\u00e1tos \u00edz\u0171, j\u00f3l meg\u00edrt \u2013 mondhatni szipork\u00e1z\u00f3 \u2013 essz\u00e9k\u00f6tettel van dolgunk. S hogy mi k\u00f6ze mindennek az antianyaghoz? Id\u00e9zz\u00fcnk a k\u00f6tet h\u00e1ts\u00f3 bor\u00edt\u00f3j\u00e1nak sz\u00f6veg\u00e9b\u0151l:<\/p>\n<p><em>\u201eA zene \u0151soka az ellenpont. Mi az ellenpont voltak\u00e9pp? Mi az antianyag? A nagy teljes\u00edtm\u00e9nyek pillanat\u00e1ban mindezt Bach tudatlanul tudta. Oly lelk\u00fclet birtok\u00e1ba jutott, amely birtokl\u00e1son fel\u00fcl val\u00f3. A f\u00faga a fugero, fugere, sz\u00f6kni, futni latin ig\u00e9b\u0151l sz\u00e1rmazik, teh\u00e1t futott, sz\u00f6k\u00f6tt, terjedt felfel\u00e9. A szeretet t\u00f6megvonz\u00e1sa, a dolgok \u00f6sszess\u00e9ge a Legf\u0151bb J\u00f3hoz r\u00f6p\u00edtette \u0151t, amit megismerni maga a boldogs\u00e1g, nem ismerni maga a boldogtalans\u00e1g. [\u2026] A vil\u00e1g el\u0151rehalad\u00e1sa fokoz\u00f3d\u00f3 sz\u00e9tv\u00e1l\u00e1sokon \u00e1t vezet. A f\u00faga m\u0171v\u00e9szet\u00e9ben l\u00e9tfiloz\u00f3fiai k\u00e9rd\u00e9sek csendj\u00e9be jutott el a mester: az egynem\u0171ben soha nincs meg a mozg\u00e1sra val\u00f3 hajland\u00f3s\u00e1g. A j\u00f3 \u00e9s a rossz, az anyag \u00e9s az antianyag egy k\u00e9tp\u00f3lus\u00fa vil\u00e1g mozgat\u00f3i.\u201d<\/em><\/p>\n<p>Mintha t\u00fal j\u00e1rn\u00e1nk m\u00e1r anyagon, vil\u00e1gon, zen\u00e9n, m\u0171v\u00e9szeten, mindenen&#8230;<br \/>\nPardi Anna korunk egyik kimagasl\u00f3 essz\u00e9ist\u00e1ja, az elm\u00falt \u00e9vekben megjelent k\u00f6teteivel nem csup\u00e1n a m\u0171v\u00e9szet k\u00f6r\u00e9ben (Gesualdo, Schubert, 2010, Ludwig, 2012, Gogol, 2014), de a misztikum (Avilai Nagy Szent Ter\u00e9z, 2013) vil\u00e1g\u00e1ban is sz\u00edvesen kalandozott. K\u00f6tetei a Kairosz kiad\u00f3 gondoz\u00e1s\u00e1ban jelentek meg.<\/p>\n<p>A Bachr\u00f3l sz\u00f3l\u00f3 k\u00f6nyv kik\u00f6lcs\u00f6n\u00f6zhet\u0151 a Justh Zsigmond V\u00e1rosi K\u00f6nyvt\u00e1rb\u00f3l. Szeretettel v\u00e1rjuk olvas\u00f3inkat!<\/p>\n<div class=\"fcbkbttn_buttons_block\" id=\"fcbkbttn_left\"><div class=\"fcbkbttn_like \"><fb:like href=\"https:\/\/blog.justhvk.hu\/blog\/bach-es-az-antianyag-konyvajanlo\/\" action=\"like\" colorscheme=\"light\" layout=\"button_count\"  size=\"small\"><\/fb:like><\/div><div class=\"fb-share-button  \" data-href=\"https:\/\/blog.justhvk.hu\/blog\/bach-es-az-antianyag-konyvajanlo\/\" data-type=\"button_count\" data-size=\"small\"><\/div><\/div>","protected":false},"excerpt":{"rendered":"<p>Lehet-e m\u00e9g \u00fajat mondani a barokk zene legnagyobb alakj\u00e1r\u00f3l? Van-e m\u00e9g valami, ami \u00faj n\u00e9z\u0151pontb\u00f3l vil\u00e1g\u00edtja meg ennek a g\u00e9niusznak az \u00e9let\u00e9t, \u00e9s persze m\u0171v\u00e9szet\u00e9t? Lehet-e \u00faj \u00f6sszef\u00fcgg\u00e9srendszert fel\u00e1ll\u00edtani Bach \u00e9let\u00e9re, zen\u00e9j\u00e9re, illetve b\u00e1rmire, amit a m\u0171v\u00e9szet hivatott szolg\u00e1lni? Pardi Anna, k\u00f6lt\u0151, \u00fajs\u00e1g\u00edr\u00f3 k\u00f6nyve e k\u00e9rd\u00e9sekre hat\u00e1rozott igennel felel. Az alig t\u00f6bb mint 200 oldalas [&hellip;]<\/p>\n","protected":false},"author":4,"featured_media":0,"comment_status":"open","ping_status":"open","sticky":false,"template":"","format":"standard","meta":{"episode_type":"","audio_file":"","cover_image":"","cover_image_id":"","duration":"","filesize":"","date_recorded":"","explicit":"","block":"","filesize_raw":"","ngg_post_thumbnail":0,"footnotes":""},"categories":[830,679,831],"tags":[],"class_list":["post-13057","post","type-post","status-publish","format-standard","hentry","category-bach-johann-sebastian","category-konyvajanlo","category-pardi-anna"],"_links":{"self":[{"href":"https:\/\/blog.justhvk.hu\/blog\/wp-json\/wp\/v2\/posts\/13057","targetHints":{"allow":["GET"]}}],"collection":[{"href":"https:\/\/blog.justhvk.hu\/blog\/wp-json\/wp\/v2\/posts"}],"about":[{"href":"https:\/\/blog.justhvk.hu\/blog\/wp-json\/wp\/v2\/types\/post"}],"author":[{"embeddable":true,"href":"https:\/\/blog.justhvk.hu\/blog\/wp-json\/wp\/v2\/users\/4"}],"replies":[{"embeddable":true,"href":"https:\/\/blog.justhvk.hu\/blog\/wp-json\/wp\/v2\/comments?post=13057"}],"version-history":[{"count":6,"href":"https:\/\/blog.justhvk.hu\/blog\/wp-json\/wp\/v2\/posts\/13057\/revisions"}],"predecessor-version":[{"id":13065,"href":"https:\/\/blog.justhvk.hu\/blog\/wp-json\/wp\/v2\/posts\/13057\/revisions\/13065"}],"wp:attachment":[{"href":"https:\/\/blog.justhvk.hu\/blog\/wp-json\/wp\/v2\/media?parent=13057"}],"wp:term":[{"taxonomy":"category","embeddable":true,"href":"https:\/\/blog.justhvk.hu\/blog\/wp-json\/wp\/v2\/categories?post=13057"},{"taxonomy":"post_tag","embeddable":true,"href":"https:\/\/blog.justhvk.hu\/blog\/wp-json\/wp\/v2\/tags?post=13057"}],"curies":[{"name":"wp","href":"https:\/\/api.w.org\/{rel}","templated":true}]}}