{"id":13084,"date":"2017-03-29T10:19:03","date_gmt":"2017-03-29T10:19:03","guid":{"rendered":"https:\/\/www.justhvk.hu\/blog\/?p=13084"},"modified":"2017-03-29T10:20:19","modified_gmt":"2017-03-29T10:20:19","slug":"tarsalgo-a-reformkor","status":"publish","type":"post","link":"https:\/\/blog.justhvk.hu\/blog\/tarsalgo-a-reformkor\/","title":{"rendered":"T\u00e1rsalg\u00f3 &#8211; A reformkor"},"content":{"rendered":"<p>A Justh Zsigmond V\u00e1rosi K\u00f6nyvt\u00e1r szeretettel megh\u00edvja \u00d6nt, bar\u00e1tait \u00e9s ismer\u0151seit<\/p>\n<p><strong>T\u00e1rsalg\u00f3 <\/strong><\/p>\n<p><strong>Gondolatok a k\u00f6nyvt\u00e1rban <\/strong><\/p>\n<p><strong>irodalomr\u00f3l, zen\u00e9r\u0151l, t\u00f6rt\u00e9nelemr\u0151l <\/strong><\/p>\n<p>c\u00edm\u0171 besz\u00e9lget\u0151s estj\u00e9re.<\/p>\n<p>Akik t\u00e1rsalognak:<\/p>\n<p style=\"padding-left: 30px;\"><strong>B\u00fas Nat\u00e1lia<\/strong>, gimn\u00e1ziumi magyartan\u00e1r<\/p>\n<p style=\"padding-left: 30px;\"><strong>K\u0151szegi-N\u00e9meth J\u00f3zsef<\/strong>, m\u0171v\u00e9sztan\u00e1r<\/p>\n<p style=\"padding-left: 30px;\"><strong>Erosty\u00e1k Zolt\u00e1n<\/strong>, gimn\u00e1ziumi t\u00f6rt\u00e9nelemtan\u00e1r, t\u00f6rt\u00e9n\u00e9sz<\/p>\n<p>Moder\u00e1tor:<\/p>\n<p style=\"padding-left: 30px;\"><strong>B. Imre Julianna<\/strong>, dr\u00e1mapedag\u00f3gus<\/p>\n<p>A programot korh\u0171 viseletek bemutat\u00e1sa sz\u00ednes\u00edti.<\/p>\n<p>\u00cdzel\u00edt\u0151 a kor s\u00fctem\u00e9ny\u00e9b\u0151l!<\/p>\n<p>A bel\u00e9p\u00e9s d\u00edjtalan, szeretettel v\u00e1runk minden \u00e9rdekl\u0151d\u0151t.<\/p>\n<p>Helysz\u00edn: <strong>Justh Zsigmond V\u00e1rosi K\u00f6nyvt\u00e1r<\/strong><\/p>\n<p>Id\u0151pont:<strong> 2017. \u00e1prilis 6., cs\u00fct\u00f6rt\u00f6k, 17 \u00f3ra<\/strong><\/p>\n<p><a href=\"https:\/\/www.facebook.com\/events\/403948319984395\/\">Facebook-esem\u00e9ny<\/a><\/p>\n<p><a href=\"https:\/\/calendar.google.com\/calendar\/event?action=TEMPLATE&amp;tmeid=ZmlxMDFncmlvcXBlbWE2NW1pcGUydGlpcWcganVzdGh2a0Bt&amp;tmsrc=justhvk%40gmail.com\" target=\"_blank\"><img decoding=\"async\" src=\"https:\/\/www.google.com\/calendar\/images\/ext\/gc_button1_hu.gif\" border=\"0\" \/><\/a><\/p>\n<div class=\"fcbkbttn_buttons_block\" id=\"fcbkbttn_left\"><div class=\"fcbkbttn_like \"><fb:like href=\"https:\/\/blog.justhvk.hu\/blog\/tarsalgo-a-reformkor\/\" action=\"like\" colorscheme=\"light\" layout=\"button_count\"  size=\"small\"><\/fb:like><\/div><div class=\"fb-share-button  \" data-href=\"https:\/\/blog.justhvk.hu\/blog\/tarsalgo-a-reformkor\/\" data-type=\"button_count\" data-size=\"small\"><\/div><\/div>","protected":false},"excerpt":{"rendered":"<p>A Justh Zsigmond V\u00e1rosi K\u00f6nyvt\u00e1r szeretettel megh\u00edvja \u00d6nt, bar\u00e1tait \u00e9s ismer\u0151seit T\u00e1rsalg\u00f3 Gondolatok a k\u00f6nyvt\u00e1rban irodalomr\u00f3l, zen\u00e9r\u0151l, t\u00f6rt\u00e9nelemr\u0151l c\u00edm\u0171 besz\u00e9lget\u0151s estj\u00e9re. Akik t\u00e1rsalognak: B\u00fas Nat\u00e1lia, gimn\u00e1ziumi magyartan\u00e1r K\u0151szegi-N\u00e9meth J\u00f3zsef, m\u0171v\u00e9sztan\u00e1r Erosty\u00e1k Zolt\u00e1n, gimn\u00e1ziumi t\u00f6rt\u00e9nelemtan\u00e1r, t\u00f6rt\u00e9n\u00e9sz Moder\u00e1tor: B. Imre Julianna, dr\u00e1mapedag\u00f3gus A programot korh\u0171 viseletek bemutat\u00e1sa sz\u00ednes\u00edti. \u00cdzel\u00edt\u0151 a kor s\u00fctem\u00e9ny\u00e9b\u0151l! A bel\u00e9p\u00e9s d\u00edjtalan, szeretettel v\u00e1runk [&hellip;]<\/p>\n","protected":false},"author":5,"featured_media":13085,"comment_status":"open","ping_status":"open","sticky":false,"template":"","format":"standard","meta":{"episode_type":"","audio_file":"","cover_image":"","cover_image_id":"","duration":"","filesize":"","date_recorded":"","explicit":"","block":"","filesize_raw":"","ngg_post_thumbnail":0,"footnotes":""},"categories":[255,452,503,834,833],"tags":[],"class_list":["post-13084","post","type-post","status-publish","format-standard","has-post-thumbnail","hentry","category-justh-zsigmond-varosi-konyvtar","category-oroshaza","category-programajanlo","category-reformkor","category-tarsalgo"],"_links":{"self":[{"href":"https:\/\/blog.justhvk.hu\/blog\/wp-json\/wp\/v2\/posts\/13084","targetHints":{"allow":["GET"]}}],"collection":[{"href":"https:\/\/blog.justhvk.hu\/blog\/wp-json\/wp\/v2\/posts"}],"about":[{"href":"https:\/\/blog.justhvk.hu\/blog\/wp-json\/wp\/v2\/types\/post"}],"author":[{"embeddable":true,"href":"https:\/\/blog.justhvk.hu\/blog\/wp-json\/wp\/v2\/users\/5"}],"replies":[{"embeddable":true,"href":"https:\/\/blog.justhvk.hu\/blog\/wp-json\/wp\/v2\/comments?post=13084"}],"version-history":[{"count":3,"href":"https:\/\/blog.justhvk.hu\/blog\/wp-json\/wp\/v2\/posts\/13084\/revisions"}],"predecessor-version":[{"id":13088,"href":"https:\/\/blog.justhvk.hu\/blog\/wp-json\/wp\/v2\/posts\/13084\/revisions\/13088"}],"wp:featuredmedia":[{"embeddable":true,"href":"https:\/\/blog.justhvk.hu\/blog\/wp-json\/wp\/v2\/media\/13085"}],"wp:attachment":[{"href":"https:\/\/blog.justhvk.hu\/blog\/wp-json\/wp\/v2\/media?parent=13084"}],"wp:term":[{"taxonomy":"category","embeddable":true,"href":"https:\/\/blog.justhvk.hu\/blog\/wp-json\/wp\/v2\/categories?post=13084"},{"taxonomy":"post_tag","embeddable":true,"href":"https:\/\/blog.justhvk.hu\/blog\/wp-json\/wp\/v2\/tags?post=13084"}],"curies":[{"name":"wp","href":"https:\/\/api.w.org\/{rel}","templated":true}]}}