{"id":13276,"date":"2017-05-18T12:43:08","date_gmt":"2017-05-18T12:43:08","guid":{"rendered":"https:\/\/www.justhvk.hu\/blog\/?p=13276"},"modified":"2017-05-18T12:47:20","modified_gmt":"2017-05-18T12:47:20","slug":"podcast-2017-majus-18","status":"publish","type":"post","link":"https:\/\/blog.justhvk.hu\/blog\/podcast-2017-majus-18\/","title":{"rendered":"Podcast &#8211; 2017. m\u00e1jus 18."},"content":{"rendered":"<p>Programaj\u00e1nl\u00f3k, illetve az elm\u00falt h\u00f3napok n\u00e9h\u00e1ny nagyobb rendezv\u00e9ny\u00e9b\u0151l egy-egy r\u00e9szlet, ezek teszik ki ezt a b\u0151 egy \u00f3r\u00e1s <a href=\"https:\/\/www.justhvk.hu\/blog\/wp-content\/uploads\/2017\/05\/justhvk_podcast_20170518.mp3\">podcastot<\/a>, amit most aj\u00e1nlunk kedves figyelmetekbe. A mai ad\u00e1sban &#8222;vend\u00e9gm\u0171sorvezet\u0151nk&#8221; L\u00e9n\u00e1rt L\u00e9na Ferenc, m\u00e1r csak ez\u00e9rt is meg\u00e9ri kattintani.<\/p>\n<p>Programaj\u00e1nl\u00f3k:<\/p>\n<ul>\n<li>K\u00f6sz\u00f6nt\u0151<\/li>\n<li>M\u0171kedvel\u0151<\/li>\n<li>T\u00e1rsasj\u00e1t\u00e9k-est<\/li>\n<li>OMG \u2013 Orosh\u00e1zi Moly Galeri<\/li>\n<li>Gyop\u00e1rka T\u00fcnd\u00e9r mesemond\u00f3 verseny<\/li>\n<li>A lusta d\u00f6g \u2013 Sz\u00e9kely irodalmi humorest Muszka S\u00e1ndorral \u00e9s Orb\u00e1n J\u00e1nos D\u00e9nessel<\/li>\n<\/ul>\n<p>Bej\u00e1tsz\u00e1sok:<\/p>\n<ul>\n<li>A KLuBB zenekar koncertje<\/li>\n<li>Zenet\u00f6rt\u00e9neti Est\u00e9k 7. &#8211; Schubert a k\u00fcl\u00f6n\u00f6s zseni<\/li>\n<li>Interj\u00fa Madar\u00e1sz No\u00e9mivel<\/li>\n<li>T\u00e1rsalg\u00f3 \u2013 Gondolatok a k\u00f6nyvt\u00e1rban irodalomr\u00f3l, zen\u00e9r\u0151l t\u00f6rt\u00e9nelemr\u0151l<\/li>\n<li>A magyar k\u00f6lt\u00e9szet napja: Gyermekm\u0171sor+Wass Albert-est<\/li>\n<li>H\u00fasv\u00e9t \u2013 Gyermekk\u00f6nyvt\u00e1ri foglalkoz\u00e1s<\/li>\n<li>A kort\u00e1rs magyar irodalom a kritika t\u00fckr\u00e9ben \u2013 Sz\u00e1ntai M\u00e1rk el\u0151ad\u00e1sa<\/li>\n<li>Zenet\u00f6rt\u00e9neti Est\u00e9k 8. &#8211; Dohn\u00e1nyi Ern\u0151<\/li>\n<\/ul>\n<p>A podcastot az <a href=\"https:\/\/www.justhvk.hu\/blog\/wp-content\/uploads\/2017\/05\/justhvk_podcast_20170518.mp3\">al\u00e1bbi linkr\u0151l<\/a> tudj\u00e1tok let\u00f6lteni (vagy a lej\u00e1tsz\u00e1s gombra kattintva meghallgatni):<\/p>\n<p><a href=\"https:\/\/www.justhvk.hu\/blog\/wp-content\/uploads\/2017\/05\/justhvk_podcast_20170518.mp3\">justhvk_podcast_20170518<\/a><br \/>\n(2017. 05. 18.)<\/p>\n<!--[if lt IE 9]><script>document.createElement('audio');<\/script><![endif]-->\n<audio class=\"wp-audio-shortcode\" id=\"audio-13276-1\" preload=\"none\" style=\"width: 100%;\" controls=\"controls\"><source type=\"audio\/mpeg\" src=\"https:\/\/www.justhvk.hu\/blog\/wp-content\/uploads\/2017\/05\/justhvk_podcast_20170518.mp3?_=1\" \/><a href=\"https:\/\/www.justhvk.hu\/blog\/wp-content\/uploads\/2017\/05\/justhvk_podcast_20170518.mp3\">https:\/\/www.justhvk.hu\/blog\/wp-content\/uploads\/2017\/05\/justhvk_podcast_20170518.mp3<\/a><\/audio>\n<p>J\u00f3 sz\u00f3rakoz\u00e1st!<\/p>\n<p><a href=\"https:\/\/www.justhvk.hu\/?page_id=3203\"><img loading=\"lazy\" decoding=\"async\" title=\"Meghallgatom a kor\u00e1bbi podcastokat is!\" src=\"https:\/\/www.justhvk.hu\/wp-content\/uploads\/2010\/06\/podcast_logo-300x300.png\" alt=\"\" width=\"169\" height=\"169\" \/><\/a><\/p>\n<div class=\"fcbkbttn_buttons_block\" id=\"fcbkbttn_left\"><div class=\"fcbkbttn_like \"><fb:like href=\"https:\/\/blog.justhvk.hu\/blog\/podcast-2017-majus-18\/\" action=\"like\" colorscheme=\"light\" layout=\"button_count\"  size=\"small\"><\/fb:like><\/div><div class=\"fb-share-button  \" data-href=\"https:\/\/blog.justhvk.hu\/blog\/podcast-2017-majus-18\/\" data-type=\"button_count\" data-size=\"small\"><\/div><\/div>","protected":false},"excerpt":{"rendered":"<p>Programaj\u00e1nl\u00f3k, illetve az elm\u00falt h\u00f3napok n\u00e9h\u00e1ny nagyobb rendezv\u00e9ny\u00e9b\u0151l egy-egy r\u00e9szlet, ezek teszik ki ezt a b\u0151 egy \u00f3r\u00e1s podcastot, amit most aj\u00e1nlunk kedves figyelmetekbe. A mai ad\u00e1sban &#8222;vend\u00e9gm\u0171sorvezet\u0151nk&#8221; L\u00e9n\u00e1rt L\u00e9na Ferenc, m\u00e1r csak ez\u00e9rt is meg\u00e9ri kattintani. Programaj\u00e1nl\u00f3k: K\u00f6sz\u00f6nt\u0151 M\u0171kedvel\u0151 T\u00e1rsasj\u00e1t\u00e9k-est OMG \u2013 Orosh\u00e1zi Moly Galeri Gyop\u00e1rka T\u00fcnd\u00e9r mesemond\u00f3 verseny A lusta d\u00f6g \u2013 Sz\u00e9kely [&hellip;]<\/p>\n","protected":false},"author":5,"featured_media":0,"comment_status":"open","ping_status":"open","sticky":false,"template":"","format":"standard","meta":{"episode_type":"","audio_file":"https:\/\/www.justhvk.hu\/blog\/wp-content\/uploads\/2017\/05\/justhvk_podcast_20170518.mp3\n68052114\naudio\/mpeg\n","cover_image":"","cover_image_id":"","duration":"","filesize":"","date_recorded":"","explicit":"","block":"","filesize_raw":"","ngg_post_thumbnail":0,"footnotes":""},"categories":[255,353,452,499],"tags":[],"class_list":["post-13276","post","type-post","status-publish","format-standard","hentry","category-justh-zsigmond-varosi-konyvtar","category-lenart-lena-ferenc","category-oroshaza","category-podcast"],"_links":{"self":[{"href":"https:\/\/blog.justhvk.hu\/blog\/wp-json\/wp\/v2\/posts\/13276","targetHints":{"allow":["GET"]}}],"collection":[{"href":"https:\/\/blog.justhvk.hu\/blog\/wp-json\/wp\/v2\/posts"}],"about":[{"href":"https:\/\/blog.justhvk.hu\/blog\/wp-json\/wp\/v2\/types\/post"}],"author":[{"embeddable":true,"href":"https:\/\/blog.justhvk.hu\/blog\/wp-json\/wp\/v2\/users\/5"}],"replies":[{"embeddable":true,"href":"https:\/\/blog.justhvk.hu\/blog\/wp-json\/wp\/v2\/comments?post=13276"}],"version-history":[{"count":8,"href":"https:\/\/blog.justhvk.hu\/blog\/wp-json\/wp\/v2\/posts\/13276\/revisions"}],"predecessor-version":[{"id":13288,"href":"https:\/\/blog.justhvk.hu\/blog\/wp-json\/wp\/v2\/posts\/13276\/revisions\/13288"}],"wp:attachment":[{"href":"https:\/\/blog.justhvk.hu\/blog\/wp-json\/wp\/v2\/media?parent=13276"}],"wp:term":[{"taxonomy":"category","embeddable":true,"href":"https:\/\/blog.justhvk.hu\/blog\/wp-json\/wp\/v2\/categories?post=13276"},{"taxonomy":"post_tag","embeddable":true,"href":"https:\/\/blog.justhvk.hu\/blog\/wp-json\/wp\/v2\/tags?post=13276"}],"curies":[{"name":"wp","href":"https:\/\/api.w.org\/{rel}","templated":true}]}}