{"id":13315,"date":"2017-05-26T15:32:02","date_gmt":"2017-05-26T15:32:02","guid":{"rendered":"https:\/\/www.justhvk.hu\/blog\/?p=13315"},"modified":"2017-06-20T11:49:41","modified_gmt":"2017-06-20T11:49:41","slug":"a-korus-aranya-ujabb-kivalo-minositest-szerzett-a-kodaly-zoltan-gyermekkorus","status":"publish","type":"post","link":"https:\/\/blog.justhvk.hu\/blog\/a-korus-aranya-ujabb-kivalo-minositest-szerzett-a-kodaly-zoltan-gyermekkorus\/","title":{"rendered":"A k\u00f3rus aranya &#8211; \u00dajabb kiv\u00e1l\u00f3 min\u0151s\u00edt\u00e9st szerzett a Kod\u00e1ly Zolt\u00e1n Gyermekk\u00f3rus"},"content":{"rendered":"<p><strong> El\u0151sz\u00f6r 1967-ben utaztak k\u00fclf\u00f6ldre, ekkor Csehszlov\u00e1kia \u00e9s Lengyelorsz\u00e1g volt az \u00fati c\u00e9l. 1982-ben Finnorsz\u00e1gban vend\u00e9gszerepeltek, hat \u00e9vvel k\u00e9s\u0151bb 1988-ban pedig Wales egyik kisv\u00e1ros\u00e1ban Llangollenben csillogtatt\u00e1k meg tud\u00e1sukat. A v\u00e1rnai nemzetk\u00f6zi versenyr\u0151l 1989-ben harmadik helyez\u00e9st hoztak el, 1991-ben pedig nagy kih\u00edv\u00e1sk\u00e9nt el\u0151adt\u00e1k Pergolesi t\u00f6bb mint negyven perces Stabat Mater\u00e9t. Az evang\u00e9likus templomban ekkor nem kisebb m\u0171v\u00e9sz \u00fclt az orgon\u00e1n\u00e1l, mint Z\u00e1szkaliczky Tam\u00e1s. A k\u00f3rus 1993-ban Orosh\u00e1za V\u00e1ros\u00e9rt kit\u00fcntet\u00e9st kapott. 2000-ben k\u00f6zrem\u0171k\u00f6dtek Szokolay S\u00e1ndor \u201eJobb\u00edtsd a nemzet\u00f6t!\u201d c\u00edm\u0171 \u2013 kifejezetten Orosh\u00e1za sz\u00e1m\u00e1ra kompon\u00e1lt \u2013 kamara-kant\u00e1t\u00e1j\u00e1nak \u0151sbemutat\u00f3j\u00e1n.[1] <\/strong><br \/>\n<strong> A felsorol\u00e1s \u00e9ppen annyira nem teljes k\u00f6r\u0171, mint amilyen k\u00f6nnyen \u00e9s hosszasan lehetne folytatni a sort a k\u00f3rus igen gazdag \u00e9s sz\u00ednvonalas tev\u00e9kenys\u00e9g\u00e9r\u0151l. Tal\u00e1n nem \u00e1rulunk el nagy titkot, ha azt mondjuk, ebbe a sorba illeszkedik a Kod\u00e1ly Zolt\u00e1n Gyermekk\u00f3rus legut\u00f3bbi b\u00e9k\u00e9scsabai fell\u00e9p\u00e9se is, ahol az \u201e\u00c9nekl\u0151 Ifj\u00fas\u00e1g\u201d B\u00e9k\u00e9s megyei min\u0151s\u00edt\u0151 hangversenyen vettek r\u00e9szt. Err\u0151l is besz\u00e9lgett\u00fcnk D\u00e1vidn\u00e9 Bartha Szilvi\u00e1val a V\u00f6r\u00f6smarty Mih\u00e1ly \u00c1ltal\u00e1nos Iskola pedag\u00f3gus\u00e1val.<\/strong><\/p>\n<div id=\"attachment_13318\" style=\"width: 630px\" class=\"wp-caption alignleft\"><a href=\"https:\/\/www.justhvk.hu\/blog\/wp-content\/uploads\/2017\/05\/2017_m\u00e1jus-3_\u00c9nekl\u0151-Ifj\u00fas\u00e1g_P\u00f6rneki-Attila_Facebookr\u00f3l_02.jpg\"><img loading=\"lazy\" decoding=\"async\" aria-describedby=\"caption-attachment-13318\" class=\"wp-image-13318\" src=\"https:\/\/www.justhvk.hu\/blog\/wp-content\/uploads\/2017\/05\/2017_m\u00e1jus-3_\u00c9nekl\u0151-Ifj\u00fas\u00e1g_P\u00f6rneki-Attila_Facebookr\u00f3l_02.jpg\" alt=\"2017_majus-3_eneklo-ifjusag_porneki-attila_facebookrol_02\" width=\"620\" height=\"349\" \/><\/a><p id=\"caption-attachment-13318\" class=\"wp-caption-text\">A Kod\u00e1ly k\u00f3rus az &#8222;\u00c9nekl\u0151 Ifj\u00fas\u00e1g&#8221; B\u00e9k\u00e9s megyei min\u0151s\u00edt\u0151n &#8211; B\u00e9k\u00e9scsaba, 2017. m\u00e1jus 3. &#8211; 1. k\u00e9p Forr\u00e1s: P\u00f6rneki Attila Facebook oldala<\/p><\/div>\n<p><em>T\u00f6rk\u00f6ly J\u00f3zsef: &#8211; A k\u00f3rus a kor\u00e1bbi \u00e9vekben is rendszeresen r\u00e9szt vett az \u201e\u00c9nekl\u0151 Ifj\u00fas\u00e1g\u201d rendezv\u00e9nyein. Miel\u0151tt err\u0151l besz\u00e9ln\u00e9nk, k\u00e9rlek, mondj n\u00e9h\u00e1ny sz\u00f3t az \u00e9nekkar k\u00f6zelm\u00faltbeli \u00e9let\u00e9r\u0151l!<\/em><\/p>\n<p>D\u00e1vidn\u00e9 Bartha Szilvia: &#8211; Val\u00f3ban, a k\u00f3rus \u2013 ha tehette \u2013 az elm\u00falt \u00e9vekben is nevezett az \u00c9nekl\u0151 Ifj\u00fas\u00e1g min\u0151s\u00edt\u0151kre. Emellett a kor\u00e1bbi \u00e9vek gyakorlat\u00e1nak megfelel\u0151en folyamatosan szerepet v\u00e1llaltunk iskol\u00e1nk \u00e9s a v\u00e1ros zenei \u00e9let\u00e9ben. A hagyom\u00e1nyosnak nevezhet\u0151 kar\u00e1csonyi koncert mellett a V\u00f6r\u00f6smarty iskola \u00e9v v\u00e9gi, \u00e9vz\u00e1r\u00f3 koncertje jelenti az \u00e1lland\u00f3 szerepl\u00e9seket. Ezen k\u00edv\u00fcl id\u0151nk\u00e9nt felk\u00e9r\u00e9st kapunk a v\u00e1rost\u00f3l, illetve v\u00e1llalatokt\u00f3l is. Fell\u00e9pt\u00fcnk t\u00f6bbek k\u00f6z\u00f6tt banki \u00e9vadz\u00e1r\u00f3 vacsor\u00e1n, \u00e9nekelt\u00fcnk az \u00fcveggy\u00e1rban a kanadai nagyk\u00f6vet el\u0151tt \u2013 aki mellesleg azt hitte, hogy a gyerekek francia nyelvet is tanulnak, mert a K\u00f3rist\u00e1k c\u00edm\u0171 filmb\u0151l franci\u00e1ul \u00e9nekelt\u00fcnk bet\u00e9tdalokat, s ezek szerint t\u00f6k\u00e9letes lehetett a kiejt\u00e9s\u00fcnk \u2013 de v\u00e1rosalap\u00edt\u00e1si \u00fcnneps\u00e9gen vagy alakul\u00f3 test\u00fcleti \u00fcl\u00e9sen is szerepelt\u00fcnk.<br \/>\nFontos elmondani, hogy m\u00falt \u00e9v \u0151sze \u00f3ta P\u00f6rneki Attila a k\u00f3rus vezet\u0151je, s az \u0151 munk\u00e1j\u00e1t seg\u00edtj\u00fck ketten Mak\u00f3 Ildik\u00f3 tan\u00e1rn\u0151vel. Kiv\u00e1l\u00f3an tudunk egy\u00fctt dolgozni, Attila ragaszkodik hozz\u00e1nk, s ig\u00e9nyli a munk\u00e1nkat, hisz egy ekkora k\u00f3rus vezet\u00e9se egy\u00e1ltal\u00e1ban nem egyemberes feladat. Az \u00c9nekl\u0151 Ifj\u00fas\u00e1g idei megm\u00e9rettet\u00e9s\u00e9n val\u00f3 r\u00e9szv\u00e9tel\u00fcnk is Attil\u00e1nak k\u00f6sz\u00f6nhet\u0151, \u0151 j\u00e1rt ut\u00e1na a lehet\u0151s\u00e9gnek \u00e9s der\u00edtette ki a r\u00e9szleteket, hogyan, milyen felt\u00e9telekkel lehet nevezni a versenyre.<\/p>\n<p><em>T. J. &#8211; H\u00e1ny k\u00f3rus l\u00e9pett fel a min\u0151s\u00edt\u0151n?<\/em><\/p>\n<p>D. B. Sz. &#8211; Az idei esem\u00e9nyre m\u00e1jus 3-\u00e1n B\u00e9k\u00e9scsab\u00e1n a Csabagy\u00f6ngye Kultur\u00e1lis K\u00f6zpont rendez\u00e9s\u00e9ben ker\u00fclt sor a K\u00d3TA felh\u00edv\u00e1s\u00e1ra. A mez\u0151nyben kilenc \u00e9nekkar \u2013 mintegy n\u00e9gysz\u00e1z gyermek \u2013 produkci\u00f3j\u00e1t \u00e9rt\u00e9kelte a zs\u0171ri.<\/p>\n<div id=\"attachment_13319\" style=\"width: 650px\" class=\"wp-caption alignleft\"><a href=\"https:\/\/www.justhvk.hu\/blog\/wp-content\/uploads\/2017\/05\/2017_m\u00e1jus-3_\u00c9nekl\u0151-Ifj\u00fas\u00e1g_P\u00f6rneki-Attila_Facebookr\u00f3l.jpg\"><img loading=\"lazy\" decoding=\"async\" aria-describedby=\"caption-attachment-13319\" class=\"wp-image-13319\" src=\"https:\/\/www.justhvk.hu\/blog\/wp-content\/uploads\/2017\/05\/2017_m\u00e1jus-3_\u00c9nekl\u0151-Ifj\u00fas\u00e1g_P\u00f6rneki-Attila_Facebookr\u00f3l.jpg\" alt=\"2017_majus-3_eneklo-ifjusag_porneki-attila_facebookrol\" width=\"640\" height=\"360\" \/><\/a><p id=\"caption-attachment-13319\" class=\"wp-caption-text\">A Kod\u00e1ly k\u00f3rus az &#8222;\u00c9nekl\u0151 Ifj\u00fas\u00e1g&#8221; B\u00e9k\u00e9s megyei min\u0151s\u00edt\u0151n &#8211; B\u00e9k\u00e9scsaba, 2017. m\u00e1jus 3. &#8211; 2. k\u00e9p Forr\u00e1s: P\u00f6rneki Attila Facebook oldala<\/p><\/div>\n<p><em>T. J. &#8211; Milyen m\u0171sorral l\u00e9pett fel a k\u00f3rus?<\/em><\/p>\n<p>D. B. Sz. &#8211; H\u00e4ndel J\u00fad\u00e1s Makkabeus\u00e1b\u00f3l \u00e9nekelt\u00fck a Halleluja k\u00e1nont, ezzel vonultunk fel a sz\u00ednpadra, a val\u00f3di m\u0171sort azonban Kod\u00e1ly Nagyszalontai k\u00f6sz\u00f6nt\u0151j\u00e9vel kezdt\u00fck. Ezt k\u00f6vette Rameau \u00d3, \u00e9j c\u00edm\u0171 m\u0171ve, \u00e9s Schein Ti \u00e9des m\u00e1jus f\u00e9nyek c\u00edm\u0171 madrig\u00e1lja. Azt\u00e1n a Kod\u00e1ly-tan\u00edtv\u00e1ny Veress S\u00e1ndor m\u0171v\u00e9t a Kitr\u00e1kotty-mes\u00e9t \u00e9nekelt\u00fck el. Ez volt a koncert legnehezebb darabja, emiatt mindenki izgult, \u00e1m v\u00e9g\u00fcl igen j\u00f3l siker\u00fclt a darab el\u0151ad\u00e1sa, viszont \u00e9n majdnem elrontottam Sz\u00e9n\u00e1si Anik\u00f3 zongorak\u00eds\u00e9ret\u00e9t, mert a darabnak olyan bonyolult m\u00e9g a kott\u00e1ja is, hogy elvesztettem a mezz\u00f3t! M\u0171sorunk v\u00e9g\u00e9n Kod\u00e1ly K\u00e1llai kett\u0151s\u00e9b\u0151l \u00e9nekelt\u00fck a Fel\u00fclr\u0151l f\u00faj az \u0151szi sz\u00e9l \u00e9s a Kincsem, kom\u00e1masszony kezdet\u0171 r\u00e9szeket.<\/p>\n<p><em>T. J. &#8211; Id\u00e9n Kod\u00e1ly Zolt\u00e1n sz\u00fclet\u00e9s\u00e9nek 135., hal\u00e1l\u00e1nak 50. \u00e9vfordul\u00f3j\u00e1t \u00fcnnepelj\u00fck. Gondolom, nem v\u00e9letlen ker\u00fcltek be a m\u0171sorba a zeneszerz\u0151 darabjai.<\/em><\/p>\n<p>D. B. Sz. &#8211; \u00cdgy van. A szervez\u0151k r\u00e9sz\u00e9r\u0151l kifejezetten aj\u00e1nl\u00e1s volt, hogy lehet\u0151s\u00e9g szerint Kod\u00e1ly- darab, vagy Kod\u00e1ly-tan\u00edtv\u00e1ny alkot\u00e1sa szerepeljen a m\u0171sorban. Ez\u00e9rt v\u00e1lasztottuk Kod\u00e1ly m\u0171vei mellett Veress S\u00e1ndor \u2013 Kod\u00e1ly-tan\u00edtv\u00e1ny \u2013 Kitr\u00e1kotty-mes\u00e9j\u00e9t is a reperto\u00e1rba.<\/p>\n<p><em>T. J. &#8211; A sajt\u00f3ban m\u00e1r olvashat\u00f3 volt, de mondjuk el mi is itt, a Kod\u00e1ly k\u00f3rus kiv\u00e1l\u00f3 eredm\u00e9nnyel t\u00e9rt haza.<\/em><\/p>\n<p>D. B. Sz. &#8211; Igen, \u201eA\u201d min\u0151s\u00edt\u00e9st kaptunk Arany diplom\u00e1val, valamint Elismer\u0151 oklevelet a Magyar K\u00f3rusok \u00e9s Zenekarok Sz\u00f6vets\u00e9g\u00e9t\u0151l a magyar n\u00e9pdalfeldolgoz\u00e1sok virtu\u00f3z el\u0151ad\u00e1s\u00e1\u00e9rt.<\/p>\n<p><em>T. J. &#8211; Hogy \u00e9rezt\u00e9k magukat a gyerekek, milyen \u00e9lm\u00e9nyekkel t\u00e9rtek haza?<\/em><\/p>\n<p>D. B. Sz. &#8211; Mindenki nagyon fel volt dobva, ugyanakkor a gyerekek maxim\u00e1lisan betartottak minden utas\u00edt\u00e1st, teh\u00e1t megvolt a kell\u0151 fegyelem is. De egy 88 tag\u00fa k\u00f3rusn\u00e1l azt hiszem, ez m\u00e1sk\u00e9pp nem is megy! Egy kellemes nap volt mindannyiunk sz\u00e1m\u00e1ra, j\u00f3 volt a gyerekekkel egy\u00fctt lenni ezen a rendezv\u00e9nyen. Maga a min\u0151s\u00edt\u0151 egy\u00e9bk\u00e9nt j\u00f3l megszervezett, sz\u00ednvonalas tal\u00e1lkoz\u00f3 volt, a rendezv\u00e9ny utols\u00f3 mondataib\u00f3l, illetve a zs\u0171ri szavaib\u00f3l \u00fagy t\u0171nt, j\u00f6v\u0151re is a Csabagy\u00f6ngye fogja megrendezni az esem\u00e9nyt.<\/p>\n<p><em>T. J. &#8211; Hogyan tov\u00e1bb?<\/em><\/p>\n<p>D. B. Sz. &#8211; \u00dagy gondolom, a sikeres fell\u00e9p\u00e9s azt mutatja, az elm\u00falt h\u00f3napok kiss\u00e9 zavaros \u00e9s bizonytalan id\u0151szaka ellen\u00e9re a k\u00f3rus j\u00f3l m\u0171k\u00f6dik. Az \u00faj vezet\u0151t P\u00f6rneki Attila szem\u00e9ly\u00e9ben a gyerekek teljesen elfogadt\u00e1k, j\u00f3l tudnak vele dolgozni. Attila azzal a felt\u00e9tellel v\u00e1llalta a munk\u00e1t, ha sz\u00e1m\u00edthat Ildik\u00f3 \u00e9s az \u00e9n seg\u00edts\u00e9gemre a sz\u00f3lamok betan\u00edt\u00e1s\u00e1ban \u00e9s gyakoroltat\u00e1s\u00e1ban. Zenei \u00edzl\u00e9s\u00fcnk, \u00e9rt\u00e9k\u00edt\u00e9leteink, elv\u00e1r\u00e1saink nagyban megegyeznek, s ez el\u0151seg\u00edti egy\u00fcttm\u0171k\u00f6d\u00e9s\u00fcnket. Attila vezet\u00e9s\u00e9vel teh\u00e1t folytatjuk a megkezdett munk\u00e1t, s b\u00edzunk benne, a k\u00f6z\u00f6ns\u00e9g is min\u00e9l el\u0151bb l\u00e1that benn\u00fcnket.<\/p>\n<p><em>T. J. Sok sikert k\u00edv\u00e1nunk a folytat\u00e1shoz!<\/em><\/p>\n<p>[1] P\u00f6rneki Attila: Az orosh\u00e1zi Kod\u00e1ly Zolt\u00e1n Gyermekk\u00f3rus \u2013 Szakdolgozat, 2009<\/p>\n<div class=\"fcbkbttn_buttons_block\" id=\"fcbkbttn_left\"><div class=\"fcbkbttn_like \"><fb:like href=\"https:\/\/blog.justhvk.hu\/blog\/a-korus-aranya-ujabb-kivalo-minositest-szerzett-a-kodaly-zoltan-gyermekkorus\/\" action=\"like\" colorscheme=\"light\" layout=\"button_count\"  size=\"small\"><\/fb:like><\/div><div class=\"fb-share-button  \" data-href=\"https:\/\/blog.justhvk.hu\/blog\/a-korus-aranya-ujabb-kivalo-minositest-szerzett-a-kodaly-zoltan-gyermekkorus\/\" data-type=\"button_count\" data-size=\"small\"><\/div><\/div>","protected":false},"excerpt":{"rendered":"<p>El\u0151sz\u00f6r 1967-ben utaztak k\u00fclf\u00f6ldre, ekkor Csehszlov\u00e1kia \u00e9s Lengyelorsz\u00e1g volt az \u00fati c\u00e9l. 1982-ben Finnorsz\u00e1gban vend\u00e9gszerepeltek, hat \u00e9vvel k\u00e9s\u0151bb 1988-ban pedig Wales egyik kisv\u00e1ros\u00e1ban Llangollenben csillogtatt\u00e1k meg tud\u00e1sukat. A v\u00e1rnai nemzetk\u00f6zi versenyr\u0151l 1989-ben harmadik helyez\u00e9st hoztak el, 1991-ben pedig nagy kih\u00edv\u00e1sk\u00e9nt el\u0151adt\u00e1k Pergolesi t\u00f6bb mint negyven perces Stabat Mater\u00e9t. Az evang\u00e9likus templomban ekkor nem kisebb m\u0171v\u00e9sz [&hellip;]<\/p>\n","protected":false},"author":4,"featured_media":0,"comment_status":"open","ping_status":"open","sticky":false,"template":"","format":"standard","meta":{"episode_type":"","audio_file":"","cover_image":"","cover_image_id":"","duration":"","filesize":"","date_recorded":"","explicit":"","block":"","filesize_raw":"","ngg_post_thumbnail":0,"footnotes":""},"categories":[844,847,843,846,845,657,658,851,660],"tags":[],"class_list":["post-13315","post","type-post","status-publish","format-standard","hentry","category-davidne-bartha-szilvia","category-eneklo-ifjusag","category-kodaly-zoltan-gyermekkorus","category-mako-ildiko","category-porneki-attila","category-zene","category-zenei-elet","category-zenei-interjuk","category-zenei-konyvtar"],"_links":{"self":[{"href":"https:\/\/blog.justhvk.hu\/blog\/wp-json\/wp\/v2\/posts\/13315","targetHints":{"allow":["GET"]}}],"collection":[{"href":"https:\/\/blog.justhvk.hu\/blog\/wp-json\/wp\/v2\/posts"}],"about":[{"href":"https:\/\/blog.justhvk.hu\/blog\/wp-json\/wp\/v2\/types\/post"}],"author":[{"embeddable":true,"href":"https:\/\/blog.justhvk.hu\/blog\/wp-json\/wp\/v2\/users\/4"}],"replies":[{"embeddable":true,"href":"https:\/\/blog.justhvk.hu\/blog\/wp-json\/wp\/v2\/comments?post=13315"}],"version-history":[{"count":23,"href":"https:\/\/blog.justhvk.hu\/blog\/wp-json\/wp\/v2\/posts\/13315\/revisions"}],"predecessor-version":[{"id":13340,"href":"https:\/\/blog.justhvk.hu\/blog\/wp-json\/wp\/v2\/posts\/13315\/revisions\/13340"}],"wp:attachment":[{"href":"https:\/\/blog.justhvk.hu\/blog\/wp-json\/wp\/v2\/media?parent=13315"}],"wp:term":[{"taxonomy":"category","embeddable":true,"href":"https:\/\/blog.justhvk.hu\/blog\/wp-json\/wp\/v2\/categories?post=13315"},{"taxonomy":"post_tag","embeddable":true,"href":"https:\/\/blog.justhvk.hu\/blog\/wp-json\/wp\/v2\/tags?post=13315"}],"curies":[{"name":"wp","href":"https:\/\/api.w.org\/{rel}","templated":true}]}}