{"id":13400,"date":"2017-06-10T16:44:37","date_gmt":"2017-06-10T16:44:37","guid":{"rendered":"https:\/\/www.justhvk.hu\/blog\/?p=13400"},"modified":"2017-06-10T16:48:51","modified_gmt":"2017-06-10T16:48:51","slug":"rekordszamu-mesemondo-a-gyoparkan","status":"publish","type":"post","link":"https:\/\/blog.justhvk.hu\/blog\/rekordszamu-mesemondo-a-gyoparkan\/","title":{"rendered":"Rekordsz\u00e1m\u00fa mesemond\u00f3 a Gyop\u00e1rk\u00e1n"},"content":{"rendered":"<p>&nbsp;<\/p>\n<p>Ma d\u00e9lel\u0151tt 38\u00a0jelentkez\u0151 akt\u00edv k\u00f6zrem\u0171k\u00f6d\u00e9s\u00e9vel rendezt\u00fck meg a \u201eGyop\u00e1rka t\u00fcnd\u00e9r\u201d Mesemond\u00f3k XII. Orosh\u00e1zi Tal\u00e1lkoz\u00f3j\u00e1t \u00e9s Vet\u00e9lked\u0151j\u00e9t. A k\u00f6zel \u00f6t \u00f3r\u00e1s, maratoni program kieg\u00e9sz\u00edt\u00e9sek\u00e9nt j\u00e1tsz\u00f3h\u00e1zzal is v\u00e1rtuk a kicsiket-nagyokat.<\/p>\n<p>Az els\u0151 mesemond\u00f3 versenyt az Ifj\u00fas\u00e1gi Magyars\u00e1gt\u00e1bor keretein bel\u00fcl szervezte meg K\u00e1rolyi F\u00fcl\u00f6p B\u00e9la magyartan\u00e1r, \u00edr\u00f3, k\u00f6lt\u0151, gimn\u00e1ziumi igazgat\u00f3, Gyop\u00e1rka T\u00fcnd\u00e9r alakj\u00e1nak meg\u00e1lmod\u00f3ja 2006-ban. K\u00f6nyvt\u00e1runk \u00f6t \u00e9ve ad otthont a versenynek,\u00a0de\u00a0most azok sem voltak helyzeti el\u0151nyben, akik a kor\u00e1bbi \u00e9vekben is r\u00e9szt vettek m\u00e1r a versenyen, hiszen az olvas\u00f3terem \u00e1prilis v\u00e9gi \u00e1tk\u00f6lt\u00f6z\u00e9s\u00e9vel mindenkinek \u00faj volt\u00a0a helysz\u00edn (m\u00e9g nek\u00fcnk is). Annak viszont mindenki egyform\u00e1n \u00f6r\u00fclhetett, hogy tegnap felszerelt\u00e9k \u00e9s \u00e1tadt\u00e1k az olvas\u00f3termi\u00a0l\u00e9gkondicion\u00e1l\u00f3t, amit r\u00f6gt\u00f6n be is vetett\u00fcnk.<\/p>\n<p>A zs\u0171ri tagjai Boz\u00f3 Kl\u00e1ra, pedag\u00f3gus, a nyugd\u00edjas pedag\u00f3gusok Justh Zsigmond olvas\u00f3k\u00f6r\u00e9nek vezet\u0151je; M\u00f3rocz L\u00e1szl\u00f3n\u00e9, nyugd\u00edjas \u00f3v\u00f3n\u0151, \u00e9s dr. B\u00edr\u00f3 Attila, jog\u00e1sz, K\u00e1rolyi F\u00fcl\u00f6p B\u00e9la tan\u00edtv\u00e1nya, bar\u00e1tja voltak.<\/p>\n<p>Az \u00e9letkorotokat \u00e9s a korcsoportonk\u00e9nti jelentkez\u0151k sz\u00e1m\u00e1t figyelembe v\u00e9ve h\u00e1rom kateg\u00f3ri\u00e1t \u00e1llap\u00edtottunk meg: az \u00f3vod\u00e1sok\u00e9t, az 1-2. oszt\u00e1lyosok\u00e9t, \u00e9s a nagyok\u00e9t. A zs\u0171ri ut\u00f3lagos \u00e9rt\u00e9kel\u00e9s\u00e9ben kiemelte, mind az 1-2. oszt\u00e1lyosok, mind a nagyok eset\u00e9ben nagyon neh\u00e9z volt a d\u00f6nt\u00e9s. Tal\u00e1n ez\u00e9rt is sz\u00fcletett t\u00f6bb k\u00fcl\u00f6nd\u00edj, illetve megosztott helyez\u00e9s is.<\/p>\n<p>A versenyen k\u00e9sz\u00fclt fot\u00f3kat <a href=\"https:\/\/goo.gl\/photos\/nLhtDRAZnvwpkcn36\">ide kattintva<\/a> lehet megtekinteni.<\/p>\n<p><strong>Eredm\u00e9nyek.\u00a0<\/strong><\/p>\n<p><strong>\u00d3vod\u00e1sok:\u00a0<\/strong><\/p>\n<p>1. Csatl\u00f3s Mil\u00e1n, E\u00f6tv\u00f6s J\u00f3zsef Katolikus \u00c1ltal\u00e1nos Iskola \u00e9s \u00d3voda, Micimack\u00f3 csoport, felk\u00e9sz\u00edt\u0151: Verba Attil\u00e1n\u00e9 \u00e9s Sz\u0151ke-Moln\u00e1r Csilla<\/p>\n<p>2. D\u00far\u00f3-Gergely Nimr\u00f3d, Napk\u00f6ziotthonos \u00d3vod\u00e1k, Elek, felk\u00e9sz\u00edt\u0151: \u00c1rvain\u00e9 Nagy M\u00f3nika<\/p>\n<p>2. Juh\u00e1sz Lara Hanna, G\u00e1doros Nagyk\u00f6zs\u00e9gi \u00d6nkorm\u00e1nyzat Napk\u00f6ziotthonos \u00f3vod\u00e1ja, felk\u00e9sz\u00edt\u0151: Sipos Olga<\/p>\n<p>3. Sonkoly Fruzsina, Napk\u00f6ziotthonos \u00d3vod\u00e1k, Elek, felk\u00e9sz\u00edt\u0151: Lupn\u00e9 So\u00f3s T\u00fcnde<\/p>\n<p>K\u00fcl\u00f6nd\u00edj:\u00a0Dancs\u00f3 Zsombor, G\u00e1doros Nagyk\u00f6zs\u00e9gi \u00d6nkorm\u00e1nyzat Napk\u00f6ziotthonos \u00f3vod\u00e1ja, felk\u00e9sz\u00edt\u0151: Vir\u00e1g Istv\u00e1nn\u00e9; Ruszny\u00e1k Amira Petra, E\u00f6tv\u00f6s J\u00f3zsef Katolikus \u00c1ltal\u00e1nos Iskola \u00e9s \u00d3voda, Micimack\u00f3 csoport, felk\u00e9sz\u00edt\u0151: Verba Attil\u00e1n\u00e9 \u00e9s Sz\u0151ke-Moln\u00e1r Csilla<\/p>\n<p><strong>1-2. oszt\u00e1ly:\u00a0<\/strong><\/p>\n<p>1. Rad\u00f3 Anna, Orosh\u00e1zi V\u00f6r\u00f6smarty Mih\u00e1ly \u00c1ltal\u00e1nos Iskola, felk\u00e9sz\u00edt\u0151: Olajosn\u00e9 Farkas \u00c1gnes<\/p>\n<p>1. Csuvarszki Bogl\u00e1rka, Dr. Mester Gy\u00f6rgy \u00c1ltal\u00e1nos Iskola, Elek, felk\u00e9sz\u00edt\u0151: Lupn\u00e9 So\u00f3s T\u00fcnde<\/p>\n<p>2. Major L\u00e9n\u00e1rd \u00c1kos, Orosh\u00e1zi V\u00f6r\u00f6smarty Mih\u00e1ly \u00c1ltal\u00e1nos Iskola, felk\u00e9sz\u00edt\u0151: Olajosn\u00e9 Farkas \u00c1gnes<\/p>\n<p>3. Onodi Patr\u00edcia, Dr. Mester Gy\u00f6rgy \u00c1ltal\u00e1nos Iskola, Elek, felk\u00e9sz\u00edt\u0151: Lupn\u00e9 So\u00f3s T\u00fcnde<\/p>\n<p>3. Kulcs\u00e1r Anna Helga, Nagysz\u00e9n\u00e1si Czab\u00e1n Samu \u00c1ltal\u00e1nos Iskola, felk\u00e9sz\u00edt\u0151: Kulcs\u00e1r L\u00e1szl\u00f3 \u00e9s Kulcs\u00e1r-Magola Helga<\/p>\n<p>K\u00fcl\u00f6nd\u00edj: Kov\u00e1cs N\u00f3ra Csenge, Dr. Mester Gy\u00f6rgy \u00c1ltal\u00e1nos Iskola, Elek, felk\u00e9sz\u00edt\u0151: Lupn\u00e9 So\u00f3s T\u00fcnde;\u00a0Uhlj\u00e1r D\u00e1niel L\u00e1szl\u00f3, Nagysz\u00e9n\u00e1si Czab\u00e1n Samu \u00c1ltal\u00e1nos Iskola, felk\u00e9sz\u00edt\u0151: Szab\u00f3 Erika<\/p>\n<p><strong>3-5. oszt\u00e1ly:<\/strong><\/p>\n<p>1. Maczelka Barnab\u00e1s, Csan\u00e1dpalotai D\u00e9r Istv\u00e1n \u00c1ltal\u00e1nos Iskola, felk\u00e9sz\u00edt\u0151: Maczelk\u00e1n\u00e9 Szab\u00f3 M\u00e1ria,<\/p>\n<p>1. Gy\u00f6rgyi R\u00e9ka, Szent Imre Katolikus \u00c1ltal\u00e1nos Iskola \u00e9s \u00d3voda, Pusztaf\u00f6ldv\u00e1r, felk\u00e9sz\u00edt\u0151: Nagy Attil\u00e1n\u00e9<\/p>\n<p>2. P\u00f3t\u00e1ri Lea Zo\u00e9, T\u00e1ncsics Mih\u00e1ly Gimn\u00e1zium \u00e9s Szakgimn\u00e1zium, Orosh\u00e1za, felk\u00e9sz\u00edt\u0151: S\u00fcle Margit<\/p>\n<p>2. Volencsik D\u00e1vid, Nagyboldogasszony Katolikus \u00c1ltal\u00e1nos Iskola \u00e9s \u00d3voda, Csan\u00e1dap\u00e1ca, felk\u00e9sz\u00edt\u0151: Palacsik Ren\u00e1ta<\/p>\n<p>3. Zalai Bernadett, Sz\u00e9k\u00e1cs J\u00f3zsef Evang\u00e1likus \u00c1ltal\u00e1nos Iskola, Orosh\u00e1za, felk\u00e9sz\u00edt\u0151: Koncsek \u00c1rp\u00e1dn\u00e9<\/p>\n<p>3. Horv\u00e1th \u00c1ron, Orosh\u00e1zi Reform\u00e1tus K\u00e9t Tan\u00edt\u00e1si Nyelv\u0171 \u00c1ltal\u00e1nos Iskola, felk\u00e9sz\u00edt\u0151: Ferencsik Zolt\u00e1nn\u00e9<\/p>\n<p>K\u00fcl\u00f6nd\u00edj: Hevesi Brigita, T\u00e1ncsics Mih\u00e1ly Gimn\u00e1zium \u00e9s Szakgimn\u00e1zium, Orosh\u00e1za, felk\u00e9sz\u00edt\u0151: S\u00fcle Margit<\/p>\n<p><strong>Szervez\u0151k, t\u00e1mogat\u00f3k<\/strong>:\u00a0<a href=\"http:\/\/www.oroshaza.hu\/\">Orosh\u00e1za V\u00e1ros\u00a0\u00d6nkorm\u00e1nyzata<\/a>, <a href=\"https:\/\/www.facebook.com\/retesbolt\/\">R\u00e9tesbolt \u00e9s K\u00e1v\u00e9z\u00f3<\/a>,\u00a0<a href=\"http:\/\/www.pmk.oroshaza.hu\/\">Pet\u0151fi M\u0171vel\u0151d\u00e9si\u00a0K\u00f6zpont<\/a>,\u00a0<a href=\"http:\/\/gyoparosfurdo-oroshaza.hu\/\">Orosh\u00e1za\u00a0Gyop\u00e1rosf\u00fcrd\u0151<\/a>, F\u00fcl\u00f6p-csal\u00e1d, <a href=\"https:\/\/www.justhvk.hu\/\">Justh Zsigmond\u00a0V\u00e1rosi K\u00f6nyvt\u00e1r<\/a>.<\/p>\n<p>&nbsp;<\/p>\n<div class=\"fcbkbttn_buttons_block\" id=\"fcbkbttn_left\"><div class=\"fcbkbttn_like \"><fb:like href=\"https:\/\/blog.justhvk.hu\/blog\/rekordszamu-mesemondo-a-gyoparkan\/\" action=\"like\" colorscheme=\"light\" layout=\"button_count\"  size=\"small\"><\/fb:like><\/div><div class=\"fb-share-button  \" data-href=\"https:\/\/blog.justhvk.hu\/blog\/rekordszamu-mesemondo-a-gyoparkan\/\" data-type=\"button_count\" data-size=\"small\"><\/div><\/div>","protected":false},"excerpt":{"rendered":"<p>&nbsp; Ma d\u00e9lel\u0151tt 38\u00a0jelentkez\u0151 akt\u00edv k\u00f6zrem\u0171k\u00f6d\u00e9s\u00e9vel rendezt\u00fck meg a \u201eGyop\u00e1rka t\u00fcnd\u00e9r\u201d Mesemond\u00f3k XII. Orosh\u00e1zi Tal\u00e1lkoz\u00f3j\u00e1t \u00e9s Vet\u00e9lked\u0151j\u00e9t. A k\u00f6zel \u00f6t \u00f3r\u00e1s, maratoni program kieg\u00e9sz\u00edt\u00e9sek\u00e9nt j\u00e1tsz\u00f3h\u00e1zzal is v\u00e1rtuk a kicsiket-nagyokat. Az els\u0151 mesemond\u00f3 versenyt az Ifj\u00fas\u00e1gi Magyars\u00e1gt\u00e1bor keretein bel\u00fcl szervezte meg K\u00e1rolyi F\u00fcl\u00f6p B\u00e9la magyartan\u00e1r, \u00edr\u00f3, k\u00f6lt\u0151, gimn\u00e1ziumi igazgat\u00f3, Gyop\u00e1rka T\u00fcnd\u00e9r alakj\u00e1nak meg\u00e1lmod\u00f3ja 2006-ban. K\u00f6nyvt\u00e1runk \u00f6t [&hellip;]<\/p>\n","protected":false},"author":5,"featured_media":13401,"comment_status":"open","ping_status":"open","sticky":false,"template":"","format":"standard","meta":{"episode_type":"","audio_file":"","cover_image":"","cover_image_id":"","duration":"","filesize":"","date_recorded":"","explicit":"","block":"","filesize_raw":"","ngg_post_thumbnail":0,"footnotes":""},"categories":[255,452],"tags":[],"class_list":["post-13400","post","type-post","status-publish","format-standard","has-post-thumbnail","hentry","category-justh-zsigmond-varosi-konyvtar","category-oroshaza"],"_links":{"self":[{"href":"https:\/\/blog.justhvk.hu\/blog\/wp-json\/wp\/v2\/posts\/13400","targetHints":{"allow":["GET"]}}],"collection":[{"href":"https:\/\/blog.justhvk.hu\/blog\/wp-json\/wp\/v2\/posts"}],"about":[{"href":"https:\/\/blog.justhvk.hu\/blog\/wp-json\/wp\/v2\/types\/post"}],"author":[{"embeddable":true,"href":"https:\/\/blog.justhvk.hu\/blog\/wp-json\/wp\/v2\/users\/5"}],"replies":[{"embeddable":true,"href":"https:\/\/blog.justhvk.hu\/blog\/wp-json\/wp\/v2\/comments?post=13400"}],"version-history":[{"count":3,"href":"https:\/\/blog.justhvk.hu\/blog\/wp-json\/wp\/v2\/posts\/13400\/revisions"}],"predecessor-version":[{"id":13404,"href":"https:\/\/blog.justhvk.hu\/blog\/wp-json\/wp\/v2\/posts\/13400\/revisions\/13404"}],"wp:featuredmedia":[{"embeddable":true,"href":"https:\/\/blog.justhvk.hu\/blog\/wp-json\/wp\/v2\/media\/13401"}],"wp:attachment":[{"href":"https:\/\/blog.justhvk.hu\/blog\/wp-json\/wp\/v2\/media?parent=13400"}],"wp:term":[{"taxonomy":"category","embeddable":true,"href":"https:\/\/blog.justhvk.hu\/blog\/wp-json\/wp\/v2\/categories?post=13400"},{"taxonomy":"post_tag","embeddable":true,"href":"https:\/\/blog.justhvk.hu\/blog\/wp-json\/wp\/v2\/tags?post=13400"}],"curies":[{"name":"wp","href":"https:\/\/api.w.org\/{rel}","templated":true}]}}