{"id":13456,"date":"2017-06-21T15:46:11","date_gmt":"2017-06-21T15:46:11","guid":{"rendered":"https:\/\/www.justhvk.hu\/blog\/?p=13456"},"modified":"2017-06-21T15:46:11","modified_gmt":"2017-06-21T15:46:11","slug":"nyari-nyitvatartas-2017","status":"publish","type":"post","link":"https:\/\/blog.justhvk.hu\/blog\/nyari-nyitvatartas-2017\/","title":{"rendered":"Ny\u00e1ri nyitvatart\u00e1s, 2017."},"content":{"rendered":"<p>Kedves Olvas\u00f3ink!<\/p>\n<p><strong>2017. J\u00daLIUS 3-T\u00d3L AUGUSZTUS 26-IG<\/strong>\u00a0az al\u00e1bbi ny\u00e1ri nyitvatart\u00e1si rend szerint v\u00e1runk benneteket:<\/p>\n<p>H\u00e9tf\u0151-p\u00e9ntek: 9-17<\/p>\n<p>Szombat-vas\u00e1rnap: z\u00e1rva<\/p>\n<p><strong>GYERMEKK\u00d6NYVT\u00c1R:<\/strong><\/p>\n<p>H\u00e9tf\u0151-p\u00e9ntek: 8-16<\/p>\n<p>Szombat-vas\u00e1rnap: z\u00e1rva<\/p>\n<p>Ne feledj\u00e9tek, gyermekk\u00f6nyvt\u00e1runk, sz\u00e1m\u00edt\u00f3g\u00e9pes r\u00e9szleg\u00fcnk \u00e9s olvas\u00f3term\u00fcnk egyar\u00e1nt\u00a0klimatiz\u00e1lt, \u00e9s mik\u00f6zben a ny\u00e1ron is folyamatosan ker\u00fclnek ki az \u00faj k\u00f6nyvek polcainkra, lesz <a href=\"https:\/\/www.justhvk.hu\/blog\/?p=13459\">k\u00e9tszer k\u00e9t h\u00e9t j\u00e1tsz\u00f3h\u00e1z<\/a>unk is.<\/p>\n<p>Sz\u00e9p nyarat k\u00edv\u00e1nunk mindenkinek!<\/p>\n<div class=\"fcbkbttn_buttons_block\" id=\"fcbkbttn_left\"><div class=\"fcbkbttn_like \"><fb:like href=\"https:\/\/blog.justhvk.hu\/blog\/nyari-nyitvatartas-2017\/\" action=\"like\" colorscheme=\"light\" layout=\"button_count\"  size=\"small\"><\/fb:like><\/div><div class=\"fb-share-button  \" data-href=\"https:\/\/blog.justhvk.hu\/blog\/nyari-nyitvatartas-2017\/\" data-type=\"button_count\" data-size=\"small\"><\/div><\/div>","protected":false},"excerpt":{"rendered":"<p>Kedves Olvas\u00f3ink! 2017. J\u00daLIUS 3-T\u00d3L AUGUSZTUS 26-IG\u00a0az al\u00e1bbi ny\u00e1ri nyitvatart\u00e1si rend szerint v\u00e1runk benneteket: H\u00e9tf\u0151-p\u00e9ntek: 9-17 Szombat-vas\u00e1rnap: z\u00e1rva GYERMEKK\u00d6NYVT\u00c1R: H\u00e9tf\u0151-p\u00e9ntek: 8-16 Szombat-vas\u00e1rnap: z\u00e1rva Ne feledj\u00e9tek, gyermekk\u00f6nyvt\u00e1runk, sz\u00e1m\u00edt\u00f3g\u00e9pes r\u00e9szleg\u00fcnk \u00e9s olvas\u00f3term\u00fcnk egyar\u00e1nt\u00a0klimatiz\u00e1lt, \u00e9s mik\u00f6zben a ny\u00e1ron is folyamatosan ker\u00fclnek ki az \u00faj k\u00f6nyvek polcainkra, lesz k\u00e9tszer k\u00e9t h\u00e9t j\u00e1tsz\u00f3h\u00e1zunk is. Sz\u00e9p nyarat k\u00edv\u00e1nunk mindenkinek!<\/p>\n","protected":false},"author":5,"featured_media":13464,"comment_status":"open","ping_status":"open","sticky":false,"template":"","format":"standard","meta":{"episode_type":"","audio_file":"","cover_image":"","cover_image_id":"","duration":"","filesize":"","date_recorded":"","explicit":"","block":"","filesize_raw":"","ngg_post_thumbnail":0,"footnotes":""},"categories":[255,427,779,452],"tags":[],"class_list":["post-13456","post","type-post","status-publish","format-standard","has-post-thumbnail","hentry","category-justh-zsigmond-varosi-konyvtar","category-nyar","category-nyitvatartas","category-oroshaza"],"_links":{"self":[{"href":"https:\/\/blog.justhvk.hu\/blog\/wp-json\/wp\/v2\/posts\/13456","targetHints":{"allow":["GET"]}}],"collection":[{"href":"https:\/\/blog.justhvk.hu\/blog\/wp-json\/wp\/v2\/posts"}],"about":[{"href":"https:\/\/blog.justhvk.hu\/blog\/wp-json\/wp\/v2\/types\/post"}],"author":[{"embeddable":true,"href":"https:\/\/blog.justhvk.hu\/blog\/wp-json\/wp\/v2\/users\/5"}],"replies":[{"embeddable":true,"href":"https:\/\/blog.justhvk.hu\/blog\/wp-json\/wp\/v2\/comments?post=13456"}],"version-history":[{"count":4,"href":"https:\/\/blog.justhvk.hu\/blog\/wp-json\/wp\/v2\/posts\/13456\/revisions"}],"predecessor-version":[{"id":13463,"href":"https:\/\/blog.justhvk.hu\/blog\/wp-json\/wp\/v2\/posts\/13456\/revisions\/13463"}],"wp:featuredmedia":[{"embeddable":true,"href":"https:\/\/blog.justhvk.hu\/blog\/wp-json\/wp\/v2\/media\/13464"}],"wp:attachment":[{"href":"https:\/\/blog.justhvk.hu\/blog\/wp-json\/wp\/v2\/media?parent=13456"}],"wp:term":[{"taxonomy":"category","embeddable":true,"href":"https:\/\/blog.justhvk.hu\/blog\/wp-json\/wp\/v2\/categories?post=13456"},{"taxonomy":"post_tag","embeddable":true,"href":"https:\/\/blog.justhvk.hu\/blog\/wp-json\/wp\/v2\/tags?post=13456"}],"curies":[{"name":"wp","href":"https:\/\/api.w.org\/{rel}","templated":true}]}}