{"id":13781,"date":"2017-09-27T16:31:30","date_gmt":"2017-09-27T16:31:30","guid":{"rendered":"https:\/\/www.justhvk.hu\/blog\/?p=13781"},"modified":"2017-09-28T08:29:47","modified_gmt":"2017-09-28T08:29:47","slug":"fejezetek-oroshaza-rocktortenetebol-a-sirokko-egyuttes-2","status":"publish","type":"post","link":"https:\/\/blog.justhvk.hu\/blog\/fejezetek-oroshaza-rocktortenetebol-a-sirokko-egyuttes-2\/","title":{"rendered":"Fejezetek Orosh\u00e1za rockt\u00f6rt\u00e9net\u00e9b\u0151l \u2013 A SIROKK\u00d3 egy\u00fcttes &#8211; 2."},"content":{"rendered":"<p class=\"western\" align=\"justify\"><b>2. R\u00c9SZ: 1981-t\u0151l a rendszerv\u00e1lt\u00e1sig<br \/>\n<\/b><b><br \/>\nA Sirokk\u00f3 egy\u00fcttes 80-as \u00e9vekbeli t\u00f6rt\u00e9nete nagyj\u00e1b\u00f3l a G\u00f3lya Vend\u00e9gl\u0151, a V\u00e1ndor Fogad\u00f3 \u00e9s egy freiburgi \u00fat ment\u00e9n rajzolhat\u00f3 meg. Persze a zenekar ebben az id\u0151ben is ott volt olykor a rendszer egy-egy politikai rendezv\u00e9ny\u00e9nek kultur\u00e1lis blokkj\u00e1ban<\/b><sup><b><a class=\"sdfootnoteanc\" href=\"#sdfootnote1sym\" name=\"sdfootnote1anc\">1<\/a><\/b><\/sup><b>, illetve az ekkor szok\u00e1sosnak mondhat\u00f3 k\u00f6z\u00f6ss\u00e9gi esem\u00e9nyeken is (lak\u00f3telepi bulik,<\/b><sup><b><a class=\"sdfootnoteanc\" href=\"#sdfootnote2sym\" name=\"sdfootnote2anc\">2<\/a><\/b><\/sup><b> <\/b><sup><b><a class=\"sdfootnoteanc\" href=\"#sdfootnote3sym\" name=\"sdfootnote3anc\">3<\/a><\/b><\/sup><b> gyermekprogramok<\/b><sup><b><a class=\"sdfootnoteanc\" href=\"#sdfootnote4sym\" name=\"sdfootnote4anc\">4<\/a><\/b><\/sup><b>).<br \/>\n<\/b><b>Az egy\u00fcttes t\u00f6rt\u00e9net\u00e9nek folytat\u00e1sa \u2013 az els\u0151 r\u00e9szhez hasonl\u00f3an \u2013 j\u00f3r\u00e9szt szint\u00e9n az alap\u00edt\u00f3 Makai B\u00e1linttal lezajlott besz\u00e9lget\u00e9s alapj\u00e1n k\u00e9sz\u00fclt.<\/b><sup><b><a class=\"sdfootnoteanc\" href=\"#sdfootnote5sym\" name=\"sdfootnote5anc\">5<\/a><\/b><\/sup><\/p>\n<p class=\"western\" align=\"justify\"><b>Saj\u00e1t dalok<\/b><\/p>\n<p class=\"western\" align=\"justify\">A 1980-as \u00e9vekben t\u00f6rt\u00e9nt esem\u00e9nyek sz\u00e1mbav\u00e9tele el\u0151tt egy picit vissza kell l\u00e9pn\u00fcnk az egy\u00fcttes 1970-es \u00e9veire. Az els\u0151 r\u00e9szben eml\u00edtett\u00fck, a zenekar reperto\u00e1rja el\u00e9g gazdag volt, az akkori k\u00fclf\u00f6ldi \u00e9s magyar \u00e9lvonalbeli el\u0151ad\u00f3k sz\u00edne-jav\u00e1t megtal\u00e1ljuk a feldolgoz\u00e1sok tekintet\u00e9ben. Ugyanakkor \u2013 \u00e9s ez maradt ki az el\u0151z\u0151 r\u00e9szb\u0151l \u2013 tudni kell, a Sirokk\u00f3 nem kev\u00e9s saj\u00e1t dalt is kompon\u00e1lt az \u00e9vek sor\u00e1n. Ezek zenei alapj\u00e1t <i>Imre Lajos<\/i> \u00e9s <i>Csarejs J\u00e1nos<\/i> \u00edrt\u00e1k, a sz\u00f6veg\u00edr\u00e1sban <i>Makai B\u00e1lint<\/i> is r\u00e9szt vett. A dalok t\u00f6bbnyire a szerelemr\u0151l, az \u00e9jszak\u00e1z\u00e1sr\u00f3l, a zenekar \u00e9let\u00e9r\u0151l sz\u00f3ltak. A k\u00f6z\u00f6ns\u00e9g ezeket a dalokat legal\u00e1bb annyira szerette, mint a befutott zen\u00e9ket, legal\u00e1bbis a koncerteken folyamatosan j\u00e1tszania kellett \u0151ket az egy\u00fcttesnek. <i>Makai B\u00e1lint<\/i> elmond\u00e1sa szerint a Jaff\u00e1s becen\u00e9vre hallgat\u00f3 <i>D\u00e9r L\u00e1szl\u00f3<\/i> ha a mai napig meghallja, hogy \u201emegyek az \u00faton\u201d azonnal kiab\u00e1lja: Sirokk\u00f3!<sup><a class=\"sdfootnoteanc\" href=\"#sdfootnote6sym\" name=\"sdfootnote6anc\">6<\/a><\/sup><\/p>\n<p class=\"western\" align=\"justify\">Az 1974-es mez\u0151kov\u00e1csh\u00e1zi beatfesztiv\u00e1lra \u2013 ahol egy\u00e9bk\u00e9nt k\u00e9t saj\u00e1t \u00e9s egy k\u00fclf\u00f6ldi sz\u00e1mot lehetett j\u00e1tszani \u2013 a Sirokk\u00f3 h\u00e1rom saj\u00e1t sz\u00e1mot vitt: H\u00edd az \u00f3ce\u00e1n felett; \u00c9jszakai utaz\u00f3k; K\u00e9tely.<sup><a class=\"sdfootnoteanc\" href=\"#sdfootnote7sym\" name=\"sdfootnote7anc\">7<\/a><\/sup><\/p>\n<p class=\"western\" align=\"justify\">A saj\u00e1t dalok k\u00fcl\u00f6nleges sors\u00e1t jelzi, hogy <i>Csarejs J\u00e1nos<\/i> m\u00e9g mindig keresi azt az elt\u0171nt kazett\u00e1t, melyen az egy\u00fcttes kb. harminc dala szerepelt, s melyet \u0151 adott oda akkori szerelm\u00e9nek.<sup><a class=\"sdfootnoteanc\" href=\"#sdfootnote8sym\" name=\"sdfootnote8anc\">8<\/a><\/sup><\/p>\n<p class=\"western\" align=\"justify\">N\u00e9h\u00e1ny tov\u00e1bbi saj\u00e1t szerzem\u00e9ny c\u00edme: Megyek az \u00faton; Fordulj fel\u00e9m; L\u00e9gy bar\u00e1tom \u00e9szn\u00e9l; Nem sz\u00f3lt\u00e1l, csak elhagyt\u00e1l.<sup><a class=\"sdfootnoteanc\" href=\"#sdfootnote9sym\" name=\"sdfootnote9anc\">9<\/a><\/sup><\/p>\n<p class=\"western\" align=\"justify\"><b>A G\u00f3lya (1981)<\/b><\/p>\n<p class=\"western\" align=\"justify\"><i>Makai B\u00e1lint<\/i> 1980-ban leszerelt a katonas\u00e1gt\u00f3l s r\u00f6vid id\u0151n bel\u00fcl \u00fajj\u00e1szervezte a Sirokk\u00f3t. Az \u00faj fel\u00e1ll\u00e1sban <i>Rajki J\u00f3zsef<\/i> git\u00e1rozott \u00e9s \u00e9nekelt, <i>T\u00f3th Mih\u00e1ly<\/i> (G\u00f6nd\u00f6r) billenty\u0171z\u00f6tt, <i>Makai B\u00e1lint<\/i> basszusozott \u00e9s <i>Berta P\u00e1l<\/i> dobolt. Ez a form\u00e1ci\u00f3 az akkori G\u00f3lya vend\u00e9gl\u0151ben kezdett el zen\u00e9lni 1981 augusztus\u00e1ban. A pr\u00f3baj\u00e1t\u00e9kra 1981. augusztus 11-\u00e9n ker\u00fclt sor.<sup><a class=\"sdfootnoteanc\" href=\"#sdfootnote10sym\" name=\"sdfootnote10anc\">10<\/a><\/sup> B\u00e1r a bemutatkoz\u00e1s j\u00f3l siker\u00fclt, s a Sirokk\u00f3 kapott egy egy h\u00f3napos szerz\u0151d\u00e9st, a zenekar fel\u00e1ll\u00e1sa m\u00e1r szeptemberben megv\u00e1ltozott. <i>Rajki J\u00f3zsef<\/i> megn\u0151s\u00fclt, <i>Berta P\u00e1lnak<\/i> fia sz\u00fcletett, \u00edgy \u0151k kisz\u00e1lltak, a hely\u00fckre pedig \u00e9rkezett <i>T\u00f3th Zolt\u00e1n<\/i> dobos, illetve <i>Urb\u00e1n Gy\u00f6rgy<\/i> git\u00e1ros. Ut\u00f3bbival <i>Makai B\u00e1lint<\/i> egy\u00fctt katon\u00e1skodott \u00e9s zen\u00e9lt Kecskem\u00e9ten. A k\u00e9t \u00faj taggal az els\u0151 fell\u00e9p\u00e9s napj\u00e1n, kora d\u00e9lut\u00e1n tal\u00e1lkozott <i>Makai B\u00e1lint<\/i> az akkori Csillag \u00c1ruh\u00e1z (most Spar) mellett megbesz\u00e9lni a r\u00e9szleteket, este pedig m\u00e1r j\u00e1tszott a zenekar. A v\u00e1lt\u00e1s teh\u00e1t eg\u00e9szen gyorsan megt\u00f6rt\u00e9nt, gyakorlatilag egyik h\u00e9tv\u00e9g\u00e9n m\u00e9g az el\u0151z\u0151 form\u00e1ci\u00f3 j\u00e1tszott, egy h\u00e9t m\u00falva \u2013 1981. szeptember 4-\u00e9n \u2013 pedig m\u00e1r az \u00faj.<sup><a class=\"sdfootnoteanc\" href=\"#sdfootnote11sym\" name=\"sdfootnote11anc\">11<\/a><\/sup><\/p>\n<p class=\"western\" align=\"justify\">A zenekarnak ebben az id\u0151ben nem volt t\u00fal nagy felszerel\u00e9se. J\u00f3r\u00e9szt a csorv\u00e1si \u00c1F\u00c9SZ-t\u00f3l k\u00f6lcs\u00f6nkapott cuccon j\u00e1tszott az egy\u00fcttes, s a G\u00f3lya akkori tulaja azt \u00edg\u00e9rte a zenekarnak, megveszi egy bizonyos <i>Navot\u00e1nak<\/i> \u2013 aki ekkoriban \u00e9ppen felhagyott a diszk\u00f3z\u00e1ssal \u2013 a cucc\u00e1t. Miut\u00e1n a zenekar m\u00e1r t\u00f6bbedj\u00e9re haszn\u00e1lta a diszk\u00f3s felszerel\u00e9s\u00e9t, s a v\u00e9tel\u00e1r m\u00e9g mindig nem lett kifizetve, <i>Navota<\/i> megjelent a G\u00f3ly\u00e1ban, hogy j\u00f6tt a p\u00e9nz\u00e9rt. A tulaj azonban ekkor \u00fagy d\u00f6nt\u00f6tt nem veszi meg a zenekar sz\u00e1m\u00e1ra a cuccot, \u00edgy a diszk\u00f3s fogta mag\u00e1t \u00e9s a csapat j\u00e1t\u00e9ka k\u00f6zben elvitte a felszerel\u00e9s\u00e9t. Ezek ut\u00e1n m\u00e1r a zenekar sem v\u00e1llalta a zen\u00e9l\u00e9st, s a Sirokk\u00f3 n\u00e9h\u00e1ny h\u00f3napos g\u00f3ly\u00e1s korszaka 1981 december\u00e9ben v\u00e9get \u00e9rt.<\/p>\n<p class=\"western\" align=\"justify\">Mindazon\u00e1ltal az egy\u00fcttes sikeres id\u0151szakot tudhatott maga m\u00f6g\u00f6tt a g\u00f3ly\u00e1s muzsik\u00e1l\u00e1ssal, hiszen az ekkor szok\u00e1sos bel\u00e9p\u0151d\u00edjas b\u00e1lokon sokszor olyan sokan voltak, hogy este h\u00e9t \u00f3rakor m\u00e1r nem lehetett jegyeket kapni, mert tele volt az \u00e9tterem.<\/p>\n<p class=\"western\" align=\"justify\">A Sirokk\u00f3 nev\u00e9vel egy\u00e9bk\u00e9nt ebben az id\u0151szakban az \u00fcveggy\u00e1r klubmozgalmi \u00e9let\u00e9ben is, tal\u00e1lkozunk legal\u00e1bbis erre utal a Gy\u00e1ri t\u00e1j\u00e9koztat\u00f3 1981\/3. sz\u00e1ma, ahol az ifj\u00fas\u00e1gi klubmozgalomr\u00f3l sz\u00f3l\u00f3 egyik besz\u00e1mol\u00f3 szerint az egy\u00fcttes zen\u00e9s ismerked\u00e9shez \u00e9s t\u00e1ncversenyhez szolg\u00e1ltatta a zen\u00e9t.<sup><a class=\"sdfootnoteanc\" href=\"#sdfootnote12sym\" name=\"sdfootnote12anc\">12<\/a><\/sup><\/p>\n<p class=\"western\" align=\"justify\"><b>Fell\u00e9p\u00e9sek szerte a megy\u00e9ben (1982-1985)<\/b><\/p>\n<div id=\"attachment_13793\" style=\"width: 510px\" class=\"wp-caption alignleft\"><a href=\"https:\/\/www.justhvk.hu\/blog\/wp-content\/uploads\/2017\/09\/z008.jpg\"><img loading=\"lazy\" decoding=\"async\" aria-describedby=\"caption-attachment-13793\" class=\"wp-image-13793\" src=\"https:\/\/www.justhvk.hu\/blog\/wp-content\/uploads\/2017\/09\/z008.jpg\" alt=\"\" width=\"500\" height=\"375\" \/><\/a><p id=\"caption-attachment-13793\" class=\"wp-caption-text\"><strong>Battonya, Gyermekfalu &#8211; Kar\u00e1csonyi koncert (1983)<\/strong>. Balr\u00f3l: Poljovka J\u00e1nos (\u00e9nek) &#8211; T\u00f3th Mih\u00e1ly (G\u00f6nd\u00f6r) (billenty\u0171s hangszerek) &#8211; Makai B\u00e1lint (basszusgit\u00e1r, \u00e9nek) &#8211; T\u00f3th Zolt\u00e1n (dob) &#8211; Urb\u00e1n Gy\u00f6rgy (git\u00e1r, \u00e9nek)<\/p><\/div>\n<p class=\"western\" align=\"justify\">A Sirokk\u00f3 1982-t\u0151l teh\u00e1t szabad zenekark\u00e9nt m\u0171k\u00f6d\u00f6tt tov\u00e1bb. Ennek megfelel\u0151en \u2013 az orosh\u00e1zi fell\u00e9p\u00e9sek mellett \u2013 a megy\u00e9ben mindenfel\u00e9 (B\u00e9k\u00e9scsaba, Szarvas, T\u00f3tkoml\u00f3s, G\u00e1doros, Ambr\u00f3zfalva, stb.) mindenf\u00e9le esem\u00e9nyen meg lehetett \u0151ket tal\u00e1lni. Ekkor m\u00e1r a zenekar tagja volt <i>Poljovka<\/i> J\u00e1nos \u00e9nekes is. Rendszeresen j\u00e1tszott az egy\u00fcttes Gyop\u00e1roson az \u00fcveggy\u00e1r \u00fcd\u00fcl\u0151j\u00e9ben brig\u00e1drendezv\u00e9nyeken, n\u00e9h\u00e1ny alkalommal helyettes\u00edtette az Alf\u00f6ld Hotel zenekar\u00e1t, vid\u00e9ken \u00e9s Orosh\u00e1z\u00e1n t\u00f6bbek k\u00f6z\u00f6tt lakodalmakban, k\u00fcl\u00f6nb\u00f6z\u0151 b\u00e1lokon (sportb\u00e1l, orvosb\u00e1l, locsol\u00f3b\u00e1l, villamosb\u00e1l, vad\u00e1szb\u00e1l), p\u00f3tszilvesztereken l\u00e9pett fel. 1984. m\u00e1rcius 24-\u00e9n pedig <i>Nagy Band\u00f3 Andr\u00e1s<\/i> \u00e9s <i>Maksa<\/i> <i>Zolt\u00e1n<\/i> m\u0171sor\u00e1t k\u00f6vet\u0151en j\u00e1tszottak \u00e9jjel egy \u00f3r\u00e1ig tart\u00f3 bulit a KNER Nyomd\u00e1ban.<sup><a class=\"sdfootnoteanc\" href=\"#sdfootnote13sym\" name=\"sdfootnote13anc\">13<\/a><\/sup><\/p>\n<div id=\"attachment_13792\" style=\"width: 460px\" class=\"wp-caption aligncenter\"><a href=\"https:\/\/www.justhvk.hu\/blog\/wp-content\/uploads\/2017\/09\/z009.jpg\"><img loading=\"lazy\" decoding=\"async\" aria-describedby=\"caption-attachment-13792\" class=\"wp-image-13792\" src=\"https:\/\/www.justhvk.hu\/blog\/wp-content\/uploads\/2017\/09\/z009.jpg\" alt=\"\" width=\"450\" height=\"289\" \/><\/a><p id=\"caption-attachment-13792\" class=\"wp-caption-text\"><strong>\u00dcveggy\u00e1ri lak\u00f3telep &#8211; Lak\u00f3telepi b\u00e1l (1984)<\/strong>. Balr\u00f3l: Makai B\u00e1lint (basszusgit\u00e1r, \u00e9nek), T\u00f3th Mih\u00e1ly (G\u00f6nd\u00f6r) (billenty\u0171s hangszerek), T\u00f3th Zolt\u00e1n (dob), Rajki J\u00f3zsef (git\u00e1r, \u00e9nek)<\/p><\/div>\n<p><strong>A V\u00e1ndor (1985-1987)<\/strong><\/p>\n<p class=\"western\" align=\"justify\">A fogad\u00f3 megnyit\u00e1s\u00e1nak id\u0151pontja az\u00e9rt relev\u00e1ns az egy\u00fcttes szempontj\u00e1b\u00f3l, mert a csapat t\u00f6rt\u00e9net\u00e9t a helyes d\u00e1tummal pontosabban nyomon tudjuk k\u00f6vetni. Az alap\u00edt\u00f3 Makai B\u00e1lint el\u0151sz\u00f6r bizonytalan volt ezt a d\u00e1tumot, illetve \u00e9vet illet\u0151en, \u00edgy n\u00e9mi keresg\u00e9l\u00e9s, facebookos seg\u00edts\u00e9gk\u00e9r\u00e9s ut\u00e1n eljutottam az akkori tulajdonos Nagy Lajos szem\u00e9ly\u00e9hez (k\u00f6sz\u00f6net ez\u00e9rt Kov\u00e1cs Imre \u00farnak), aki a V\u00e1ndor megnyit\u00e1s\u00e1t hat\u00e1rozottan 1985. augusztus 9-re dat\u00e1lta. Ennek az adatnak a helyess\u00e9g\u00e9t l\u00e1tszik al\u00e1t\u00e1masztani, hogy a B\u00e9k\u00e9s Megyei N\u00e9p\u00fajs\u00e1gban a V\u00e1ndor Fogad\u00f3val kapcsolatos els\u0151 eml\u00edt\u00e9s 1986. \u00e1prilis 24-\u00e9n t\u00f6rt\u00e9nik (megb\u00edzhat\u00f3, leinform\u00e1lhat\u00f3 k\u00e9zil\u00e1nyt keresett a fogad\u00f3).<sup><a class=\"sdfootnoteanc\" href=\"#sdfootnote14sym\" name=\"sdfootnote14anc\">14<\/a><\/sup> Miut\u00e1n e sorokat ellen\u0151rz\u00e9sk\u00e9ppen Makai B\u00e1lint is \u00e1tolvasta, el\u0151kereste azokat a hat\u00e1rid\u0151napl\u00f3it melyekben meg\u0151rizte t\u00f6bbek k\u00f6z\u00f6tt a zenekarral kapcsolatos esem\u00e9nyeket is. A V\u00e1ndor megnyit\u00e1s\u00e1nak d\u00e1tum\u00e1t az \u0151 forr\u00e1sai is igazolj\u00e1k: a Sirokk\u00f3 val\u00f3ban 1985. augusztus 9-\u00e9n j\u00e1tszott el\u0151sz\u00f6r a megnyit\u00e1s alkalm\u00e1b\u00f3l szervezett nagy Cs\u00e1rdanyit\u00f3n.<sup><a class=\"sdfootnoteanc\" href=\"#sdfootnote15sym\" name=\"sdfootnote15anc\">15<\/a><\/sup> Az esem\u00e9ny s\u00faly\u00e1r\u00f3l sokat mond, hogy azon mindenki r\u00e9szt vett, aki akkor a megy\u00e9ben valamit is sz\u00e1m\u00edtott.<\/p>\n<div id=\"attachment_13786\" style=\"width: 660px\" class=\"wp-caption alignleft\"><a href=\"https:\/\/www.justhvk.hu\/blog\/wp-content\/uploads\/2017\/09\/mb02.jpg\"><img loading=\"lazy\" decoding=\"async\" aria-describedby=\"caption-attachment-13786\" class=\"wp-image-13786\" src=\"https:\/\/www.justhvk.hu\/blog\/wp-content\/uploads\/2017\/09\/mb02.jpg\" alt=\"\" width=\"650\" height=\"468\" \/><\/a><p id=\"caption-attachment-13786\" class=\"wp-caption-text\"><strong>A V\u00e1ndorban (1985)<\/strong>. Balr\u00f3l: Makai B\u00e1lint (basszusgit\u00e1r, \u00e9nek), T\u00f3th Mih\u00e1ly (G\u00f6nd\u00f6r) (billenty\u0171s hangszerek), Berta P\u00e1l (dob), Urb\u00e1n Gy\u00f6rgy (git\u00e1r)<\/p><\/div>\n<p class=\"western\" align=\"justify\">A V\u00e1ndorban a<\/p>\n<p class=\"western\" align=\"justify\">Poljovka J\u00e1nos \u2013 \u00e9nek<br \/>\nUrb\u00e1n Gy\u00f6rgy \u2013 sz\u00f3l\u00f3git\u00e1r<br \/>\nT\u00f3th Mih\u00e1ly (G\u00f6nd\u00f6r) \u2013 billenty\u0171s hangszerek<br \/>\nMakai B\u00e1lint \u2013 basszusgit\u00e1r<br \/>\nBerta P\u00e1l \u2013 dob<\/p>\n<p class=\"western\" align=\"justify\">fel\u00e1ll\u00e1s\u00fa Sirokk\u00f3 sz\u00f3rakoztatta a vend\u00e9geket, hetente k\u00e9tszer p\u00e9nteken \u00e9s szombaton. Az egy\u00fcttesnek m\u00e1r ekkor el\u00e9g sok felk\u00e9r\u00e9se volt m\u00e1shonnan is, de a fogad\u00f3beli k\u00f6telezetts\u00e9geik miatt ezeknek csak minim\u00e1lisan tudtak eleget tenni. Olyannyira futott a zenekar szekere ekkor, hogy 1987 j\u00fanius\u00e1ban a csapat egy Lad\u00e1val \u00e9s egy D\u00e1ci\u00e1val kiutazott <b>Freiburg<\/b>ba hangszereket v\u00e1s\u00e1rolni. A n\u00e9met v\u00e1rosban m\u0171k\u00f6d\u00f6tt egy diszkont\u00e1ruh\u00e1z, ahol az egy\u00fcttes tagjai m\u00e9g az utaz\u00e1si k\u00f6lts\u00e9get besz\u00e1m\u00edtva is sokkal olcs\u00f3bban tudtak min\u0151s\u00e9gi hangszereket venni. Makai B\u00e1lint ekkor v\u00e1s\u00e1rolt Regent cucca helyett Peavey-t, Urb\u00e1n Gy\u00f6rgy Fender git\u00e1rt, Berta P\u00e1l Paiste cint\u00e1ny\u00e9rokat, T\u00f3th Mih\u00e1ly Casio billenty\u0171ket.<\/p>\n<p class=\"western\" align=\"justify\">Ebben az id\u0151szakban olykor besz\u00e1llt a zenekarba Rajki J\u00f3zsef git\u00e1ros, a dobos posztj\u00e1n pedig T\u00f3th Zolt\u00e1n \u00e9s Berta P\u00e1l v\u00e1ltott\u00e1k egym\u00e1st n\u00e9h\u00e1ny alkalommal.<\/p>\n<p class=\"western\" align=\"justify\">1987 k\u00f6r\u00fcl m\u00e1r annyi k\u00e9r\u00e9s \u00e9rkezett a zenekarhoz, hogy a Sirokk\u00f3 k\u00e9nytelen volt feladni a V\u00e1ndort.<\/p>\n<p class=\"western\" align=\"justify\"><b>\u00dajabb kalandoz\u00e1sok (1988-1990)<\/b><\/p>\n<p class=\"western\" align=\"justify\">1988 elej\u00e9t\u0151l a Sirokk\u00f3 ism\u00e9t megyeszerte koncertez\u0151 egy\u00fcttess\u00e9 v\u00e1lt. Az 1982-85 k\u00f6z\u00f6tti id\u0151szakhoz hasonl\u00f3an a megye t\u00f6bb telep\u00fcl\u00e9s\u00e9n rendszeresen lehetett tal\u00e1lkozni a zenekarral. 1988-ban \u00e9s 1989-ben az \u00e1prilis 30-ai f\u00e1kly\u00e1s felvonul\u00e1sokon is fell\u00e9ptek.<\/p>\n<div id=\"attachment_13791\" style=\"width: 490px\" class=\"wp-caption aligncenter\"><a href=\"https:\/\/www.justhvk.hu\/blog\/wp-content\/uploads\/2017\/09\/z001.jpg\"><img loading=\"lazy\" decoding=\"async\" aria-describedby=\"caption-attachment-13791\" class=\"wp-image-13791\" src=\"https:\/\/www.justhvk.hu\/blog\/wp-content\/uploads\/2017\/09\/z001.jpg\" alt=\"\" width=\"480\" height=\"332\" \/><\/a><p id=\"caption-attachment-13791\" class=\"wp-caption-text\"><strong>\u00dcveggy\u00e1ri klub &#8211; Gyermekm\u0171sor (1987)<\/strong>. Balr\u00f3l: Makai B\u00e1lint (basszusgit\u00e1r), Rajki J\u00f3zsef (git\u00e1r, \u00e9nek), Feh\u00e9r B\u00e9la (git\u00e1r, \u00e9nek), Szab\u00f3 Attila (szintetiz\u00e1tor) &#8211; Dobg\u00e9pes el\u0151ad\u00e1s<\/p><\/div>\n<p class=\"western\" align=\"justify\">1988 szeptember\u00e9ben <i>Szab\u00f3 Attila<\/i> szem\u00e9ly\u00e9ben \u00faj billenty\u0171s ker\u00fclt a zenekarhoz, decemberben pedig m\u00e1r a dobos is \u00faj volt, legal\u00e1bbis ekkor a <i>Rajki J\u00f3zsef<\/i>, git\u00e1r, \u00e9nek; <i>Szab\u00f3 Attila<\/i>, billenty\u0171s hangszerek; <i>Makai B\u00e1lint<\/i>, basszusgit\u00e1r, <i>Nagy Lajos<\/i>, dob \u00f6sszet\u00e9tel\u0171 zenekar pr\u00f3b\u00e1lt.<sup><a class=\"sdfootnoteanc\" href=\"#sdfootnote16sym\" name=\"sdfootnote16anc\">16<\/a><\/sup> Nagy Lajos azonban 1989 j\u00falius\u00e1ban otthagyta az egy\u00fcttest, hely\u00e9re \u2013 a kor\u00e1bbr\u00f3l m\u00e1r ismert \u2013 T\u00f3th Zolt\u00e1n \u00e9rkezett.<sup><a class=\"sdfootnoteanc\" href=\"#sdfootnote17sym\" name=\"sdfootnote17anc\">17<\/a><\/sup><\/p>\n<p class=\"western\" align=\"justify\">\u00c9rdekes m\u00f3don a Sirokk\u00f3 80-as \u00e9vekbeli t\u00f6rt\u00e9net\u00e9t megint csak az alap\u00edt\u00f3 Makai B\u00e1lint z\u00e1rta le 1990-ben, amikor a n\u00e9pm\u0171vel\u0151i k\u00e9pes\u00edt\u00e9s megszerz\u00e9s\u00e9t k\u00f6vet\u0151en elv\u00e1llalta az \u00fcveggy\u00e1ri klub vezet\u00e9s\u00e9t, amivel egy\u00fattal a Sirokk\u00f3 egy\u00fcttesb\u0151l is kisz\u00e1llt. Azonban \u2013 mint k\u00e9s\u0151bb l\u00e1tni fogjuk \u2013 nem v\u00e9gleg hagyta ott a zenekart.<\/p>\n<p class=\"western\" align=\"justify\">Folyt. k\u00f6v.<\/p>\n<div id=\"sdfootnote1\">\n<p class=\"sdfootnote-western\"><a class=\"sdfootnotesym\" href=\"#sdfootnote1anc\" name=\"sdfootnote1sym\">1<\/a>A Magyar-szovjet bar\u00e1ti napok orosh\u00e1zi esem\u00e9ny\u00e9n 1983. szeptember 21-\u00e9n a Duna M\u0171v\u00e9szegy\u00fcttest k\u00f6vet\u0151en a Sirokk\u00f3 egy\u00fcttes is j\u00e1tszott. \u2013 B\u00e9k\u00e9s Megyei N\u00e9p\u00fajs\u00e1g, 1983. szeptember 22. [1.] p.<br \/>\n<a class=\"sdfootnotesym\" style=\"background-color: #ffffff;\" href=\"#sdfootnote2anc\" name=\"sdfootnote2sym\">2<\/a>B\u00e9k\u00e9s Megyei N\u00e9p\u00fajs\u00e1g, 1985. j\u00falius 22. 2. p.<br \/>\n<a class=\"sdfootnotesym\" style=\"background-color: #ffffff;\" href=\"#sdfootnote3anc\" name=\"sdfootnote3sym\">3<\/a>B\u00e9k\u00e9s Megyei N\u00e9p\u00fajs\u00e1g, 1986. augusztus 11. 6. p.<br \/>\n<a class=\"sdfootnotesym\" style=\"background-color: #ffffff;\" href=\"#sdfootnote4anc\" name=\"sdfootnote4sym\">4<\/a>B\u00e9k\u00e9s Megyei N\u00e9p\u00fajs\u00e1g, 1989. \u00e1prilis 6. 6. p.<br \/>\n<a class=\"sdfootnotesym\" style=\"background-color: #ffffff;\" href=\"#sdfootnote5anc\" name=\"sdfootnote5sym\">5<\/a>Besz\u00e9lget\u00e9s Makai B\u00e1linttal \u2013 2016. j\u00falius 29.<br \/>\n<a class=\"sdfootnotesym\" style=\"background-color: #ffffff;\" href=\"#sdfootnote6anc\" name=\"sdfootnote6sym\">6<\/a>Makai B\u00e1lint k\u00f6zl\u00e9se \u2013 Elektronikus lev\u00e9l: 2017. szeptember 19.<br \/>\n<a class=\"sdfootnotesym\" style=\"background-color: #ffffff;\" href=\"#sdfootnote7anc\" name=\"sdfootnote7sym\">7<\/a>Uo.<br \/>\n<a class=\"sdfootnotesym\" style=\"background-color: #ffffff;\" href=\"#sdfootnote8anc\" name=\"sdfootnote8sym\">8<\/a>Makai B\u00e1lint k\u00f6zl\u00e9se \u2013 Elektronikus lev\u00e9l: 2017. szeptember 18.<br \/>\n<a class=\"sdfootnotesym\" style=\"background-color: #ffffff;\" href=\"#sdfootnote9anc\" name=\"sdfootnote9sym\">9<\/a>Makai B\u00e1lint k\u00f6zl\u00e9se \u2013 Elektronikus lev\u00e9l: 2017. szeptember 19.<br \/>\n<a class=\"sdfootnotesym\" style=\"background-color: #ffffff;\" href=\"#sdfootnote10anc\" name=\"sdfootnote10sym\">10<\/a>Makai B\u00e1lint leporell\u00f3 form\u00e1tum\u00fa hat\u00e1rid\u0151napl\u00f3ja, 1981-es \u00e9v<br \/>\n<a class=\"sdfootnotesym\" style=\"background-color: #ffffff;\" href=\"#sdfootnote11anc\" name=\"sdfootnote11sym\">11<\/a>Uo.<br \/>\n<a class=\"sdfootnotesym\" style=\"background-color: #ffffff;\" href=\"#sdfootnote12anc\" name=\"sdfootnote12sym\">12<\/a>Prib\u00e9k S\u00e1ndor (szerk.): Gy\u00e1ri t\u00e1j\u00e9koztat\u00f3, 1981\/3. 38. p.<br \/>\n<a class=\"sdfootnotesym\" style=\"background-color: #ffffff;\" href=\"#sdfootnote13anc\" name=\"sdfootnote13sym\">13<\/a>Makai B\u00e1lint leporell\u00f3 form\u00e1tum\u00fa hat\u00e1rid\u0151napl\u00f3i<br \/>\n<a class=\"sdfootnotesym\" style=\"background-color: #ffffff;\" href=\"#sdfootnote14anc\" name=\"sdfootnote14sym\">14<\/a>B\u00e9k\u00e9s Megyei N\u00e9p\u00fajs\u00e1g, 1986. \u00e1prilis 24. [7.] p.<br \/>\n<a class=\"sdfootnotesym\" style=\"background-color: #ffffff;\" href=\"#sdfootnote15anc\" name=\"sdfootnote15sym\">15<\/a>Makai B\u00e1lint leporell\u00f3 form\u00e1tum\u00fa hat\u00e1rid\u0151napl\u00f3ja, 1985-\u00f6s \u00e9v<br \/>\n<a class=\"sdfootnotesym\" style=\"background-color: #ffffff;\" href=\"#sdfootnote16anc\" name=\"sdfootnote16sym\">16<\/a>Makai B\u00e1lint leporell\u00f3 form\u00e1tum\u00fa hat\u00e1rid\u0151napl\u00f3ja, 1988-as \u00e9v<br \/>\n<a class=\"sdfootnotesym\" style=\"background-color: #ffffff;\" href=\"#sdfootnote17anc\" name=\"sdfootnote17sym\">17<\/a>Uo.<\/p>\n<\/div>\n<div class=\"fcbkbttn_buttons_block\" id=\"fcbkbttn_left\"><div class=\"fcbkbttn_like \"><fb:like href=\"https:\/\/blog.justhvk.hu\/blog\/fejezetek-oroshaza-rocktortenetebol-a-sirokko-egyuttes-2\/\" action=\"like\" colorscheme=\"light\" layout=\"button_count\"  size=\"small\"><\/fb:like><\/div><div class=\"fb-share-button  \" data-href=\"https:\/\/blog.justhvk.hu\/blog\/fejezetek-oroshaza-rocktortenetebol-a-sirokko-egyuttes-2\/\" data-type=\"button_count\" data-size=\"small\"><\/div><\/div>","protected":false},"excerpt":{"rendered":"<p>2. R\u00c9SZ: 1981-t\u0151l a rendszerv\u00e1lt\u00e1sig A Sirokk\u00f3 egy\u00fcttes 80-as \u00e9vekbeli t\u00f6rt\u00e9nete nagyj\u00e1b\u00f3l a G\u00f3lya Vend\u00e9gl\u0151, a V\u00e1ndor Fogad\u00f3 \u00e9s egy freiburgi \u00fat ment\u00e9n rajzolhat\u00f3 meg. Persze a zenekar ebben az id\u0151ben is ott volt olykor a rendszer egy-egy politikai rendezv\u00e9ny\u00e9nek kultur\u00e1lis blokkj\u00e1ban1, illetve az ekkor szok\u00e1sosnak mondhat\u00f3 k\u00f6z\u00f6ss\u00e9gi esem\u00e9nyeken is (lak\u00f3telepi bulik,2 3 gyermekprogramok4). Az [&hellip;]<\/p>\n","protected":false},"author":4,"featured_media":0,"comment_status":"open","ping_status":"open","sticky":false,"template":"","format":"standard","meta":{"episode_type":"","audio_file":"","cover_image":"","cover_image_id":"","duration":"","filesize":"","date_recorded":"","explicit":"","block":"","filesize_raw":"","ngg_post_thumbnail":0,"footnotes":""},"categories":[859,858,657,658,660],"tags":[],"class_list":["post-13781","post","type-post","status-publish","format-standard","hentry","category-oroshaza-zenetortenete","category-sirokko-egyuttes","category-zene","category-zenei-elet","category-zenei-konyvtar"],"_links":{"self":[{"href":"https:\/\/blog.justhvk.hu\/blog\/wp-json\/wp\/v2\/posts\/13781","targetHints":{"allow":["GET"]}}],"collection":[{"href":"https:\/\/blog.justhvk.hu\/blog\/wp-json\/wp\/v2\/posts"}],"about":[{"href":"https:\/\/blog.justhvk.hu\/blog\/wp-json\/wp\/v2\/types\/post"}],"author":[{"embeddable":true,"href":"https:\/\/blog.justhvk.hu\/blog\/wp-json\/wp\/v2\/users\/4"}],"replies":[{"embeddable":true,"href":"https:\/\/blog.justhvk.hu\/blog\/wp-json\/wp\/v2\/comments?post=13781"}],"version-history":[{"count":37,"href":"https:\/\/blog.justhvk.hu\/blog\/wp-json\/wp\/v2\/posts\/13781\/revisions"}],"predecessor-version":[{"id":13825,"href":"https:\/\/blog.justhvk.hu\/blog\/wp-json\/wp\/v2\/posts\/13781\/revisions\/13825"}],"wp:attachment":[{"href":"https:\/\/blog.justhvk.hu\/blog\/wp-json\/wp\/v2\/media?parent=13781"}],"wp:term":[{"taxonomy":"category","embeddable":true,"href":"https:\/\/blog.justhvk.hu\/blog\/wp-json\/wp\/v2\/categories?post=13781"},{"taxonomy":"post_tag","embeddable":true,"href":"https:\/\/blog.justhvk.hu\/blog\/wp-json\/wp\/v2\/tags?post=13781"}],"curies":[{"name":"wp","href":"https:\/\/api.w.org\/{rel}","templated":true}]}}