{"id":13903,"date":"2017-10-13T12:49:18","date_gmt":"2017-10-13T12:49:18","guid":{"rendered":"https:\/\/www.justhvk.hu\/blog\/?p=13903"},"modified":"2017-10-16T18:16:36","modified_gmt":"2017-10-16T18:16:36","slug":"kirandulas-az-orszagos-szechenyi-konyvtarba","status":"publish","type":"post","link":"https:\/\/blog.justhvk.hu\/blog\/kirandulas-az-orszagos-szechenyi-konyvtarba\/","title":{"rendered":"Kir\u00e1ndul\u00e1s az Orsz\u00e1gos Sz\u00e9ch\u00e9nyi K\u00f6nyvt\u00e1rba"},"content":{"rendered":"<p><a href=\"https:\/\/www.justhvk.hu\/blog\/?p=12081\">Ism\u00e9t<\/a> \u00fatra kelt a lelkes L\u00e9lekVitamin Klubos csapat. A korai indul\u00e1s \u00e9s a magas vonatl\u00e9pcs\u0151k sem riasztottak el benn\u00fcnket okt\u00f3ber 3-\u00e1n. Vid\u00e1man, a j\u00f3 id\u0151ben b\u00edzva (de eserny\u0151vel felszerelkezve) indultunk Budapestre. \u00datic\u00e9lunk az Orsz\u00e1gos Sz\u00e9ch\u00e9nyi K\u00f6nyvt\u00e1r volt.<\/p>\n<p>A Keletib\u0151l busszal ment\u00fcnk el a v\u00e1r l\u00e1b\u00e1ig, ahonnan egy kellemes s\u00e9ta \u00e9s 5 emeletnyi liftez\u00e9s ut\u00e1n eljutottunk az Oroszl\u00e1nos udvarba. Az id\u0151j\u00e1r\u00e1s kegyes volt hozz\u00e1nk, a k\u00f6t\u00f6tt programunk el\u0151tt volt lehet\u0151s\u00e9g\u00fcnk egy kis n\u00e9zel\u0151d\u00e9sre is. Barangol\u00e1s k\u00f6zben l\u00e1ttunk husz\u00e1rokat a S\u00e1ndor Palota k\u00f6rny\u00e9k\u00e9n, <a href=\"https:\/\/photos.app.goo.gl\/k7hiqJhWnJaUd9zR2\">f\u00e9nyk\u00e9pezkedt\u00fcnk<\/a> M\u00e1ty\u00e1s k\u00fatj\u00e1n\u00e1l, megcsod\u00e1ltuk a gy\u00f6ny\u00f6r\u0171 panor\u00e1m\u00e1t a Nemzeti Gal\u00e9ria el\u0151tti t\u00e9rr\u0151l.<\/p>\n<p>Egy \u00f3r\u00e1ra v\u00e1rtak benn\u00fcnket a k\u00f6nyvt\u00e1rba. Egy kis k\u00e1v\u00e9z\u00e1sra, s\u00fctiz\u00e9sre volt m\u00e9g id\u0151nk miel\u0151tt meg\u00e9rkezett Elbe Istv\u00e1n inform\u00e1ci\u00f3szolg\u00e1ltat\u00e1si igazgat\u00f3. \u00a0\u0150 mutatta be nek\u00fcnk ezt a m\u00e9lt\u00e1n h\u00edres, gy\u00f6ny\u00f6r\u0171 \u00e9p\u00fcletet. Elkalauzolt benn\u00fcnket a k\u00f6nyvt\u00e1r katal\u00f3gus term\u00e9be, voltunk egy olvas\u00f3teremben, besz\u00e9lt nek\u00fcnk a k\u00f6nyvt\u00e1r \u00a0r\u00e9szeir\u0151l, a k\u00f6nyvt\u00e1rhaszn\u00e1lat szab\u00e1lyair\u00f3l, a k\u00fcl\u00f6ngy\u0171jtem\u00e9nyekr\u0151l, az alap\u00edt\u00f3r\u00f3l, az alap\u00edt\u00e1s k\u00f6r\u00fclm\u00e9nyeir\u0151l. S\u00e9t\u00e1nk v\u00e9g\u00e9n a tizenegy emeletes rakt\u00e1r 7. szintj\u00e9re is bemehett\u00fcnk, ahol sok becses dokumentumot l\u00e1ttunk, s\u0151t egyet k\u00e9zbe is foghattunk K\u00f6lcsey k\u00f6nyvei k\u00f6z\u00fcl. Vezet\u0151nk el\u0151ad\u00e1sa olyan mag\u00e1val ragad\u00f3 volt, hogy \u00e9szre sem vett\u00fck, milyen gyorsan elrep\u00fclt az ott t\u00f6lt\u00f6tt b\u0151 m\u00e1sf\u00e9l \u00f3ra.<\/p>\n<p>F\u00e1radtan, de \u00e9lm\u00e9nyekkel telve \u00e9rt\u00fcnk haza.<\/p>\n<p>A fot\u00f3k a kir\u00e1ndul\u00e1sr\u00f3l <a href=\"https:\/\/photos.app.goo.gl\/k7hiqJhWnJaUd9zR2\">ide kattintva<\/a> tekinthet\u0151ek meg.<\/p>\n<p><a href=\"https:\/\/photos.app.goo.gl\/k7hiqJhWnJaUd9zR2\"><img loading=\"lazy\" decoding=\"async\" class=\"aligncenter wp-image-13904 size-full\" src=\"https:\/\/www.justhvk.hu\/blog\/wp-content\/uploads\/2017\/10\/lelekvitamin_oszk_20171003.jpg\" alt=\"\" width=\"1005\" height=\"754\" \/><\/a><\/p>\n<div class=\"fcbkbttn_buttons_block\" id=\"fcbkbttn_left\"><div class=\"fcbkbttn_like \"><fb:like href=\"https:\/\/blog.justhvk.hu\/blog\/kirandulas-az-orszagos-szechenyi-konyvtarba\/\" action=\"like\" colorscheme=\"light\" layout=\"button_count\"  size=\"small\"><\/fb:like><\/div><div class=\"fb-share-button  \" data-href=\"https:\/\/blog.justhvk.hu\/blog\/kirandulas-az-orszagos-szechenyi-konyvtarba\/\" data-type=\"button_count\" data-size=\"small\"><\/div><\/div>","protected":false},"excerpt":{"rendered":"<p>Ism\u00e9t \u00fatra kelt a lelkes L\u00e9lekVitamin Klubos csapat. A korai indul\u00e1s \u00e9s a magas vonatl\u00e9pcs\u0151k sem riasztottak el benn\u00fcnket okt\u00f3ber 3-\u00e1n. Vid\u00e1man, a j\u00f3 id\u0151ben b\u00edzva (de eserny\u0151vel felszerelkezve) indultunk Budapestre. \u00datic\u00e9lunk az Orsz\u00e1gos Sz\u00e9ch\u00e9nyi K\u00f6nyvt\u00e1r volt. A Keletib\u0151l busszal ment\u00fcnk el a v\u00e1r l\u00e1b\u00e1ig, ahonnan egy kellemes s\u00e9ta \u00e9s 5 emeletnyi liftez\u00e9s ut\u00e1n eljutottunk [&hellip;]<\/p>\n","protected":false},"author":13,"featured_media":0,"comment_status":"open","ping_status":"open","sticky":false,"template":"","format":"standard","meta":{"episode_type":"","audio_file":"","cover_image":"","cover_image_id":"","duration":"","filesize":"","date_recorded":"","explicit":"","block":"","filesize_raw":"","ngg_post_thumbnail":0,"footnotes":""},"categories":[255,711,452,474,476],"tags":[],"class_list":["post-13903","post","type-post","status-publish","format-standard","hentry","category-justh-zsigmond-varosi-konyvtar","category-lelekvitamin","category-oroshaza","category-orszagos-szechenyi-konyvtar","category-oszk"],"_links":{"self":[{"href":"https:\/\/blog.justhvk.hu\/blog\/wp-json\/wp\/v2\/posts\/13903","targetHints":{"allow":["GET"]}}],"collection":[{"href":"https:\/\/blog.justhvk.hu\/blog\/wp-json\/wp\/v2\/posts"}],"about":[{"href":"https:\/\/blog.justhvk.hu\/blog\/wp-json\/wp\/v2\/types\/post"}],"author":[{"embeddable":true,"href":"https:\/\/blog.justhvk.hu\/blog\/wp-json\/wp\/v2\/users\/13"}],"replies":[{"embeddable":true,"href":"https:\/\/blog.justhvk.hu\/blog\/wp-json\/wp\/v2\/comments?post=13903"}],"version-history":[{"count":2,"href":"https:\/\/blog.justhvk.hu\/blog\/wp-json\/wp\/v2\/posts\/13903\/revisions"}],"predecessor-version":[{"id":13932,"href":"https:\/\/blog.justhvk.hu\/blog\/wp-json\/wp\/v2\/posts\/13903\/revisions\/13932"}],"wp:attachment":[{"href":"https:\/\/blog.justhvk.hu\/blog\/wp-json\/wp\/v2\/media?parent=13903"}],"wp:term":[{"taxonomy":"category","embeddable":true,"href":"https:\/\/blog.justhvk.hu\/blog\/wp-json\/wp\/v2\/categories?post=13903"},{"taxonomy":"post_tag","embeddable":true,"href":"https:\/\/blog.justhvk.hu\/blog\/wp-json\/wp\/v2\/tags?post=13903"}],"curies":[{"name":"wp","href":"https:\/\/api.w.org\/{rel}","templated":true}]}}