{"id":14409,"date":"2018-03-24T14:43:22","date_gmt":"2018-03-24T14:43:22","guid":{"rendered":"https:\/\/www.justhvk.hu\/blog\/?p=14409"},"modified":"2018-03-27T11:02:10","modified_gmt":"2018-03-27T11:02:10","slug":"rolunk-irtak-316","status":"publish","type":"post","link":"https:\/\/blog.justhvk.hu\/blog\/rolunk-irtak-316\/","title":{"rendered":"R\u00f3lunk \u00edrt\u00e1k"},"content":{"rendered":"<p>Friss cikkek r\u00f3lunk! <span style=\"color: #ffffff;\">M\u00e1r csak egy kattint\u00e1s&#8230; klikkelj a c\u00edmre!<!--more--><\/span><\/p>\n<ul>\n<li>Be\u00e1ll\u00e1s \/ F\u00f6ldesi Szandra. &#8211; In. Likefestoon (2018. m\u00e1rcius 15.) [<a href=\"http:\/\/likefestoon.com\/beallas\/\">http:\/\/likefestoon.com\/beallas\/<\/a>]<\/li>\n<li>T\u00edz \u00e9ve veszett el az els\u0151 n\u00e9h\u00e1ny \/ Cs\u00e1nyi J\u00f3zsef. &#8211; In. OrosCaf\u00e9 (2018. m\u00e1rcius 16.) [<a href=\"http:\/\/oroscafe.hu\/2018\/03\/16\/tiz-eve-veszett-el-az-elso-nehany\/cikk\/kultura\/csanyijozsi\">http:\/\/oroscafe.hu\/2018\/03\/16\/tiz-eve-veszett-el-az-elso-nehany\/cikk\/kultura\/csanyijozsi<\/a>]<\/li>\n<li>Kiegyez\u00e9s, dualizmus, polg\u00e1rosod\u00e1s. R\u00e9szlet az Orosh\u00e1zi V\u00e1rosi Telev\u00edzi\u00f3 2018. m\u00e1rcius 16-i H\u00edrad\u00f3j\u00e1b\u00f3l. [<a href=\"https:\/\/youtu.be\/PhtsKiU4cyQ\">https:\/\/youtu.be\/PhtsKiU4cyQ<\/a>]<\/li>\n<li>Olvasd el \u2013 Vesz\u00edts el! \/ F\u00f6ldesi Szandra. &#8211; In. Likefestoon (2018. m\u00e1rcius 21.) [<a href=\"http:\/\/likefestoon.com\/olvasd-el-veszits-el\/\">http:\/\/likefestoon.com\/olvasd-el-veszits-el\/<\/a>]<\/li>\n<li>H\u00e9tv\u00e9gi programok B\u00e9k\u00e9s megy\u00e9ben. &#8211; In. Beol.hu (2018. m\u00e1rcius 23.) [<a href=\"https:\/\/www.beol.hu\/programajanlo\/hetvegi-programok-bekes-megyeben-1228475\/\">https:\/\/www.beol.hu\/programajanlo\/hetvegi-programok-bekes-megyeben-1228475\/<\/a>]<\/li>\n<li>Fog\u00e1szat ut\u00e1n bark\u00e1csol\u00e1s \u2013 H\u00fasv\u00e9ti j\u00e1tsz\u00f3h\u00e1z a k\u00f6nyvt\u00e1rban \/ G\u00e1l Di\u00e1na Babett. &#8211; In. OrosCaf\u00e9 (2018. m\u00e1rcius 23.) [<a href=\"http:\/\/oroscafe.hu\/2018\/03\/23\/fogaszat-utan-barkacsolas-husveti-jatszohaz-a-konyvtarban\/cikk\/kozelet\/diana-babett\">http:\/\/oroscafe.hu\/2018\/03\/23\/fogaszat-utan-barkacsolas-husveti-jatszohaz-a-konyvtarban\/cikk\/kozelet\/diana-babett<\/a>]<\/li>\n<li>Programaj\u00e1nl\u00f3 h\u00e9tv\u00e9g\u00e9re. &#8211; In. OrosCaf\u00e9 (2018. m\u00e1rcius 23.) [<a href=\"http:\/\/oroscafe.hu\/2018\/03\/23\/programajanlo-hetvegere-44\/cikk\/programajanlo\/oroscafe\">http:\/\/oroscafe.hu\/2018\/03\/23\/programajanlo-hetvegere-44\/cikk\/programajanlo\/oroscafe<\/a>]<\/li>\n<li>B\u00e9k\u00e9s megyei programaj\u00e1nl\u00f3. \u2013 In. B\u00e9k\u00e9s Megyei H\u00edrlap, 73. \u00e9vf., 69. sz. (2018. m\u00e1rcius 23.). \u2013 p. 5.<\/li>\n<li>Boldog b\u00e9keid\u0151k a k\u00f6nyvt\u00e1rban \/ Perny\u00e9s Edit. \u2013 In. Orosh\u00e1zi \u00c9let, 23. \u00e9vf., 11. sz. (2018. m\u00e1rcius 23.). \u2013 p. 5.<\/li>\n<li>Programaj\u00e1nl\u00f3. \u2013 In. Orosh\u00e1zi \u00c9let, 23. \u00e9vf., 11. sz. (2018. m\u00e1rcius 23.). \u2013 p. 5.<\/li>\n<li>A zene \u00f6sszetart \/ BZ [Bojtor Zal\u00e1n]. \u2013 In. Orosh\u00e1zi \u00c9let, 23. \u00e9vf., 11. sz. (2018. m\u00e1rcius 23.). \u2013 p. 8.<\/li>\n<li>Interj\u00fa a Vesz\u00edts el egy k\u00f6nyvet! j\u00e1t\u00e9kr\u00f3l a Kossuth R\u00e1di\u00f3 2018. m\u00e1rcius 24-i Szombat d\u00e9lel\u0151tt c\u00edm\u0171 m\u0171sor\u00e1ban [<a href=\"https:\/\/www.justhvk.hu\/blog\/wp-content\/uploads\/2018\/03\/Kossuth_20180324.mp3\">https:\/\/www.justhvk.hu\/blog\/wp-content\/uploads\/2018\/03\/Kossuth_20180324.mp3<\/a>]<\/li>\n<li>Egy kital\u00e1lt zenekar t\u00f6rt\u00e9nete \u2013 L\u00e9vai Bal\u00e1zs k\u00f6nyvbemutat\u00f3ja \/ Bojtor Zal\u00e1n. &#8211; In. OrosCaf\u00e9 (2018. m\u00e1rcius 24.) [<a href=\"http:\/\/oroscafe.hu\/2018\/03\/24\/egy-kitalalt-zenekar-tortenete-levai-balazs-konyvbemutatoja\/cikk\/kultura\/bojtor-zalan\">http:\/\/oroscafe.hu\/2018\/03\/24\/egy-kitalalt-zenekar-tortenete-levai-balazs-konyvbemutatoja\/cikk\/kultura\/bojtor-zalan<\/a>]<\/li>\n<li>Vesz\u00edts el egy k\u00f6nyvet a h\u00e9tv\u00e9g\u00e9n! \/ Kov\u00e1cs Erika. &#8211; In. D\u00e9lmagyarorsz\u00e1g (2018. m\u00e1rcius 24.) [<a href=\"http:\/\/www.delmagyar.hu\/szeged_hirek\/veszits_el_egy_konyvet_a_hetvegen\/2554429\/\">http:\/\/www.delmagyar.hu\/szeged_hirek\/veszits_el_egy_konyvet_a_hetvegen\/2554429\/<\/a>]<\/li>\n<\/ul>\n<div class=\"fcbkbttn_buttons_block\" id=\"fcbkbttn_left\"><div class=\"fcbkbttn_like \"><fb:like href=\"https:\/\/blog.justhvk.hu\/blog\/rolunk-irtak-316\/\" action=\"like\" colorscheme=\"light\" layout=\"button_count\"  size=\"small\"><\/fb:like><\/div><div class=\"fb-share-button  \" data-href=\"https:\/\/blog.justhvk.hu\/blog\/rolunk-irtak-316\/\" data-type=\"button_count\" data-size=\"small\"><\/div><\/div>","protected":false},"excerpt":{"rendered":"<p>Friss cikkek r\u00f3lunk! M\u00e1r csak egy kattint\u00e1s&#8230; klikkelj a c\u00edmre!<\/p>\n","protected":false},"author":5,"featured_media":0,"comment_status":"open","ping_status":"open","sticky":false,"template":"","format":"standard","meta":{"episode_type":"","audio_file":"https:\/\/www.justhvk.hu\/blog\/wp-content\/uploads\/2018\/03\/Kossuth_20180324.mp3\n10518359\naudio\/mpeg\n","cover_image":"","cover_image_id":"","duration":"","filesize":"","date_recorded":"","explicit":"","block":"","filesize_raw":"","ngg_post_thumbnail":0,"footnotes":""},"categories":[243,255,877,452,503,515,528,640,641],"tags":[],"class_list":["post-14409","post","type-post","status-publish","format-standard","hentry","category-jatek","category-justh-zsigmond-varosi-konyvtar","category-levai-balazs","category-oroshaza","category-programajanlo","category-rolunk_irtak","category-sajtofigyeles","category-veszits","category-veszits_el_egy_konyvet"],"_links":{"self":[{"href":"https:\/\/blog.justhvk.hu\/blog\/wp-json\/wp\/v2\/posts\/14409","targetHints":{"allow":["GET"]}}],"collection":[{"href":"https:\/\/blog.justhvk.hu\/blog\/wp-json\/wp\/v2\/posts"}],"about":[{"href":"https:\/\/blog.justhvk.hu\/blog\/wp-json\/wp\/v2\/types\/post"}],"author":[{"embeddable":true,"href":"https:\/\/blog.justhvk.hu\/blog\/wp-json\/wp\/v2\/users\/5"}],"replies":[{"embeddable":true,"href":"https:\/\/blog.justhvk.hu\/blog\/wp-json\/wp\/v2\/comments?post=14409"}],"version-history":[{"count":12,"href":"https:\/\/blog.justhvk.hu\/blog\/wp-json\/wp\/v2\/posts\/14409\/revisions"}],"predecessor-version":[{"id":14449,"href":"https:\/\/blog.justhvk.hu\/blog\/wp-json\/wp\/v2\/posts\/14409\/revisions\/14449"}],"wp:attachment":[{"href":"https:\/\/blog.justhvk.hu\/blog\/wp-json\/wp\/v2\/media?parent=14409"}],"wp:term":[{"taxonomy":"category","embeddable":true,"href":"https:\/\/blog.justhvk.hu\/blog\/wp-json\/wp\/v2\/categories?post=14409"},{"taxonomy":"post_tag","embeddable":true,"href":"https:\/\/blog.justhvk.hu\/blog\/wp-json\/wp\/v2\/tags?post=14409"}],"curies":[{"name":"wp","href":"https:\/\/api.w.org\/{rel}","templated":true}]}}