{"id":14865,"date":"2018-09-20T09:03:59","date_gmt":"2018-09-20T09:03:59","guid":{"rendered":"https:\/\/www.justhvk.hu\/blog\/?p=14865"},"modified":"2018-09-20T13:04:10","modified_gmt":"2018-09-20T13:04:10","slug":"nepmese-napja-a-konyvtarban","status":"publish","type":"post","link":"https:\/\/blog.justhvk.hu\/blog\/nepmese-napja-a-konyvtarban\/","title":{"rendered":"N\u00e9pmese napja a k\u00f6nyvt\u00e1rban"},"content":{"rendered":"<p>\u00dcnnepelj\u00fck egy\u00fctt a N\u00e9pmese napj\u00e1t a k\u00f6nyvt\u00e1rban szeptember 28-\u00e1n, p\u00e9nteken!<\/p>\n<p>Amivel v\u00e1runk:<\/p>\n<ul>\n<li>egy-egy aj\u00e1nd\u00e9k n\u00e9pmese minden olvas\u00f3nak a gyermekk\u00f6nyvt\u00e1rban<\/li>\n<li>n\u00e9pmese tot\u00f3<\/li>\n<li>hamuba s\u00fclt pog\u00e1csa<\/li>\n<li>pap\u00edrsz\u00ednh\u00e1z<\/li>\n<li>alkalmi ki\u00e1ll\u00edt\u00e1s n\u00e9pmese gy\u0171jtem\u00e9ny\u00fcnkb\u0151l<\/li>\n<li>magyar n\u00e9pmes\u00e9k vet\u00edt\u00e9se<\/li>\n<\/ul>\n<p>Egyszer volt, hol nem volt!<\/p>\n<p><a href=\"https:\/\/www.facebook.com\/events\/286913388797044\/\">Facebook-esem\u00e9ny &gt;&gt;<\/a><\/p>\n<p><a href=\"https:\/\/calendar.google.com\/event?action=TEMPLATE&amp;tmeid=M2JhNG9nZmUwamh1b3Q4dDk3dWplbzB1cXNfMjAxODA5MjlUMTMwMDAwWiBqdXN0aHZrQG0&amp;tmsrc=justhvk%40gmail.com\" target=\"_blank\" rel=\"noopener\"><img decoding=\"async\" src=\"https:\/\/www.google.com\/calendar\/images\/ext\/gc_button1_hu.gif\" border=\"0\" \/><\/a><\/p>\n<div class=\"fcbkbttn_buttons_block\" id=\"fcbkbttn_left\"><div class=\"fcbkbttn_like \"><fb:like href=\"https:\/\/blog.justhvk.hu\/blog\/nepmese-napja-a-konyvtarban\/\" action=\"like\" colorscheme=\"light\" layout=\"button_count\"  size=\"small\"><\/fb:like><\/div><div class=\"fb-share-button  \" data-href=\"https:\/\/blog.justhvk.hu\/blog\/nepmese-napja-a-konyvtarban\/\" data-type=\"button_count\" data-size=\"small\"><\/div><\/div>","protected":false},"excerpt":{"rendered":"<p>\u00dcnnepelj\u00fck egy\u00fctt a N\u00e9pmese napj\u00e1t a k\u00f6nyvt\u00e1rban szeptember 28-\u00e1n, p\u00e9nteken! Amivel v\u00e1runk: egy-egy aj\u00e1nd\u00e9k n\u00e9pmese minden olvas\u00f3nak a gyermekk\u00f6nyvt\u00e1rban n\u00e9pmese tot\u00f3 hamuba s\u00fclt pog\u00e1csa pap\u00edrsz\u00ednh\u00e1z alkalmi ki\u00e1ll\u00edt\u00e1s n\u00e9pmese gy\u0171jtem\u00e9ny\u00fcnkb\u0151l magyar n\u00e9pmes\u00e9k vet\u00edt\u00e9se Egyszer volt, hol nem volt! Facebook-esem\u00e9ny &gt;&gt;<\/p>\n","protected":false},"author":5,"featured_media":14893,"comment_status":"open","ping_status":"open","sticky":false,"template":"","format":"standard","meta":{"episode_type":"","audio_file":"","cover_image":"","cover_image_id":"","duration":"","filesize":"","date_recorded":"","explicit":"","block":"","filesize_raw":"","ngg_post_thumbnail":0,"footnotes":""},"categories":[255,420,452,503],"tags":[],"class_list":["post-14865","post","type-post","status-publish","format-standard","has-post-thumbnail","hentry","category-justh-zsigmond-varosi-konyvtar","category-nepmese-napja","category-oroshaza","category-programajanlo"],"_links":{"self":[{"href":"https:\/\/blog.justhvk.hu\/blog\/wp-json\/wp\/v2\/posts\/14865","targetHints":{"allow":["GET"]}}],"collection":[{"href":"https:\/\/blog.justhvk.hu\/blog\/wp-json\/wp\/v2\/posts"}],"about":[{"href":"https:\/\/blog.justhvk.hu\/blog\/wp-json\/wp\/v2\/types\/post"}],"author":[{"embeddable":true,"href":"https:\/\/blog.justhvk.hu\/blog\/wp-json\/wp\/v2\/users\/5"}],"replies":[{"embeddable":true,"href":"https:\/\/blog.justhvk.hu\/blog\/wp-json\/wp\/v2\/comments?post=14865"}],"version-history":[{"count":2,"href":"https:\/\/blog.justhvk.hu\/blog\/wp-json\/wp\/v2\/posts\/14865\/revisions"}],"predecessor-version":[{"id":14894,"href":"https:\/\/blog.justhvk.hu\/blog\/wp-json\/wp\/v2\/posts\/14865\/revisions\/14894"}],"wp:featuredmedia":[{"embeddable":true,"href":"https:\/\/blog.justhvk.hu\/blog\/wp-json\/wp\/v2\/media\/14893"}],"wp:attachment":[{"href":"https:\/\/blog.justhvk.hu\/blog\/wp-json\/wp\/v2\/media?parent=14865"}],"wp:term":[{"taxonomy":"category","embeddable":true,"href":"https:\/\/blog.justhvk.hu\/blog\/wp-json\/wp\/v2\/categories?post=14865"},{"taxonomy":"post_tag","embeddable":true,"href":"https:\/\/blog.justhvk.hu\/blog\/wp-json\/wp\/v2\/tags?post=14865"}],"curies":[{"name":"wp","href":"https:\/\/api.w.org\/{rel}","templated":true}]}}