{"id":14902,"date":"2018-10-08T13:56:45","date_gmt":"2018-10-08T13:56:45","guid":{"rendered":"https:\/\/www.justhvk.hu\/blog\/?p=14902"},"modified":"2018-10-08T14:20:47","modified_gmt":"2018-10-08T14:20:47","slug":"rolunk-irtak-325","status":"publish","type":"post","link":"https:\/\/blog.justhvk.hu\/blog\/rolunk-irtak-325\/","title":{"rendered":"R\u00f3lunk \u00edrt\u00e1k"},"content":{"rendered":"<p>Friss cikkek r\u00f3lunk! <span style=\"color: #ffffff;\">M\u00e1r csak egy kattint\u00e1s&#8230; klikkelj a c\u00edmre!<!--more--><\/span><\/p>\n<ul>\n<li>Izgalmas programsorozat a k\u00f6nyvt\u00e1rban \/ Cs\u00e1nyi J\u00f3zsef. &#8211; In. OrosCaf\u00e9 (2018. szeptember 26.) [<a href=\"https:\/\/oroscafe.hu\/2018\/09\/26\/izgalmas-programsorozat-a-konyvtarban\/\">https:\/\/oroscafe.hu\/2018\/09\/26\/izgalmas-programsorozat-a-konyvtarban\/<\/a>]<\/li>\n<li>B\u00e9k\u00e9s megyei programaj\u00e1nl\u00f3. \u2013 In. B\u00e9k\u00e9s Megyei H\u00edrlap, 73. \u00e9vf., 226. sz. (2018. szeptember 28.). \u2013 p. 5.<\/li>\n<li>Kezd\u0151dnek a k\u00f6nyvt\u00e1ri napok \/ Cs\u00e1nyi J\u00f3zsef. \u2013 In. Orosh\u00e1zi \u00c9let, 23. \u00e9vf., 38. sz. (2018. szeptember 28.). \u2013 p. 5. [<a href=\"https:\/\/issuu.com\/oroscafe\/docs\/o__20180928\">https:\/\/issuu.com\/oroscafe\/docs\/o__20180928<\/a>]<\/li>\n<li>Programaj\u00e1nl\u00f3. \u2013 In. Orosh\u00e1zi \u00c9let, 23. \u00e9vf., 38. sz. (2018. szeptember 28.). \u2013 p. 5. [<a href=\"https:\/\/issuu.com\/oroscafe\/docs\/o__20180928\">https:\/\/issuu.com\/oroscafe\/docs\/o__20180928<\/a>]<\/li>\n<li>Ezeket a programokat l\u00e1togathatja a h\u00e9tv\u00e9g\u00e9n. &#8211; In. Beol.hu (2018. szeptember 28.) [<a href=\"https:\/\/www.beol.hu\/programajanlo\/ezeket-a-programokat-latogathatja-a-hetvegen-2-1517024\/\">https:\/\/www.beol.hu\/programajanlo\/ezeket-a-programokat-latogathatja-a-hetvegen-2-1517024\/<\/a>]<\/li>\n<li>Kiny\u00edlt meseorsz\u00e1g kapuja \u2013 Ma van a Magyar N\u00e9pmese Napja \/ T\u00f3th D\u00e1niel. &#8211; In. OrosCaf\u00e9 (2018. szeptember 30.) [<a href=\"https:\/\/oroscafe.hu\/2018\/09\/30\/kinyilt-meseorszag-kapuja-ma-van-a-magyar-nepmese-napja\/\">https:\/\/oroscafe.hu\/2018\/09\/30\/kinyilt-meseorszag-kapuja-ma-van-a-magyar-nepmese-napja\/<\/a>]<\/li>\n<li>K\u00f6nyvekkel seg\u00edthet\u00fcnk a menhelyi kuty\u00e1kon \/ T\u00f3th D\u00e1niel. &#8211; In. OrosCaf\u00e9 (2018. okt\u00f3ber 1.) [<a href=\"https:\/\/oroscafe.hu\/2018\/10\/01\/konyvekkel-segithetunk-a-menhelyi-kutyakon\/\">https:\/\/oroscafe.hu\/2018\/10\/01\/konyvekkel-segithetunk-a-menhelyi-kutyakon\/<\/a>]<\/li>\n<li>K\u00f6nyvekkel lehet seg\u00edteni az orosh\u00e1zi, menhelyen \u00e9l\u0151 kuty\u00e1kon. &#8211; In. behir.hu (2018. okt\u00f3ber 2.) [<a href=\"https:\/\/behir.hu\/konyvekkel-lehet-segiteni-az-oroshazi-menhelyen-elo-kutyakon\">https:\/\/behir.hu\/konyvekkel-lehet-segiteni-az-oroshazi-menhelyen-elo-kutyakon<\/a>]<\/li>\n<li>A magyar n\u00e9pmese napja. R\u00e9szlet az Orosh\u00e1zi V\u00e1rosi Telev\u00edzi\u00f3 2018. okt\u00f3ber 2-i H\u00edrad\u00f3j\u00e1b\u00f3l. [<a href=\"https:\/\/youtu.be\/xjRRiPl643M\">https:\/\/youtu.be\/xjRRiPl643M<\/a>]<\/li>\n<li>Remek lehet\u0151s\u00e9g a fels\u0151oktat\u00e1sban tanul\u00f3knak \/ Patakfalvi \u00c1d\u00e1m. &#8211; In. OrosCaf\u00e9 (2018. okt\u00f3ber 4.) [<a href=\"https:\/\/oroscafe.hu\/2018\/10\/04\/remek-lehetoseg-a-felsooktatasban-tanuloknak\/\">https:\/\/oroscafe.hu\/2018\/10\/04\/remek-lehetoseg-a-felsooktatasban-tanuloknak\/<\/a>]<\/li>\n<li>Bemutatkozott az \u00faj k\u00f6nyvt\u00e1ri arculat \/ Cs\u00e1nyi J\u00f3zsef. &#8211; In. OrosCaf\u00e9 (2018. okt\u00f3ber 4.) [<a href=\"https:\/\/oroscafe.hu\/2018\/10\/04\/bemutatkozott-az-uj-konyvtari-arculat\/\">https:\/\/oroscafe.hu\/2018\/10\/04\/bemutatkozott-az-uj-konyvtari-arculat\/<\/a>]<\/li>\n<li>Nem csak ember lehet elesett : ma van az \u00c1llatok Vil\u00e1gnapja \/ T\u00f3th D\u00e1niel. &#8211;\u00a0In. OrosCaf\u00e9 (2018. okt\u00f3ber 4.) [<a href=\"https:\/\/oroscafe.hu\/2018\/10\/04\/nem-csak-ember-lehet-elesett-ma-van-az-allatok-vilagnapja\/\">https:\/\/oroscafe.hu\/2018\/10\/04\/nem-csak-ember-lehet-elesett-ma-van-az-allatok-vilagnapja\/<\/a>]<\/li>\n<li>Hatvan betegnek adtak \u00faj es\u00e9lyt \/ Cs\u00e1nyi J\u00f3zsef. &#8211; In. OrosCaf\u00e9 (2018. okt\u00f3ber 4.) [<a href=\"https:\/\/oroscafe.hu\/2018\/10\/04\/hatvan-betegnek-adtak-uj-eselyt\/\">https:\/\/oroscafe.hu\/2018\/10\/04\/hatvan-betegnek-adtak-uj-eselyt\/<\/a>]<\/li>\n<li>K\u00f6nyvv\u00e1s\u00e1rl\u00e1ssal seg\u00edtik a menhely fenntart\u00e1s\u00e1t \/ Cs. I. [Csete Ilona]. \u2013 In. B\u00e9k\u00e9s Megyei H\u00edrlap, 73. \u00e9vf., 231. sz. (2018. okt\u00f3ber 4.). \u2013 p. 4.<\/li>\n<li>Az \u00e1llatokra eml\u00e9keztek \/ T\u00f3th D\u00e1niel. \u2013 In. Orosh\u00e1zi \u00c9let, 23. \u00e9vf., 39. sz. (2018. okt\u00f3ber 5.). \u2013 p. 1. [<a href=\"https:\/\/issuu.com\/oroscafe\/docs\/oroshazielet_20181005\">https:\/\/issuu.com\/oroscafe\/docs\/oroshazielet_20181005<\/a>]<\/li>\n<li>Beteg kuty\u00e1n seg\u00edt a v\u00e1rosi k\u00f6nyvt\u00e1r adom\u00e1nya \/ Patakfalvi \u00c1d\u00e1m. &#8211; In. OrosCaf\u00e9 (2018. okt\u00f3ber 5.) [<a href=\"https:\/\/oroscafe.hu\/2018\/10\/05\/beteg-kutyan-segit-a-varosi-konyvtar-adomanya\/\">https:\/\/oroscafe.hu\/2018\/10\/05\/beteg-kutyan-segit-a-varosi-konyvtar-adomanya\/<\/a>]<\/li>\n<li>\u00daj arculattal jelentkezett az orosh\u00e1zi k\u00f6nyvt\u00e1r \/ Cs. I. [Csete Ilona]. \u2013 In. B\u00e9k\u00e9s Megyei H\u00edrlap, 73. \u00e9vf., 232. sz. (2018. okt\u00f3ber 5.). \u2013 p. 4.<\/li>\n<li>A mai kor romantikus \u00edr\u00f3ja vagyok \/ Cs\u00e1nyi J\u00f3zsef. &#8211; In. OrosCaf\u00e9 (2018. okt\u00f3ber 6.) [<a href=\"https:\/\/oroscafe.hu\/2018\/10\/06\/a-mai-kor-romantikus-iroja-vagyok\/\">https:\/\/oroscafe.hu\/2018\/10\/06\/a-mai-kor-romantikus-iroja-vagyok\/<\/a>]<\/li>\n<li>G\u00e1dorosra bicajoztak a k\u00f6nyvt\u00e1rosok \/ Perny\u00e9s Edit. &#8211; In. OrosCaf\u00e9 (2018. okt\u00f3ber 7.) [<a href=\"https:\/\/oroscafe.hu\/2018\/10\/07\/gadorosra-bicajoztak-a-konyvtarosok\/\">https:\/\/oroscafe.hu\/2018\/10\/07\/gadorosra-bicajoztak-a-konyvtarosok\/<\/a>]<\/li>\n<li>A Justh Zsigmond V\u00e1rosi K\u00f6nyvt\u00e1r \u00faj arculata.\u00a0R\u00e9szlet az Orosh\u00e1zi V\u00e1rosi Telev\u00edzi\u00f3 2018. okt\u00f3ber 5-i H\u00edrad\u00f3j\u00e1b\u00f3l. [<a href=\"https:\/\/youtu.be\/il8G3o-2xbo\">https:\/\/youtu.be\/il8G3o-2xbo<\/a>]<\/li>\n<li>K\u00f6nyvt\u00e1ri v\u00e9rad\u00e1s. R\u00e9szlet az Orosh\u00e1zi V\u00e1rosi Telev\u00edzi\u00f3 2018. okt\u00f3ber 5-i H\u00edrad\u00f3j\u00e1b\u00f3l. [<a href=\"https:\/\/youtu.be\/il8G3o-2xbo\">https:\/\/youtu.be\/il8G3o-2xbo<\/a>]<\/li>\n<\/ul>\n<div class=\"fcbkbttn_buttons_block\" id=\"fcbkbttn_left\"><div class=\"fcbkbttn_like \"><fb:like href=\"https:\/\/blog.justhvk.hu\/blog\/rolunk-irtak-325\/\" action=\"like\" colorscheme=\"light\" layout=\"button_count\"  size=\"small\"><\/fb:like><\/div><div class=\"fb-share-button  \" data-href=\"https:\/\/blog.justhvk.hu\/blog\/rolunk-irtak-325\/\" data-type=\"button_count\" data-size=\"small\"><\/div><\/div>","protected":false},"excerpt":{"rendered":"<p>Friss cikkek r\u00f3lunk! M\u00e1r csak egy kattint\u00e1s&#8230; klikkelj a c\u00edmre!<\/p>\n","protected":false},"author":5,"featured_media":0,"comment_status":"open","ping_status":"open","sticky":false,"template":"","format":"standard","meta":{"episode_type":"","audio_file":"","cover_image":"","cover_image_id":"","duration":"","filesize":"","date_recorded":"","explicit":"","block":"","filesize_raw":"","ngg_post_thumbnail":0,"footnotes":""},"categories":[255,452,473,503,515,528],"tags":[],"class_list":["post-14902","post","type-post","status-publish","format-standard","hentry","category-justh-zsigmond-varosi-konyvtar","category-oroshaza","category-orszagos-konyvtari-napok","category-programajanlo","category-rolunk_irtak","category-sajtofigyeles"],"_links":{"self":[{"href":"https:\/\/blog.justhvk.hu\/blog\/wp-json\/wp\/v2\/posts\/14902","targetHints":{"allow":["GET"]}}],"collection":[{"href":"https:\/\/blog.justhvk.hu\/blog\/wp-json\/wp\/v2\/posts"}],"about":[{"href":"https:\/\/blog.justhvk.hu\/blog\/wp-json\/wp\/v2\/types\/post"}],"author":[{"embeddable":true,"href":"https:\/\/blog.justhvk.hu\/blog\/wp-json\/wp\/v2\/users\/5"}],"replies":[{"embeddable":true,"href":"https:\/\/blog.justhvk.hu\/blog\/wp-json\/wp\/v2\/comments?post=14902"}],"version-history":[{"count":24,"href":"https:\/\/blog.justhvk.hu\/blog\/wp-json\/wp\/v2\/posts\/14902\/revisions"}],"predecessor-version":[{"id":14966,"href":"https:\/\/blog.justhvk.hu\/blog\/wp-json\/wp\/v2\/posts\/14902\/revisions\/14966"}],"wp:attachment":[{"href":"https:\/\/blog.justhvk.hu\/blog\/wp-json\/wp\/v2\/media?parent=14902"}],"wp:term":[{"taxonomy":"category","embeddable":true,"href":"https:\/\/blog.justhvk.hu\/blog\/wp-json\/wp\/v2\/categories?post=14902"},{"taxonomy":"post_tag","embeddable":true,"href":"https:\/\/blog.justhvk.hu\/blog\/wp-json\/wp\/v2\/tags?post=14902"}],"curies":[{"name":"wp","href":"https:\/\/api.w.org\/{rel}","templated":true}]}}