{"id":15250,"date":"2018-12-18T13:10:55","date_gmt":"2018-12-18T13:10:55","guid":{"rendered":"https:\/\/blog.justhvk.hu\/blog\/?p=15250"},"modified":"2018-12-18T13:19:39","modified_gmt":"2018-12-18T13:19:39","slug":"konyvajanlo-a-zenei-konyvtarban","status":"publish","type":"post","link":"https:\/\/blog.justhvk.hu\/blog\/konyvajanlo-a-zenei-konyvtarban\/","title":{"rendered":"K\u00f6nyvaj\u00e1nl\u00f3 a zenei k\u00f6nyvt\u00e1rban"},"content":{"rendered":"<p><strong>2019. janu\u00e1r 3-\u00e1n, cs\u00fct\u00f6rt\u00f6k\u00f6n 17 \u00f3r\u00e1t\u00f3l<\/strong> k\u00f6nyvt\u00e1runk zenei gy\u0171jtem\u00e9ny\u00e9ben<\/p>\n<p><strong>T\u00f6rk\u00f6ly J\u00f3zsef<\/strong> zenei k\u00f6nyvt\u00e1ros mutatja be<\/p>\n<p><strong>J\u00e1vorszky B\u00e9la Szil\u00e1rd: Sebesty\u00e9n M\u00e1rta<\/strong> &#8211; &#8222;A mad\u00e1r rep\u00fcl, \u00e9n \u00e9nekelek&#8221;<\/p>\n<p>c\u00edm\u0171 \u00faj k\u00f6tet\u00e9t.<\/p>\n<p>Szeretettel v\u00e1runk minden \u00e9rdekl\u0151d\u0151t!<\/p>\n<p><a href=\"https:\/\/www.facebook.com\/events\/385392202229596\/\">Facebook-esem\u00e9ny\u00a0<\/a><\/p>\n<p><a target=\"_blank\" href=\"https:\/\/calendar.google.com\/event?action=TEMPLATE&amp;tmeid=NTJwaTM1ZzZlNnNwZHJrb3I4MGN2djN0OXMganVzdGh2a0Bt&amp;tmsrc=justhvk%40gmail.com\"><img decoding=\"async\" border=\"0\" src=\"https:\/\/www.google.com\/calendar\/images\/ext\/gc_button1_hu.gif\"><\/a><\/p>\n<div class=\"fcbkbttn_buttons_block\" id=\"fcbkbttn_left\"><div class=\"fcbkbttn_like \"><fb:like href=\"https:\/\/blog.justhvk.hu\/blog\/konyvajanlo-a-zenei-konyvtarban\/\" action=\"like\" colorscheme=\"light\" layout=\"button_count\"  size=\"small\"><\/fb:like><\/div><div class=\"fb-share-button  \" data-href=\"https:\/\/blog.justhvk.hu\/blog\/konyvajanlo-a-zenei-konyvtarban\/\" data-type=\"button_count\" data-size=\"small\"><\/div><\/div>","protected":false},"excerpt":{"rendered":"<p>2019. janu\u00e1r 3-\u00e1n, cs\u00fct\u00f6rt\u00f6k\u00f6n 17 \u00f3r\u00e1t\u00f3l k\u00f6nyvt\u00e1runk zenei gy\u0171jtem\u00e9ny\u00e9ben T\u00f6rk\u00f6ly J\u00f3zsef zenei k\u00f6nyvt\u00e1ros mutatja be J\u00e1vorszky B\u00e9la Szil\u00e1rd: Sebesty\u00e9n M\u00e1rta &#8211; &#8222;A mad\u00e1r rep\u00fcl, \u00e9n \u00e9nekelek&#8221; c\u00edm\u0171 \u00faj k\u00f6tet\u00e9t. Szeretettel v\u00e1runk minden \u00e9rdekl\u0151d\u0151t! Facebook-esem\u00e9ny\u00a0<\/p>\n","protected":false},"author":5,"featured_media":15251,"comment_status":"open","ping_status":"open","sticky":false,"template":"","format":"standard","meta":{"episode_type":"","audio_file":"","cover_image":"","cover_image_id":"","duration":"","filesize":"","date_recorded":"","explicit":"","block":"","filesize_raw":"","ngg_post_thumbnail":0,"footnotes":""},"categories":[893,255,282,452,503,892,597],"tags":[],"class_list":["post-15250","post","type-post","status-publish","format-standard","has-post-thumbnail","hentry","category-javorszky-bela-szilard","category-justh-zsigmond-varosi-konyvtar","category-konyvbemutato","category-oroshaza","category-programajanlo","category-sebestyen-marta","category-torkoly-jozsef"],"_links":{"self":[{"href":"https:\/\/blog.justhvk.hu\/blog\/wp-json\/wp\/v2\/posts\/15250","targetHints":{"allow":["GET"]}}],"collection":[{"href":"https:\/\/blog.justhvk.hu\/blog\/wp-json\/wp\/v2\/posts"}],"about":[{"href":"https:\/\/blog.justhvk.hu\/blog\/wp-json\/wp\/v2\/types\/post"}],"author":[{"embeddable":true,"href":"https:\/\/blog.justhvk.hu\/blog\/wp-json\/wp\/v2\/users\/5"}],"replies":[{"embeddable":true,"href":"https:\/\/blog.justhvk.hu\/blog\/wp-json\/wp\/v2\/comments?post=15250"}],"version-history":[{"count":3,"href":"https:\/\/blog.justhvk.hu\/blog\/wp-json\/wp\/v2\/posts\/15250\/revisions"}],"predecessor-version":[{"id":15254,"href":"https:\/\/blog.justhvk.hu\/blog\/wp-json\/wp\/v2\/posts\/15250\/revisions\/15254"}],"wp:featuredmedia":[{"embeddable":true,"href":"https:\/\/blog.justhvk.hu\/blog\/wp-json\/wp\/v2\/media\/15251"}],"wp:attachment":[{"href":"https:\/\/blog.justhvk.hu\/blog\/wp-json\/wp\/v2\/media?parent=15250"}],"wp:term":[{"taxonomy":"category","embeddable":true,"href":"https:\/\/blog.justhvk.hu\/blog\/wp-json\/wp\/v2\/categories?post=15250"},{"taxonomy":"post_tag","embeddable":true,"href":"https:\/\/blog.justhvk.hu\/blog\/wp-json\/wp\/v2\/tags?post=15250"}],"curies":[{"name":"wp","href":"https:\/\/api.w.org\/{rel}","templated":true}]}}