{"id":1534,"date":"2009-06-09T10:01:11","date_gmt":"2009-06-09T09:01:11","guid":{"rendered":"http:\/\/blog.justhvk.hu\/?p=1534"},"modified":"2009-06-09T10:01:11","modified_gmt":"2009-06-09T09:01:11","slug":"hetfon-konyvbemutato","status":"publish","type":"post","link":"https:\/\/blog.justhvk.hu\/blog\/hetfon-konyvbemutato\/","title":{"rendered":"H\u00e9tf\u0151n k\u00f6nyvbemutat\u00f3"},"content":{"rendered":"<p><a href=\"http:\/\/192.168.10.245\/wp-content\/uploads\/2009\/06\/jelen20090615jo.jpg\"><img loading=\"lazy\" decoding=\"async\" class=\"size-medium wp-image-1539 alignleft\" title=\"meghivo\" src=\"http:\/\/192.168.10.245\/wp-content\/uploads\/2009\/06\/jelen20090615jo-204x300.jpg\" alt=\"\" width=\"115\" height=\"170\" \/><\/a>Kedves Olvas\u00f3! Ha m\u00e9g nincs programod j\u00f6v\u0151 h\u00e9tf\u0151 d\u00e9lut\u00e1nra, engedd meg, hogy aj\u00e1nljunk egyet Orosh\u00e1z\u00e1n. A Kultur\u00e1lis Kapcsolatok Egyes\u00fclete, a Cinkusiak Bar\u00e1ti K\u00f6re \u00e9s a Justh Zsigmond V\u00e1rosi K\u00f6nyvt\u00e1r ugyanis szeretettel v\u00e1r minden \u00e9rdekl\u0151d\u0151t<\/p>\n<p><strong>A Jelen Orosh\u00e1zi Almanach<\/strong><\/p>\n<p>\u00e9s<\/p>\n<p><strong>Veraszt\u00f3 Antal Batyu a kilincsen<\/strong><\/p>\n<p>c\u00edm\u0171 k\u00f6nyv\u00e9nek bemutat\u00f3j\u00e1ra.<\/p>\n<p>Az est h\u00e1zigazd\u00e1i Koszor\u00fas Oszk\u00e1r \u00e9s Buzai Csaba lesznek.<\/p>\n<p>A rendezv\u00e9ny helye \u00e9s ideje: Justh Zsigmond V\u00e1rosi K\u00f6nyvt\u00e1r, 2009. j\u00fanius 15. (h\u00e9tf\u0151) 17 \u00f3ra.<\/p>\n<div class=\"fcbkbttn_buttons_block\" id=\"fcbkbttn_left\"><div class=\"fcbkbttn_like \"><fb:like href=\"https:\/\/blog.justhvk.hu\/blog\/hetfon-konyvbemutato\/\" action=\"like\" colorscheme=\"light\" layout=\"button_count\"  size=\"small\"><\/fb:like><\/div><div class=\"fb-share-button  \" data-href=\"https:\/\/blog.justhvk.hu\/blog\/hetfon-konyvbemutato\/\" data-type=\"button_count\" data-size=\"small\"><\/div><\/div>","protected":false},"excerpt":{"rendered":"<p>Kedves Olvas\u00f3! Ha m\u00e9g nincs programod j\u00f6v\u0151 h\u00e9tf\u0151 d\u00e9lut\u00e1nra, engedd meg, hogy aj\u00e1nljunk egyet Orosh\u00e1z\u00e1n. A Kultur\u00e1lis Kapcsolatok Egyes\u00fclete, a Cinkusiak Bar\u00e1ti K\u00f6re \u00e9s a Justh Zsigmond V\u00e1rosi K\u00f6nyvt\u00e1r ugyanis szeretettel v\u00e1r minden \u00e9rdekl\u0151d\u0151t A Jelen Orosh\u00e1zi Almanach \u00e9s Veraszt\u00f3 Antal Batyu a kilincsen c\u00edm\u0171 k\u00f6nyv\u00e9nek bemutat\u00f3j\u00e1ra. Az est h\u00e1zigazd\u00e1i Koszor\u00fas Oszk\u00e1r \u00e9s Buzai Csaba [&hellip;]<\/p>\n","protected":false},"author":5,"featured_media":0,"comment_status":"open","ping_status":"open","sticky":false,"template":"","format":"standard","meta":{"episode_type":"","audio_file":"","cover_image":"","cover_image_id":"","duration":"","filesize":"","date_recorded":"","explicit":"","block":"","filesize_raw":"","ngg_post_thumbnail":0,"footnotes":""},"categories":[282,383],"tags":[],"class_list":["post-1534","post","type-post","status-publish","format-standard","hentry","category-konyvbemutato","category-meghivo"],"_links":{"self":[{"href":"https:\/\/blog.justhvk.hu\/blog\/wp-json\/wp\/v2\/posts\/1534","targetHints":{"allow":["GET"]}}],"collection":[{"href":"https:\/\/blog.justhvk.hu\/blog\/wp-json\/wp\/v2\/posts"}],"about":[{"href":"https:\/\/blog.justhvk.hu\/blog\/wp-json\/wp\/v2\/types\/post"}],"author":[{"embeddable":true,"href":"https:\/\/blog.justhvk.hu\/blog\/wp-json\/wp\/v2\/users\/5"}],"replies":[{"embeddable":true,"href":"https:\/\/blog.justhvk.hu\/blog\/wp-json\/wp\/v2\/comments?post=1534"}],"version-history":[{"count":0,"href":"https:\/\/blog.justhvk.hu\/blog\/wp-json\/wp\/v2\/posts\/1534\/revisions"}],"wp:attachment":[{"href":"https:\/\/blog.justhvk.hu\/blog\/wp-json\/wp\/v2\/media?parent=1534"}],"wp:term":[{"taxonomy":"category","embeddable":true,"href":"https:\/\/blog.justhvk.hu\/blog\/wp-json\/wp\/v2\/categories?post=1534"},{"taxonomy":"post_tag","embeddable":true,"href":"https:\/\/blog.justhvk.hu\/blog\/wp-json\/wp\/v2\/tags?post=1534"}],"curies":[{"name":"wp","href":"https:\/\/api.w.org\/{rel}","templated":true}]}}