{"id":1544,"date":"2009-06-12T11:15:36","date_gmt":"2009-06-12T10:15:36","guid":{"rendered":"http:\/\/blog.justhvk.hu\/?p=1544"},"modified":"2009-06-12T11:15:36","modified_gmt":"2009-06-12T10:15:36","slug":"nyaron-is-nyitva","status":"publish","type":"post","link":"https:\/\/blog.justhvk.hu\/blog\/nyaron-is-nyitva\/","title":{"rendered":"Ny\u00e1ron is nyitva"},"content":{"rendered":"<p>A tisztelt \u00e9s kedves k\u00f6nyvt\u00e1rhaszn\u00e1l\u00f3ink megszokhatt\u00e1k m\u00e1r, hogy a k\u00f6nyvt\u00e1r j\u00faliusban \u00e9s augusztusban cs\u00f6kkentett nyitva tart\u00e1ssal \u00e1ll az \u00e9rdekl\u0151d\u0151k rendelkez\u00e9s\u00e9re. Id\u00e9n sem lesz ez m\u00e1sk\u00e9pp, de az\u00e9rt lesz egy kis pozit\u00edv v\u00e1ltoz\u00e1s.<\/p>\n<blockquote><p><strong>2<\/strong><strong>009. j\u00fanius 29-t\u0151l augusztus 31-ig a k\u00f6nyvt\u00e1r h\u00e9tf\u0151t\u0151l p\u00e9ntekig, 13-t\u00f3l 17 \u00f3r\u00e1ig lesz nyitva.<\/strong><\/p><\/blockquote>\n<p>Viszont j\u00f3 h\u00edr, hogy j\u00faliusban \u00e9s augusztusban az <strong>internetes r\u00e9sz<\/strong> (f\u00f6ldszint, balra) napi nyolc \u00f3r\u00e1ban, <strong>h\u00e9tf\u0151t\u0151l p\u00e9ntekig, 9-t\u0151l 17 \u00f3r\u00e1ig<\/strong> v\u00e1rja majd a haszn\u00e1l\u00f3kat.<\/p>\n<div class=\"fcbkbttn_buttons_block\" id=\"fcbkbttn_left\"><div class=\"fcbkbttn_like \"><fb:like href=\"https:\/\/blog.justhvk.hu\/blog\/nyaron-is-nyitva\/\" action=\"like\" colorscheme=\"light\" layout=\"button_count\"  size=\"small\"><\/fb:like><\/div><div class=\"fb-share-button  \" data-href=\"https:\/\/blog.justhvk.hu\/blog\/nyaron-is-nyitva\/\" data-type=\"button_count\" data-size=\"small\"><\/div><\/div>","protected":false},"excerpt":{"rendered":"<p>A tisztelt \u00e9s kedves k\u00f6nyvt\u00e1rhaszn\u00e1l\u00f3ink megszokhatt\u00e1k m\u00e1r, hogy a k\u00f6nyvt\u00e1r j\u00faliusban \u00e9s augusztusban cs\u00f6kkentett nyitva tart\u00e1ssal \u00e1ll az \u00e9rdekl\u0151d\u0151k rendelkez\u00e9s\u00e9re. Id\u00e9n sem lesz ez m\u00e1sk\u00e9pp, de az\u00e9rt lesz egy kis pozit\u00edv v\u00e1ltoz\u00e1s. 2009. j\u00fanius 29-t\u0151l augusztus 31-ig a k\u00f6nyvt\u00e1r h\u00e9tf\u0151t\u0151l p\u00e9ntekig, 13-t\u00f3l 17 \u00f3r\u00e1ig lesz nyitva. Viszont j\u00f3 h\u00edr, hogy j\u00faliusban \u00e9s augusztusban az internetes [&hellip;]<\/p>\n","protected":false},"author":5,"featured_media":0,"comment_status":"open","ping_status":"open","sticky":false,"template":"","format":"standard","meta":{"episode_type":"","audio_file":"","cover_image":"","cover_image_id":"","duration":"","filesize":"","date_recorded":"","explicit":"","block":"","filesize_raw":"","ngg_post_thumbnail":0,"footnotes":""},"categories":[255,430,452],"tags":[799],"class_list":["post-1544","post","type-post","status-publish","format-standard","hentry","category-justh-zsigmond-varosi-konyvtar","category-nyitva-tartas","category-oroshaza","tag-justh-zsigmond-varosi-konyvtar"],"_links":{"self":[{"href":"https:\/\/blog.justhvk.hu\/blog\/wp-json\/wp\/v2\/posts\/1544","targetHints":{"allow":["GET"]}}],"collection":[{"href":"https:\/\/blog.justhvk.hu\/blog\/wp-json\/wp\/v2\/posts"}],"about":[{"href":"https:\/\/blog.justhvk.hu\/blog\/wp-json\/wp\/v2\/types\/post"}],"author":[{"embeddable":true,"href":"https:\/\/blog.justhvk.hu\/blog\/wp-json\/wp\/v2\/users\/5"}],"replies":[{"embeddable":true,"href":"https:\/\/blog.justhvk.hu\/blog\/wp-json\/wp\/v2\/comments?post=1544"}],"version-history":[{"count":0,"href":"https:\/\/blog.justhvk.hu\/blog\/wp-json\/wp\/v2\/posts\/1544\/revisions"}],"wp:attachment":[{"href":"https:\/\/blog.justhvk.hu\/blog\/wp-json\/wp\/v2\/media?parent=1544"}],"wp:term":[{"taxonomy":"category","embeddable":true,"href":"https:\/\/blog.justhvk.hu\/blog\/wp-json\/wp\/v2\/categories?post=1544"},{"taxonomy":"post_tag","embeddable":true,"href":"https:\/\/blog.justhvk.hu\/blog\/wp-json\/wp\/v2\/tags?post=1544"}],"curies":[{"name":"wp","href":"https:\/\/api.w.org\/{rel}","templated":true}]}}