{"id":15669,"date":"2019-04-13T12:24:26","date_gmt":"2019-04-13T12:24:26","guid":{"rendered":"https:\/\/blog.justhvk.hu\/blog\/?p=15669"},"modified":"2019-04-13T12:24:26","modified_gmt":"2019-04-13T12:24:26","slug":"rolunk-irtak-336","status":"publish","type":"post","link":"https:\/\/blog.justhvk.hu\/blog\/rolunk-irtak-336\/","title":{"rendered":"R\u00f3lunk \u00edrt\u00e1k"},"content":{"rendered":"<p>Friss cikkek r\u00f3lunk! <span style=\"color: #ffffff;\">M\u00e1r csak egy kattint\u00e1s&#8230; klikkelj a c\u00edmre!<!--more--><\/span><\/p>\n<ul>\n<li>Ezt l\u00e1tta a kamer\u00e1nk \u2013 \u00fajdons\u00e1g a k\u00f6nyvt\u00e1rban \/ Cs\u00e1nyi J\u00f3zsef. &#8211; In. OrosCaf\u00e9 (2019. m\u00e1rcius 27.) [<a href=\"https:\/\/oroscafe.hu\/2019\/03\/27\/ezt-latta-a-kamerank-ujdonsag-a-konyvtarban\/\">https:\/\/oroscafe.hu\/2019\/03\/27\/ezt-latta-a-kamerank-ujdonsag-a-konyvtarban\/<\/a>]<\/li>\n<li>Ezt l\u00e1tta a kamer\u00e1nk \/ Cs\u00e1nyi J\u00f3zsef. \u2013 In. Orosh\u00e1zi \u00c9let, 23. \u00e9vf., 12. sz. (2019. m\u00e1rcius 29.). \u2013 p. 2.<\/li>\n<li>\u00cdr\u00f3-olvas\u00f3 tal\u00e1lkoz\u00f3. \u2013 In. Orosh\u00e1zi \u00c9let, 23. \u00e9vf., 12. sz. (2019. m\u00e1rcius 29.). \u2013 p. 2. [<a href=\"https:\/\/issuu.com\/oroscafe\/docs\/oroshazielet_20190329\">https:\/\/issuu.com\/oroscafe\/docs\/oroshazielet_20190329<\/a>]<\/li>\n<li>Elvesz\u00edtett\u00e9k k\u00f6nyveiket \/ Cs. I. [Csete Ilona]. \u2013 In. B\u00e9k\u00e9s Megyei H\u00edrlap, 74. \u00e9vf., 75. sz. (2019. m\u00e1rcius 30.). \u2013 p. 4.<\/li>\n<li>Tehets\u00e9gnap: di\u00e1kok k\u00eds\u00e9rletezhettek a V\u00f6r\u00f6smarty iskol\u00e1ban \/\u00a0Betk\u00f3 Tam\u00e1s D\u00e1vid. &#8211; In. OrosCaf\u00e9 (2019. \u00e1prilis 5.) [<a href=\"https:\/\/oroscafe.hu\/2019\/04\/05\/oroshaza-tehetsegnap-diakok-kiserletezhettek-a-vorosmarty-iskolaban\/\">https:\/\/oroscafe.hu\/2019\/04\/05\/oroshaza-tehetsegnap-diakok-kiserletezhettek-a-vorosmarty-iskolaban\/<\/a>]<\/li>\n<li>Ezeken a programokon vehet r\u00e9szt a napokban \/ V. E. &#8211; In. Beol.hu (2019. \u00e1prilis 5.) [<a href=\"https:\/\/www.beol.hu\/programajanlo\/ezeken-a-programokon-vehet-reszt-a-napokban-12-1862914\/\">https:\/\/www.beol.hu\/programajanlo\/ezeken-a-programokon-vehet-reszt-a-napokban-12-1862914\/<\/a>]<\/li>\n<li>B\u00e9k\u00e9s megyei programaj\u00e1nl\u00f3. \u2013 In. B\u00e9k\u00e9s Megyei H\u00edrlap, 74. \u00e9vf., 80. sz. (2019. \u00e1prilis 5.). \u2013 p. 5.<\/li>\n<li>Progamaj\u00e1nl\u00f3. &#8211; In. Orosh\u00e1zi \u00c9let, 23. \u00e9vf., 13. sz. (2019. \u00e1prilis 5.). &#8211; p. 5. [<a href=\"https:\/\/issuu.com\/oroscafe\/docs\/oroshazielet_20190405\">https:\/\/issuu.com\/oroscafe\/docs\/oroshazielet_20190405<\/a>]<\/li>\n<li>Od\u00fcsszeia-tervet k\u00e9sz\u00edtettek a t\u00e1ncsicsos di\u00e1kok \/ Betk\u00f3 Tam\u00e1s D\u00e1vid. &#8211; In. OrosCaf\u00e9 (2019. \u00e1prilis 8.) [<a href=\"https:\/\/oroscafe.hu\/2019\/04\/08\/oroshaza-odusszeia-tervet-keszitettek-a-tancsicsos-diakok\/\">https:\/\/oroscafe.hu\/2019\/04\/08\/oroshaza-odusszeia-tervet-keszitettek-a-tancsicsos-diakok\/<\/a>]<\/li>\n<li>Varr\u00f3 D\u00e1niel volt a k\u00f6nyvt\u00e1r leg\u00fajabb k\u00f6z\u00f6ns\u00e9gtal\u00e1lkoz\u00f3j\u00e1nak vend\u00e9ge \/ Bojtor Zal\u00e1n. &#8211; In. OrosCaf\u00e9 (2019. \u00e1prilis 9.) [<a href=\"https:\/\/oroscafe.hu\/2019\/04\/09\/kozonsegtalalkozo-varro-daniel-oroshaza-oroshazi-hirek-kozoonsegtalalkozo-konyvtar\/\">https:\/\/oroscafe.hu\/2019\/04\/09\/kozonsegtalalkozo-varro-daniel-oroshaza-oroshazi-hirek-kozoonsegtalalkozo-konyvtar\/<\/a>]<\/li>\n<li>Varr\u00f3 D\u00e1niel k\u00f6z\u00f6ns\u00e9gtal\u00e1lkoz\u00f3.\u00a0R\u00e9szlet az Orosh\u00e1zi V\u00e1rosi Telev\u00edzi\u00f3 2019. \u00e1prilis 9-i H\u00edrad\u00f3j\u00e1b\u00f3l. [<a href=\"https:\/\/youtu.be\/7aBKW6JOGZ4?t=142\">https:\/\/youtu.be\/7aBKW6JOGZ4?t=142<\/a>]<\/li>\n<li>K\u00f6lt\u00e9szet napja: szaval\u00f3versennyel \u00e1ll\u00edtottak eml\u00e9ket a k\u00f6lt\u0151\u00f3ri\u00e1snak \/ Betk\u00f3 Tam\u00e1s D\u00e1vid. &#8211; In. OrosCaf\u00e9 (2019. \u00e1prilis 12.) [<a href=\"https:\/\/oroscafe.hu\/2019\/04\/12\/oroshaza-jozsef-attila-kolteszet-napja-szavaloversennyel-allitottak-emleket-a-koltooriasnak\/\">https:\/\/oroscafe.hu\/2019\/04\/12\/oroshaza-jozsef-attila-kolteszet-napja-szavaloversennyel-allitottak-emleket-a-koltooriasnak\/<\/a>]<\/li>\n<li>Fot\u00f3sok figyelem, p\u00e1ly\u00e1zatot hirdetett a v\u00e1rosi k\u00f6nyvt\u00e1r. &#8211; In. OrosCaf\u00e9 (2019. \u00e1prilis 12.) [<a href=\"https:\/\/oroscafe.hu\/2019\/04\/12\/oroshaza-konyvtar-foto-palyazat\/\">https:\/\/oroscafe.hu\/2019\/04\/12\/oroshaza-konyvtar-foto-palyazat\/<\/a>]<\/li>\n<li>Progamaj\u00e1nl\u00f3. &#8211; In. Orosh\u00e1zi \u00c9let, 23. \u00e9vf., 14. sz. (2019. \u00e1prilis 12.). &#8211; p. 5. [<a href=\"https:\/\/issuu.com\/oroscafe\/docs\/oroshazielet_20190412\">https:\/\/issuu.com\/oroscafe\/docs\/oroshazielet_20190412<\/a>]<\/li>\n<\/ul>\n<div class=\"fcbkbttn_buttons_block\" id=\"fcbkbttn_left\"><div class=\"fcbkbttn_like \"><fb:like href=\"https:\/\/blog.justhvk.hu\/blog\/rolunk-irtak-336\/\" action=\"like\" colorscheme=\"light\" layout=\"button_count\"  size=\"small\"><\/fb:like><\/div><div class=\"fb-share-button  \" data-href=\"https:\/\/blog.justhvk.hu\/blog\/rolunk-irtak-336\/\" data-type=\"button_count\" data-size=\"small\"><\/div><\/div>","protected":false},"excerpt":{"rendered":"<p>Friss cikkek r\u00f3lunk! M\u00e1r csak egy kattint\u00e1s&#8230; klikkelj a c\u00edmre!<\/p>\n","protected":false},"author":5,"featured_media":0,"comment_status":"open","ping_status":"open","sticky":false,"template":"","format":"standard","meta":{"episode_type":"","audio_file":"","cover_image":"","cover_image_id":"","duration":"","filesize":"","date_recorded":"","explicit":"","block":"","filesize_raw":"","ngg_post_thumbnail":0,"footnotes":""},"categories":[904,906,243,255,452,486,503,515,528,905,625,641],"tags":[],"class_list":["post-15669","post","type-post","status-publish","format-standard","hentry","category-ezt-latta-a-kamerank","category-fotopalyazat","category-jatek","category-justh-zsigmond-varosi-konyvtar","category-oroshaza","category-palyazatok","category-programajanlo","category-rolunk_irtak","category-sajtofigyeles","category-tokics-imre","category-varro-daniel","category-veszits_el_egy_konyvet"],"_links":{"self":[{"href":"https:\/\/blog.justhvk.hu\/blog\/wp-json\/wp\/v2\/posts\/15669","targetHints":{"allow":["GET"]}}],"collection":[{"href":"https:\/\/blog.justhvk.hu\/blog\/wp-json\/wp\/v2\/posts"}],"about":[{"href":"https:\/\/blog.justhvk.hu\/blog\/wp-json\/wp\/v2\/types\/post"}],"author":[{"embeddable":true,"href":"https:\/\/blog.justhvk.hu\/blog\/wp-json\/wp\/v2\/users\/5"}],"replies":[{"embeddable":true,"href":"https:\/\/blog.justhvk.hu\/blog\/wp-json\/wp\/v2\/comments?post=15669"}],"version-history":[{"count":14,"href":"https:\/\/blog.justhvk.hu\/blog\/wp-json\/wp\/v2\/posts\/15669\/revisions"}],"predecessor-version":[{"id":15755,"href":"https:\/\/blog.justhvk.hu\/blog\/wp-json\/wp\/v2\/posts\/15669\/revisions\/15755"}],"wp:attachment":[{"href":"https:\/\/blog.justhvk.hu\/blog\/wp-json\/wp\/v2\/media?parent=15669"}],"wp:term":[{"taxonomy":"category","embeddable":true,"href":"https:\/\/blog.justhvk.hu\/blog\/wp-json\/wp\/v2\/categories?post=15669"},{"taxonomy":"post_tag","embeddable":true,"href":"https:\/\/blog.justhvk.hu\/blog\/wp-json\/wp\/v2\/tags?post=15669"}],"curies":[{"name":"wp","href":"https:\/\/api.w.org\/{rel}","templated":true}]}}