{"id":15719,"date":"2019-04-10T09:12:09","date_gmt":"2019-04-10T09:12:09","guid":{"rendered":"https:\/\/blog.justhvk.hu\/blog\/?p=15719"},"modified":"2019-04-10T09:15:32","modified_gmt":"2019-04-10T09:15:32","slug":"tarsalgo-4-ossztanc-zene-es-tanc-a-60-as-70-es-evekben-oroshazan","status":"publish","type":"post","link":"https:\/\/blog.justhvk.hu\/blog\/tarsalgo-4-ossztanc-zene-es-tanc-a-60-as-70-es-evekben-oroshazan\/","title":{"rendered":"T\u00e1rsalg\u00f3 4.: \u00d6sszt\u00e1nc &#8211; Zene \u00e9s t\u00e1nc a 60-as, 70-es \u00e9vekben Orosh\u00e1z\u00e1n\u00a0"},"content":{"rendered":"<p>A Justh Zsigmond V\u00e1rosi K\u00f6nyvt\u00e1r szeretettel v\u00e1r minden kedves \u00e9rdekl\u0151d\u0151t\u00a0<strong>T\u00e1rsalg\u00f3<\/strong> c\u00edm\u0171 rendezv\u00e9ny\u00e9nek leg\u00fajabb, a telep\u00fcl\u00e9salap\u00edt\u00e1s 275. \u00e9vfordul\u00f3ja alkalm\u00e1b\u00f3l rendezett \u00fcnnepi programsorozat k\u00f6nyvt\u00e1ri esem\u00e9ny\u00e9re,\u00a0melynek t\u00e9m\u00e1ja:<\/p>\n<p><strong>\u00d6sszt\u00e1nc &#8211; Zene \u00e9s t\u00e1nc a 60-as, 70-es \u00e9vekben Orosh\u00e1z\u00e1n\u00a0<\/strong><\/p>\n<p>K\u00f6zrem\u0171k\u00f6dnek:<br \/>\n<strong>Koszor\u00fas Oszk\u00e1r<\/strong>\u00a0helyt\u00f6rt\u00e9n\u00e9sz<br \/>\n<strong>Antali Zolt\u00e1n<\/strong> t\u00e1ncpedag\u00f3gus\u00a0<strong><br \/>\nFeldmann J\u00f3zsef <\/strong>zen\u00e9sz<\/p>\n<p>A rendezv\u00e9ny id\u0151pontja: <strong>2019. \u00e1prilis 25. (cs\u00fct\u00f6rt\u00f6k) 17:30<\/strong>, helysz\u00edne a <strong>Justh Zsigmond V\u00e1rosi K\u00f6nyvt\u00e1r\u00a0<\/strong>(Orosh\u00e1za, Kossuth u. 3.) olvas\u00f3terme.<\/p>\n<p>A bel\u00e9p\u00e9s d\u00edjtalan.<\/p>\n<p><a href=\"https:\/\/www.facebook.com\/events\/598877093913051\/\">Facebook-esem\u00e9ny<\/a><br \/>\n<a href=\"https:\/\/calendar.google.com\/event?action=TEMPLATE&amp;tmeid=M2VwYjRsOWw4Y204MG00ZDdrcG5jOGlrdDAganVzdGh2a0Bt&amp;tmsrc=justhvk%40gmail.com\" target=\"_blank\" rel=\"noopener\"><img decoding=\"async\" src=\"https:\/\/www.google.com\/calendar\/images\/ext\/gc_button1_hu.gif\" border=\"0\" \/><\/a><\/p>\n<div class=\"fcbkbttn_buttons_block\" id=\"fcbkbttn_left\"><div class=\"fcbkbttn_like \"><fb:like href=\"https:\/\/blog.justhvk.hu\/blog\/tarsalgo-4-ossztanc-zene-es-tanc-a-60-as-70-es-evekben-oroshazan\/\" action=\"like\" colorscheme=\"light\" layout=\"button_count\"  size=\"small\"><\/fb:like><\/div><div class=\"fb-share-button  \" data-href=\"https:\/\/blog.justhvk.hu\/blog\/tarsalgo-4-ossztanc-zene-es-tanc-a-60-as-70-es-evekben-oroshazan\/\" data-type=\"button_count\" data-size=\"small\"><\/div><\/div>","protected":false},"excerpt":{"rendered":"<p>A Justh Zsigmond V\u00e1rosi K\u00f6nyvt\u00e1r szeretettel v\u00e1r minden kedves \u00e9rdekl\u0151d\u0151t\u00a0T\u00e1rsalg\u00f3 c\u00edm\u0171 rendezv\u00e9ny\u00e9nek leg\u00fajabb, a telep\u00fcl\u00e9salap\u00edt\u00e1s 275. \u00e9vfordul\u00f3ja alkalm\u00e1b\u00f3l rendezett \u00fcnnepi programsorozat k\u00f6nyvt\u00e1ri esem\u00e9ny\u00e9re,\u00a0melynek t\u00e9m\u00e1ja: \u00d6sszt\u00e1nc &#8211; Zene \u00e9s t\u00e1nc a 60-as, 70-es \u00e9vekben Orosh\u00e1z\u00e1n\u00a0 K\u00f6zrem\u0171k\u00f6dnek: Koszor\u00fas Oszk\u00e1r\u00a0helyt\u00f6rt\u00e9n\u00e9sz Antali Zolt\u00e1n t\u00e1ncpedag\u00f3gus\u00a0 Feldmann J\u00f3zsef zen\u00e9sz A rendezv\u00e9ny id\u0151pontja: 2019. \u00e1prilis 25. (cs\u00fct\u00f6rt\u00f6k) 17:30, helysz\u00edne a Justh Zsigmond [&hellip;]<\/p>\n","protected":false},"author":5,"featured_media":15721,"comment_status":"open","ping_status":"open","sticky":false,"template":"","format":"standard","meta":{"episode_type":"","audio_file":"","cover_image":"","cover_image_id":"","duration":"","filesize":"","date_recorded":"","explicit":"","block":"","filesize_raw":"","ngg_post_thumbnail":0,"footnotes":""},"categories":[22,907,255,342,452,503,588,833],"tags":[],"class_list":["post-15719","post","type-post","status-publish","format-standard","has-post-thumbnail","hentry","category-antali-zoltan","category-feldmann-jozsef","category-justh-zsigmond-varosi-konyvtar","category-koszorus-oszkar","category-oroshaza","category-programajanlo","category-tanc","category-tarsalgo"],"_links":{"self":[{"href":"https:\/\/blog.justhvk.hu\/blog\/wp-json\/wp\/v2\/posts\/15719","targetHints":{"allow":["GET"]}}],"collection":[{"href":"https:\/\/blog.justhvk.hu\/blog\/wp-json\/wp\/v2\/posts"}],"about":[{"href":"https:\/\/blog.justhvk.hu\/blog\/wp-json\/wp\/v2\/types\/post"}],"author":[{"embeddable":true,"href":"https:\/\/blog.justhvk.hu\/blog\/wp-json\/wp\/v2\/users\/5"}],"replies":[{"embeddable":true,"href":"https:\/\/blog.justhvk.hu\/blog\/wp-json\/wp\/v2\/comments?post=15719"}],"version-history":[{"count":3,"href":"https:\/\/blog.justhvk.hu\/blog\/wp-json\/wp\/v2\/posts\/15719\/revisions"}],"predecessor-version":[{"id":15723,"href":"https:\/\/blog.justhvk.hu\/blog\/wp-json\/wp\/v2\/posts\/15719\/revisions\/15723"}],"wp:featuredmedia":[{"embeddable":true,"href":"https:\/\/blog.justhvk.hu\/blog\/wp-json\/wp\/v2\/media\/15721"}],"wp:attachment":[{"href":"https:\/\/blog.justhvk.hu\/blog\/wp-json\/wp\/v2\/media?parent=15719"}],"wp:term":[{"taxonomy":"category","embeddable":true,"href":"https:\/\/blog.justhvk.hu\/blog\/wp-json\/wp\/v2\/categories?post=15719"},{"taxonomy":"post_tag","embeddable":true,"href":"https:\/\/blog.justhvk.hu\/blog\/wp-json\/wp\/v2\/tags?post=15719"}],"curies":[{"name":"wp","href":"https:\/\/api.w.org\/{rel}","templated":true}]}}