{"id":15821,"date":"2019-05-02T13:02:44","date_gmt":"2019-05-02T13:02:44","guid":{"rendered":"https:\/\/blog.justhvk.hu\/blog\/?p=15821"},"modified":"2019-05-10T11:52:28","modified_gmt":"2019-05-10T11:52:28","slug":"hallgassuk-egyutt-delelotti-muzsika-a-konyvtarban","status":"publish","type":"post","link":"https:\/\/blog.justhvk.hu\/blog\/hallgassuk-egyutt-delelotti-muzsika-a-konyvtarban\/","title":{"rendered":"Hallgassuk egy\u00fctt! &#8211; D\u00e9lel\u0151tti muzsika a k\u00f6nyvt\u00e1rban"},"content":{"rendered":"<p>A Justh Zsigmond V\u00e1rosi K\u00f6nyvt\u00e1r zenei gy\u0171jtem\u00e9nye \u00faj sorozatot ind\u00edt &#8222;<strong>Hallgassuk egy\u00fctt! &#8211; D\u00e9lel\u0151tti muzsika a k\u00f6nyvt\u00e1rban<\/strong>&#8221; c\u00edmmel. A sorozat esem\u00e9nyein terveink szerint els\u0151sorban (de nem kiz\u00e1r\u00f3lag) a klasszikus muzsika vil\u00e1g\u00e1ba kalauzoln\u00e1nk el az \u00e9rdekl\u0151d\u0151ket egy-egy m\u0171 bemutat\u00e1s\u00e1val \u00e9s term\u00e9szetesen meghallgat\u00e1s\u00e1val.<br \/>\nA sorozat els\u0151 esem\u00e9ny\u00e9nek c\u00edme &#8222;A tavasz zen\u00e9i&#8221;. Az \u00e9vszaknak megfelel\u0151en teh\u00e1t felhangzik majd felv\u00e9telr\u0151l <em>Vivaldi<\/em>, <em>Beethoven<\/em> \u00e9s <em>Piazzola<\/em> egy-egy darabja, melyeket <strong>Korm\u00e1nyos Zolt\u00e1n<\/strong>, a Liszt Ferenc Alapfok\u00fa M\u0171v\u00e9szeti Iskola zongoratan\u00e1ra ismertet.<br \/>\nA program m\u00e1jus 9-\u00e9n cs\u00fct\u00f6rt\u00f6k\u00f6n d\u00e9lel\u0151tt 10 \u00f3rakor kezd\u0151dik.<br \/>\nMinden \u00e9rdekl\u0151d\u0151t szeretettel v\u00e1runk!<\/p>\n<p><a href=\"https:\/\/blog.justhvk.hu\/blog\/wp-content\/uploads\/2019\/05\/plak\u00e1t_kicsi.png\"><img loading=\"lazy\" decoding=\"async\" class=\"alignleft size-full wp-image-15830\" src=\"https:\/\/blog.justhvk.hu\/blog\/wp-content\/uploads\/2019\/05\/plak\u00e1t_kicsi.png\" alt=\"\" width=\"566\" height=\"800\" \/><\/a><\/p>\n<div class=\"fcbkbttn_buttons_block\" id=\"fcbkbttn_left\"><div class=\"fcbkbttn_like \"><fb:like href=\"https:\/\/blog.justhvk.hu\/blog\/hallgassuk-egyutt-delelotti-muzsika-a-konyvtarban\/\" action=\"like\" colorscheme=\"light\" layout=\"button_count\"  size=\"small\"><\/fb:like><\/div><div class=\"fb-share-button  \" data-href=\"https:\/\/blog.justhvk.hu\/blog\/hallgassuk-egyutt-delelotti-muzsika-a-konyvtarban\/\" data-type=\"button_count\" data-size=\"small\"><\/div><\/div>","protected":false},"excerpt":{"rendered":"<p>A Justh Zsigmond V\u00e1rosi K\u00f6nyvt\u00e1r zenei gy\u0171jtem\u00e9nye \u00faj sorozatot ind\u00edt &#8222;Hallgassuk egy\u00fctt! &#8211; D\u00e9lel\u0151tti muzsika a k\u00f6nyvt\u00e1rban&#8221; c\u00edmmel. A sorozat esem\u00e9nyein terveink szerint els\u0151sorban (de nem kiz\u00e1r\u00f3lag) a klasszikus muzsika vil\u00e1g\u00e1ba kalauzoln\u00e1nk el az \u00e9rdekl\u0151d\u0151ket egy-egy m\u0171 bemutat\u00e1s\u00e1val \u00e9s term\u00e9szetesen meghallgat\u00e1s\u00e1val. A sorozat els\u0151 esem\u00e9ny\u00e9nek c\u00edme &#8222;A tavasz zen\u00e9i&#8221;. Az \u00e9vszaknak megfelel\u0151en teh\u00e1t felhangzik majd [&hellip;]<\/p>\n","protected":false},"author":4,"featured_media":0,"comment_status":"open","ping_status":"open","sticky":false,"template":"","format":"standard","meta":{"episode_type":"","audio_file":"","cover_image":"","cover_image_id":"","duration":"","filesize":"","date_recorded":"","explicit":"","block":"","filesize_raw":"","ngg_post_thumbnail":0,"footnotes":""},"categories":[911,255,868,660],"tags":[],"class_list":["post-15821","post","type-post","status-publish","format-standard","hentry","category-hallgassuk-egyutt","category-justh-zsigmond-varosi-konyvtar","category-kormanyos-zoltan","category-zenei-konyvtar"],"_links":{"self":[{"href":"https:\/\/blog.justhvk.hu\/blog\/wp-json\/wp\/v2\/posts\/15821","targetHints":{"allow":["GET"]}}],"collection":[{"href":"https:\/\/blog.justhvk.hu\/blog\/wp-json\/wp\/v2\/posts"}],"about":[{"href":"https:\/\/blog.justhvk.hu\/blog\/wp-json\/wp\/v2\/types\/post"}],"author":[{"embeddable":true,"href":"https:\/\/blog.justhvk.hu\/blog\/wp-json\/wp\/v2\/users\/4"}],"replies":[{"embeddable":true,"href":"https:\/\/blog.justhvk.hu\/blog\/wp-json\/wp\/v2\/comments?post=15821"}],"version-history":[{"count":9,"href":"https:\/\/blog.justhvk.hu\/blog\/wp-json\/wp\/v2\/posts\/15821\/revisions"}],"predecessor-version":[{"id":15839,"href":"https:\/\/blog.justhvk.hu\/blog\/wp-json\/wp\/v2\/posts\/15821\/revisions\/15839"}],"wp:attachment":[{"href":"https:\/\/blog.justhvk.hu\/blog\/wp-json\/wp\/v2\/media?parent=15821"}],"wp:term":[{"taxonomy":"category","embeddable":true,"href":"https:\/\/blog.justhvk.hu\/blog\/wp-json\/wp\/v2\/categories?post=15821"},{"taxonomy":"post_tag","embeddable":true,"href":"https:\/\/blog.justhvk.hu\/blog\/wp-json\/wp\/v2\/tags?post=15821"}],"curies":[{"name":"wp","href":"https:\/\/api.w.org\/{rel}","templated":true}]}}