{"id":15833,"date":"2019-05-03T09:16:32","date_gmt":"2019-05-03T09:16:32","guid":{"rendered":"https:\/\/blog.justhvk.hu\/blog\/?p=15833"},"modified":"2019-05-10T11:52:36","modified_gmt":"2019-05-10T11:52:36","slug":"olvasokor-2018-majus-8-16-ora","status":"publish","type":"post","link":"https:\/\/blog.justhvk.hu\/blog\/olvasokor-2018-majus-8-16-ora\/","title":{"rendered":"Olvas\u00f3k\u00f6r &#8211; 2019. m\u00e1jus 8., 16 \u00f3ra"},"content":{"rendered":"<p>A Nyugd\u00edjas pedag\u00f3gusok Justh Zsigmond olvas\u00f3k\u00f6re m\u00e1jus 8-\u00e1n, szerd\u00e1n 16 \u00f3rakor tartja k\u00f6vetkez\u0151 \u00f6sszej\u00f6vetel\u00e9t a k\u00f6nyvt\u00e1rban.<\/p>\n<p>T\u00e9m\u00e1ja: Karinthy M\u00e1rton \u00d6rd\u00f6gg\u00f6rcs c\u00edm\u0171 m\u0171ve \u00e9s ennek kapcs\u00e1n a Karinthy-csal\u00e1d, Benedek Elek \u00e9s csal\u00e1dja.<\/p>\n<p>Micsoda kor &#8230;micsoda alakok &#8230;! Mire az \u00d6rd\u00f6gg\u00f6rcs v\u00e9g\u00e9re \u00e9r\u00fcnk, mi magunk is otthonosan j\u00e1runk- kel\u00fcnk a Karinthyak, Kosztol\u00e1nyi\u00e9k, Devecseri\u00e9k, Benedek\u00e9k vil\u00e1g\u00e1ban&#8230;<\/p>\n<p>A rendezv\u00e9nyre minden \u00e9rdekl\u0151d\u0151t szeretettel v\u00e1runk!<\/p>\n<p><a href=\"https:\/\/www.facebook.com\/events\/278190153131302\/\">Facebook-esem\u00e9ny<\/a><\/p>\n<p><a href=\"https:\/\/calendar.google.com\/event?action=TEMPLATE&amp;tmeid=b3N0dDE5YTlqaDE2a3AwcmY2ZWkwcjIyZTBfMjAxOTA1MDhUMTQwMDAwWiBqdXN0aHZrQG0&amp;tmsrc=justhvk%40gmail.com&amp;scp=ALL\" target=\"_blank\" rel=\"noopener\"><img decoding=\"async\" src=\"https:\/\/www.google.com\/calendar\/images\/ext\/gc_button1_hu.gif\" border=\"0\" \/><\/a><\/p>\n<div class=\"fcbkbttn_buttons_block\" id=\"fcbkbttn_left\"><div class=\"fcbkbttn_like \"><fb:like href=\"https:\/\/blog.justhvk.hu\/blog\/olvasokor-2018-majus-8-16-ora\/\" action=\"like\" colorscheme=\"light\" layout=\"button_count\"  size=\"small\"><\/fb:like><\/div><div class=\"fb-share-button  \" data-href=\"https:\/\/blog.justhvk.hu\/blog\/olvasokor-2018-majus-8-16-ora\/\" data-type=\"button_count\" data-size=\"small\"><\/div><\/div>","protected":false},"excerpt":{"rendered":"<p>A Nyugd\u00edjas pedag\u00f3gusok Justh Zsigmond olvas\u00f3k\u00f6re m\u00e1jus 8-\u00e1n, szerd\u00e1n 16 \u00f3rakor tartja k\u00f6vetkez\u0151 \u00f6sszej\u00f6vetel\u00e9t a k\u00f6nyvt\u00e1rban. T\u00e9m\u00e1ja: Karinthy M\u00e1rton \u00d6rd\u00f6gg\u00f6rcs c\u00edm\u0171 m\u0171ve \u00e9s ennek kapcs\u00e1n a Karinthy-csal\u00e1d, Benedek Elek \u00e9s csal\u00e1dja. Micsoda kor &#8230;micsoda alakok &#8230;! Mire az \u00d6rd\u00f6gg\u00f6rcs v\u00e9g\u00e9re \u00e9r\u00fcnk, mi magunk is otthonosan j\u00e1runk- kel\u00fcnk a Karinthyak, Kosztol\u00e1nyi\u00e9k, Devecseri\u00e9k, Benedek\u00e9k vil\u00e1g\u00e1ban&#8230; A rendezv\u00e9nyre [&hellip;]<\/p>\n","protected":false},"author":5,"featured_media":15834,"comment_status":"open","ping_status":"open","sticky":false,"template":"","format":"standard","meta":{"episode_type":"","audio_file":"","cover_image":"","cover_image_id":"","duration":"","filesize":"","date_recorded":"","explicit":"","block":"","filesize_raw":"","ngg_post_thumbnail":0,"footnotes":""},"categories":[664,255,431,441,452,503],"tags":[],"class_list":["post-15833","post","type-post","status-publish","format-standard","has-post-thumbnail","hentry","category-justh-zsigmond-olvasokor","category-justh-zsigmond-varosi-konyvtar","category-nyugdijas-pedagogusok-justh-zsigmond-olvasokore","category-olvasokorok","category-oroshaza","category-programajanlo"],"_links":{"self":[{"href":"https:\/\/blog.justhvk.hu\/blog\/wp-json\/wp\/v2\/posts\/15833","targetHints":{"allow":["GET"]}}],"collection":[{"href":"https:\/\/blog.justhvk.hu\/blog\/wp-json\/wp\/v2\/posts"}],"about":[{"href":"https:\/\/blog.justhvk.hu\/blog\/wp-json\/wp\/v2\/types\/post"}],"author":[{"embeddable":true,"href":"https:\/\/blog.justhvk.hu\/blog\/wp-json\/wp\/v2\/users\/5"}],"replies":[{"embeddable":true,"href":"https:\/\/blog.justhvk.hu\/blog\/wp-json\/wp\/v2\/comments?post=15833"}],"version-history":[{"count":4,"href":"https:\/\/blog.justhvk.hu\/blog\/wp-json\/wp\/v2\/posts\/15833\/revisions"}],"predecessor-version":[{"id":15838,"href":"https:\/\/blog.justhvk.hu\/blog\/wp-json\/wp\/v2\/posts\/15833\/revisions\/15838"}],"wp:featuredmedia":[{"embeddable":true,"href":"https:\/\/blog.justhvk.hu\/blog\/wp-json\/wp\/v2\/media\/15834"}],"wp:attachment":[{"href":"https:\/\/blog.justhvk.hu\/blog\/wp-json\/wp\/v2\/media?parent=15833"}],"wp:term":[{"taxonomy":"category","embeddable":true,"href":"https:\/\/blog.justhvk.hu\/blog\/wp-json\/wp\/v2\/categories?post=15833"},{"taxonomy":"post_tag","embeddable":true,"href":"https:\/\/blog.justhvk.hu\/blog\/wp-json\/wp\/v2\/tags?post=15833"}],"curies":[{"name":"wp","href":"https:\/\/api.w.org\/{rel}","templated":true}]}}