{"id":15888,"date":"2019-05-31T07:00:45","date_gmt":"2019-05-31T07:00:45","guid":{"rendered":"https:\/\/blog.justhvk.hu\/blog\/?p=15888"},"modified":"2019-06-20T06:47:11","modified_gmt":"2019-06-20T06:47:11","slug":"unnepi-konyvhet-2019","status":"publish","type":"post","link":"https:\/\/blog.justhvk.hu\/blog\/unnepi-konyvhet-2019\/","title":{"rendered":"\u00dcnnepi k\u00f6nyvh\u00e9t, 2019."},"content":{"rendered":"<p>Nagyon sok szeretettel v\u00e1runk mindenkit a 90. \u00dcnnepi k\u00f6nyvh\u00e9t orosh\u00e1zi programjaira! Mesemond\u00f3 verseny, felolvas\u00f3 maraton, sz\u00fclet\u00e9snapi parti \u00e9s k\u00f6nyvbemutat\u00f3k sora. Itt a helye mindenkinek!<\/p>\n<p><strong>J\u00fanius 8., szombat, 9:00:\u00a0XIV. Gyop\u00e1rka T\u00fcnd\u00e9r mesemond\u00f3 verseny\u00a0<\/strong><\/p>\n<p><a href=\"https:\/\/blog.justhvk.hu\/blog\/wp-content\/uploads\/2011\/06\/gyoparka_logo.jpg\"><img loading=\"lazy\" decoding=\"async\" class=\"alignnone wp-image-4280\" src=\"https:\/\/blog.justhvk.hu\/blog\/wp-content\/uploads\/2011\/06\/gyoparka_logo.jpg\" alt=\"\" width=\"200\" height=\"186\" \/><\/a><\/p>\n<p><a href=\"https:\/\/www.facebook.com\/events\/401486190434309\/?acontext=%7B%22action_history%22%3A%22[%7B%5C%22surface%5C%22%3A%5C%22page%5C%22%2C%5C%22mechanism%5C%22%3A%5C%22page_upcoming_events_card%5C%22%2C%5C%22extra_data%5C%22%3A[]%7D]%22%2C%22has_source%22%3Atrue%7D\">Facebook-esem\u00e9ny<\/a><\/p>\n<p><strong>J\u00fanius 11., kedd, 17:00:\u00a0Ezt l\u00e1tta a kamer\u00e1nk 2. r\u00e9sz. K\u00f6nyvt\u00e1ri pillanatok<\/strong><\/p>\n<p>Szemezget\u00e9s helyt\u00f6rt\u00e9neti vide\u00f3felv\u00e9telekb\u0151l. Felvezeti: T\u00f6rk\u00f6ly J\u00f3zsef zenei k\u00f6nyvt\u00e1ros.<\/p>\n<p><a href=\"https:\/\/blog.justhvk.hu\/blog\/wp-content\/uploads\/2019\/05\/plakat_ezt_latta_a_kamerank_2_s.png\"><img loading=\"lazy\" decoding=\"async\" class=\"alignnone size-full wp-image-15897\" src=\"https:\/\/blog.justhvk.hu\/blog\/wp-content\/uploads\/2019\/05\/plakat_ezt_latta_a_kamerank_2_s.png\" alt=\"\" width=\"566\" height=\"800\" \/><\/a><\/p>\n<p><a href=\"https:\/\/www.facebook.com\/events\/896232974041321\/\">Facebook-esem\u00e9ny<\/a><\/p>\n<p><a target=\"_blank\" href=\"https:\/\/calendar.google.com\/event?action=TEMPLATE&amp;tmeid=NHIxM2QyOGZ2bzkyZjBxY3Yxa3M5aW85bnEganVzdGh2a0Bt&amp;tmsrc=justhvk%40gmail.com\"><img decoding=\"async\" border=\"0\" src=\"https:\/\/www.google.com\/calendar\/images\/ext\/gc_button1_hu.gif\"><\/a><\/p>\n<p><strong>J\u00fanius 12., szerda, 8:20-20:00: &#8222;70 \u00e9v &#8211; 700 perc&#8221; Felolvas\u00f3maraton<\/strong><\/p>\n<p>Felolvas\u00f3maraton a 70 \u00e9ves k\u00f6nyvt\u00e1r sz\u00fclet\u00e9snapj\u00e1n, a k\u00f6nyvt\u00e1r szakirodalmi\/internetes r\u00e9sz\u00e9ben, reggel 8 \u00f3ra 20 perct\u0151l este 8 \u00f3r\u00e1ig. Egy felolvas\u00f3 5 percet kap (de ez v\u00e1ltozhat m\u00e9g a jelentkez\u0151k sz\u00e1m\u00e1nak f\u00fcggv\u00e9ny\u00e9ben). Minden felolvas\u00f3 aj\u00e1nd\u00e9kot kap! V\u00e1rjuk bar\u00e1ti k\u00f6z\u00f6ss\u00e9gek, csoportok, oszt\u00e1lyok, \u00e9s persze mag\u00e1nszem\u00e9lyek jelentkez\u00e9s\u00e9t egyar\u00e1nt! Jelentkezni lehet emailben, telefonon, Facebookon \u00e9s szem\u00e9lyesen is.<\/p>\n<p><a href=\"https:\/\/blog.justhvk.hu\/blog\/wp-content\/uploads\/2019\/05\/felolvaso_teddy.jpg\"><img loading=\"lazy\" decoding=\"async\" class=\"alignnone size-full wp-image-15864\" src=\"https:\/\/blog.justhvk.hu\/blog\/wp-content\/uploads\/2019\/05\/felolvaso_teddy.jpg\" alt=\"\" width=\"639\" height=\"426\" \/><\/a><\/p>\n<p><a href=\"https:\/\/www.facebook.com\/events\/1034347360092567\/\">Facebook-esem\u00e9ny<\/a><\/p>\n<p><a target=\"_blank\" href=\"https:\/\/calendar.google.com\/event?action=TEMPLATE&amp;tmeid=NnZkOTM0bDR1MDNxaHZ0OTFncG1tYW0zOXMganVzdGh2a0Bt&amp;tmsrc=justhvk%40gmail.com\"><img decoding=\"async\" border=\"0\" src=\"https:\/\/www.google.com\/calendar\/images\/ext\/gc_button1_hu.gif\"><\/a><\/p>\n<p><strong>J\u00fanius 12., szerda, eg\u00e9sz nap: Molynyomoz\u00f3 j\u00e1t\u00e9k<\/strong><\/p>\n<p><strong>J\u00fanius 12., szerda, 20:00:\u00a0A KLuBB zenekar\u00a0sz\u00fclet\u00e9snapi koncertje\u00a0tort\u00e1val, eredm\u00e9nyhirdet\u00e9ssel<\/strong><\/p>\n<p><a href=\"https:\/\/blog.justhvk.hu\/blog\/wp-content\/uploads\/2019\/05\/plakat_junius_12_s.png\"><img loading=\"lazy\" decoding=\"async\" class=\"alignnone size-full wp-image-15890\" src=\"https:\/\/blog.justhvk.hu\/blog\/wp-content\/uploads\/2019\/05\/plakat_junius_12_s.png\" alt=\"\" width=\"566\" height=\"800\" \/><\/a><\/p>\n<p><a href=\"https:\/\/www.facebook.com\/events\/299065180980365\/\">Facebook-esem\u00e9ny<\/a><\/p>\n<p><a target=\"_blank\" href=\"https:\/\/calendar.google.com\/event?action=TEMPLATE&amp;tmeid=Nm9qdXZwbTZlZXIxc2Y5NXI4YnJzcWVvZXUganVzdGh2a0Bt&amp;tmsrc=justhvk%40gmail.com\"><img decoding=\"async\" border=\"0\" src=\"https:\/\/www.google.com\/calendar\/images\/ext\/gc_button1_hu.gif\"><\/a><\/p>\n<p><strong>J\u00fanius 13., cs\u00fct\u00f6rt\u00f6k, 17:00:\u00a0K\u00f6z\u00f6ns\u00e9gtal\u00e1lkoz\u00f3 Bauer Barbar\u00e1val<\/strong><\/p>\n<p>A szerz\u0151vel besz\u00e9lget:\u00a0Magonyn\u00e9 Urb\u00e1n Zsuzsanna<\/p>\n<p><a href=\"https:\/\/blog.justhvk.hu\/blog\/wp-content\/uploads\/2019\/05\/plakat_Bauer_Barbara_s.png\"><img loading=\"lazy\" decoding=\"async\" class=\"alignnone size-full wp-image-15891\" src=\"https:\/\/blog.justhvk.hu\/blog\/wp-content\/uploads\/2019\/05\/plakat_Bauer_Barbara_s.png\" alt=\"\" width=\"566\" height=\"800\" \/><\/a><\/p>\n<p><a href=\"https:\/\/www.facebook.com\/events\/630910310718327\/\">Facebook-esem\u00e9ny<\/a><\/p>\n<p><a target=\"_blank\" href=\"https:\/\/calendar.google.com\/event?action=TEMPLATE&amp;tmeid=NTIyaGowdTlzOGloZGhtNzI3NDA5cGRmNDQganVzdGh2a0Bt&amp;tmsrc=justhvk%40gmail.com\"><img decoding=\"async\" border=\"0\" src=\"https:\/\/www.google.com\/calendar\/images\/ext\/gc_button1_hu.gif\"><\/a><\/p>\n<p><strong>J\u00fanius 14., p\u00e9ntek, 17:00:\u00a0J\u00e1rt\u00f3 R\u00f3za: Bagoly \u0151rs, vigy\u00e1zz!\u00a0c\u00edm\u0171 k\u00f6nyv\u00e9nek bemutat\u00f3ja<\/strong><\/p>\n<p>A szerz\u0151vel besz\u00e9lget\u00a0dr. Kov\u00e1cs Gyula<\/p>\n<p><a href=\"https:\/\/blog.justhvk.hu\/blog\/wp-content\/uploads\/2019\/05\/plakat_Jarto_Roza_s.png\"><img loading=\"lazy\" decoding=\"async\" class=\"alignnone size-full wp-image-15893\" src=\"https:\/\/blog.justhvk.hu\/blog\/wp-content\/uploads\/2019\/05\/plakat_Jarto_Roza_s.png\" alt=\"\" width=\"566\" height=\"800\" \/><\/a><\/p>\n<p><a href=\"https:\/\/www.facebook.com\/events\/336311783700369\/\">Facebook-esem\u00e9ny<\/a><\/p>\n<p><a target=\"_blank\" href=\"https:\/\/calendar.google.com\/event?action=TEMPLATE&amp;tmeid=N2p2am5hOW04Mzc0dmdoamNoNWgwdXVhMGEganVzdGh2a0Bt&amp;tmsrc=justhvk%40gmail.com\"><img decoding=\"async\" border=\"0\" src=\"https:\/\/www.google.com\/calendar\/images\/ext\/gc_button1_hu.gif\"><\/a><\/p>\n<p><strong>J\u00fanius 15., szombat, 14:00:\u00a0M\u0171Kedvel\u0151<\/strong><\/p>\n<p>Biblioter\u00e1pi\u00e1s foglalkoz\u00e1s<\/p>\n<p><strong>J\u00fanius 17., h\u00e9tf\u0151, 17:00:\u00a0Ruby Saw: G\u00e1zt neki, Chiara!\u00a0c\u00edm\u0171 k\u00f6nyv\u00e9nek bemutat\u00f3ja<\/strong><\/p>\n<p>A szerz\u0151vel besz\u00e9lget Debreczeni Cintia<\/p>\n<p><a href=\"https:\/\/blog.justhvk.hu\/blog\/wp-content\/uploads\/2019\/05\/plakat_Ruby_Saw_s.png\"><img loading=\"lazy\" decoding=\"async\" class=\"alignnone size-full wp-image-15894\" src=\"https:\/\/blog.justhvk.hu\/blog\/wp-content\/uploads\/2019\/05\/plakat_Ruby_Saw_s.png\" alt=\"\" width=\"566\" height=\"800\" \/><\/a><\/p>\n<p><a href=\"https:\/\/www.facebook.com\/events\/808870762847306\/\">Facebook-esem\u00e9ny<\/a><\/p>\n<p><a target=\"_blank\" href=\"https:\/\/calendar.google.com\/event?action=TEMPLATE&amp;tmeid=NHNoYTFocmc1YXVzcjI3YWIzN2Y4ZmRzdTAganVzdGh2a0Bt&amp;tmsrc=justhvk%40gmail.com\"><img decoding=\"async\" border=\"0\" src=\"https:\/\/www.google.com\/calendar\/images\/ext\/gc_button1_hu.gif\"><\/a><\/p>\n<p><strong>J\u00fanius 19., szerda, 17:00:\u00a0Veraszt\u00f3 Antal: Th\u00e9k Endre a m\u00e9lt\u00f3s\u00e1gos asztalos\u00a0c\u00edm\u0171 k\u00f6nyv\u00e9nek bemutat\u00f3ja\u00a0<\/strong><\/p>\n<p>A szerz\u0151vel besz\u00e9lget Buzai Csaba<\/p>\n<p><a href=\"https:\/\/blog.justhvk.hu\/blog\/wp-content\/uploads\/2019\/05\/plakat_Veraszto_Antal_s.png\"><img loading=\"lazy\" decoding=\"async\" class=\"alignnone size-full wp-image-15895\" src=\"https:\/\/blog.justhvk.hu\/blog\/wp-content\/uploads\/2019\/05\/plakat_Veraszto_Antal_s.png\" alt=\"\" width=\"566\" height=\"800\" \/><\/a><\/p>\n<p><a href=\"https:\/\/www.facebook.com\/events\/2286382524785792\/\">Facebook-esem\u00e9ny<\/a><\/p>\n<p><a target=\"_blank\" href=\"https:\/\/calendar.google.com\/event?action=TEMPLATE&amp;tmeid=NnZuazJxdjBvYnY0NXFkNGluOTNvazJyYnIganVzdGh2a0Bt&amp;tmsrc=justhvk%40gmail.com\"><img decoding=\"async\" border=\"0\" src=\"https:\/\/www.google.com\/calendar\/images\/ext\/gc_button1_hu.gif\"><\/a><\/p>\n<p><strong>Szervez\u0151k, t\u00e1mogat\u00f3k<\/strong>:\u00a0<a href=\"http:\/\/www.oroshaza.hu\/\">Orosh\u00e1za V\u00e1ros\u00a0\u00d6nkorm\u00e1nyzata<\/a>, <a href=\"https:\/\/www.facebook.com\/retesbolt\/\">R\u00e9tesbolt \u00e9s K\u00e1v\u00e9z\u00f3<\/a>,\u00a0<a href=\"http:\/\/www.pmk.oroshaza.hu\/\">Pet\u0151fi M\u0171vel\u0151d\u00e9si\u00a0K\u00f6zpont<\/a>,\u00a0<a href=\"http:\/\/www.pedagogusegyesulet.weblapmagus.hu\/\">Nyugd\u00edjas Pedag\u00f3gusok\u00a0Orosh\u00e1zi Egyes\u00fclete<\/a>,\u00a0<a href=\"http:\/\/heliosalapitvany.blogspot.hu\/\">Helios Alap\u00edtv\u00e1ny Orosh\u00e1za<\/a>,\u00a0<a href=\"https:\/\/www.justhvk.hu\/\">Justh Zsigmond\u00a0V\u00e1rosi K\u00f6nyvt\u00e1r<\/a>.<\/p>\n<div class=\"fcbkbttn_buttons_block\" id=\"fcbkbttn_left\"><div class=\"fcbkbttn_like \"><fb:like href=\"https:\/\/blog.justhvk.hu\/blog\/unnepi-konyvhet-2019\/\" action=\"like\" colorscheme=\"light\" layout=\"button_count\"  size=\"small\"><\/fb:like><\/div><div class=\"fb-share-button  \" data-href=\"https:\/\/blog.justhvk.hu\/blog\/unnepi-konyvhet-2019\/\" data-type=\"button_count\" data-size=\"small\"><\/div><\/div>","protected":false},"excerpt":{"rendered":"<p>Nagyon sok szeretettel v\u00e1runk mindenkit a 90. \u00dcnnepi k\u00f6nyvh\u00e9t orosh\u00e1zi programjaira! Mesemond\u00f3 verseny, felolvas\u00f3 maraton, sz\u00fclet\u00e9snapi parti \u00e9s k\u00f6nyvbemutat\u00f3k sora. Itt a helye mindenkinek! J\u00fanius 8., szombat, 9:00:\u00a0XIV. Gyop\u00e1rka T\u00fcnd\u00e9r mesemond\u00f3 verseny\u00a0 Facebook-esem\u00e9ny J\u00fanius 11., kedd, 17:00:\u00a0Ezt l\u00e1tta a kamer\u00e1nk 2. r\u00e9sz. K\u00f6nyvt\u00e1ri pillanatok Szemezget\u00e9s helyt\u00f6rt\u00e9neti vide\u00f3felv\u00e9telekb\u0151l. Felvezeti: T\u00f6rk\u00f6ly J\u00f3zsef zenei k\u00f6nyvt\u00e1ros. Facebook-esem\u00e9ny J\u00fanius 12., [&hellip;]<\/p>\n","protected":false},"author":5,"featured_media":15899,"comment_status":"open","ping_status":"open","sticky":false,"template":"","format":"standard","meta":{"episode_type":"","audio_file":"","cover_image":"","cover_image_id":"","duration":"","filesize":"","date_recorded":"","explicit":"","block":"","filesize_raw":"","ngg_post_thumbnail":0,"footnotes":""},"categories":[914,904,191,677,255,820,282,287,388,728,452,503,897,602,637],"tags":[],"class_list":["post-15888","post","type-post","status-publish","format-standard","has-post-thumbnail","hentry","category-bauer-barbara","category-ezt-latta-a-kamerank","category-gyoparka-tunder","category-jarto-roza","category-justh-zsigmond-varosi-konyvtar","category-klubb-zenekar","category-konyvbemutato","category-konyvhet","category-mesemondo-verseny","category-molynyomozo","category-oroshaza","category-programajanlo","category-ruby-saw","category-thek-endre","category-veraszto-antal"],"_links":{"self":[{"href":"https:\/\/blog.justhvk.hu\/blog\/wp-json\/wp\/v2\/posts\/15888","targetHints":{"allow":["GET"]}}],"collection":[{"href":"https:\/\/blog.justhvk.hu\/blog\/wp-json\/wp\/v2\/posts"}],"about":[{"href":"https:\/\/blog.justhvk.hu\/blog\/wp-json\/wp\/v2\/types\/post"}],"author":[{"embeddable":true,"href":"https:\/\/blog.justhvk.hu\/blog\/wp-json\/wp\/v2\/users\/5"}],"replies":[{"embeddable":true,"href":"https:\/\/blog.justhvk.hu\/blog\/wp-json\/wp\/v2\/comments?post=15888"}],"version-history":[{"count":16,"href":"https:\/\/blog.justhvk.hu\/blog\/wp-json\/wp\/v2\/posts\/15888\/revisions"}],"predecessor-version":[{"id":15940,"href":"https:\/\/blog.justhvk.hu\/blog\/wp-json\/wp\/v2\/posts\/15888\/revisions\/15940"}],"wp:featuredmedia":[{"embeddable":true,"href":"https:\/\/blog.justhvk.hu\/blog\/wp-json\/wp\/v2\/media\/15899"}],"wp:attachment":[{"href":"https:\/\/blog.justhvk.hu\/blog\/wp-json\/wp\/v2\/media?parent=15888"}],"wp:term":[{"taxonomy":"category","embeddable":true,"href":"https:\/\/blog.justhvk.hu\/blog\/wp-json\/wp\/v2\/categories?post=15888"},{"taxonomy":"post_tag","embeddable":true,"href":"https:\/\/blog.justhvk.hu\/blog\/wp-json\/wp\/v2\/tags?post=15888"}],"curies":[{"name":"wp","href":"https:\/\/api.w.org\/{rel}","templated":true}]}}