{"id":15959,"date":"2019-06-08T11:47:18","date_gmt":"2019-06-08T11:47:18","guid":{"rendered":"https:\/\/blog.justhvk.hu\/blog\/?p=15959"},"modified":"2019-06-13T06:07:33","modified_gmt":"2019-06-13T06:07:33","slug":"gyoparka-mesemondok-hataron-innen-es-tulrol","status":"publish","type":"post","link":"https:\/\/blog.justhvk.hu\/blog\/gyoparka-mesemondok-hataron-innen-es-tulrol\/","title":{"rendered":"Gyop\u00e1rka mesemond\u00f3k &#8211; hat\u00e1ron innen \u00e9s t\u00falr\u00f3l"},"content":{"rendered":"<p>2006-ban szervezte meg &#8211; akkor m\u00e9g az Ifj\u00fas\u00e1gi Magyars\u00e1gt\u00e1bor keretein bel\u00fcl, annak z\u00e1r\u00f3estj\u00e9n &#8211; az els\u0151 mesemond\u00f3 versenyt <strong>K\u00e1rolyi F\u00fcl\u00f6p B\u00e9la<\/strong>. Az\u00f3ta minden \u00e9vben megrendezik, megrendezz\u00fck a versenyt, 2013 \u00f3ta a k\u00f6nyvt\u00e1runkban. A mai mesemond\u00f3 versenyt &#8211; mely egyben a <a href=\"https:\/\/blog.justhvk.hu\/blog\/?p=15888\">90. \u00dcnnepi K\u00f6nyvh\u00e9t orosh\u00e1zi rendezv\u00e9nyeinek<\/a> nyit\u00f3esem\u00e9nye is volt &#8211; <strong>D\u00e1vid Zolt\u00e1n<\/strong> polg\u00e1rmester nyitotta meg. A zs\u0171ri tagjai voltak:\u00a0<strong>Vet\u00e9sin\u00e9 Petr\u00e1nyi Erzs\u00e9bet,<\/strong> a zs\u0171ri eln\u00f6ke, a Nyugd\u00edjas Pedag\u00f3gusok Justh Zsigmond olvas\u00f3k\u00f6r\u00e9nek k\u00e9pviselet\u00e9ben,<strong>\u00a0Nagy S\u00e1ndorn\u00e9<\/strong>\u00a0nyugd\u00edjas pedag\u00f3gus, F\u00fcl\u00f6p B\u00e9la egykori koll\u00e9g\u00e1ja \u00e9s\u00a0<strong>D\u00e1vidn\u00e9 T\u00f3th M\u00e1rta<\/strong>, szint\u00e9n a Nyugd\u00edjas Pedag\u00f3gusok Justh Zsigmond olvas\u00f3k\u00f6r\u00e9nek k\u00e9pviselet\u00e9ben.<\/p>\n<p>Az idei \u00e9vben el\u0151zetesen 13 oktat\u00e1si int\u00e9zm\u00e9ny 33 \u00f3vod\u00e1sa, iskol\u00e1sa nevezett a versenyre, v\u00e9g\u00fcl 28-an \u00e9rkeztek meg ma reggel, az orosh\u00e1ziak mellett Elekr\u0151l, Nagysz\u00e9n\u00e1sr\u00f3l, Pusztaf\u00f6ldv\u00e1rr\u00f3l, Kiszomborr\u00f3l, s\u0151t, a szerbiai Ludasr\u00f3l is.<\/p>\n<p>T\u00f6bb kateg\u00f3ri\u00e1ban nem tudott d\u00f6nteni a zs\u0171ri, \u00edgy azokban megosztott helyez\u00e9sek sz\u00fclettek.<\/p>\n<p><strong>Eredm\u00e9nyek<\/strong>.<\/p>\n<p><strong>1. korcsoport: \u00d3vod\u00e1sok, 1. oszt\u00e1lyosok. <\/strong>1. Zvolenszki \u00c1d\u00e1m (Forr\u00e1s Reform\u00e1tus \u00d3voda, Orosh\u00e1za, felk\u00e9sz\u00edt\u0151: K\u00e1lm\u00e1n Zsuzsanna). 2.\u00a0Sonkoly Fruzsina (Elek V\u00e1ros \u00d3voda- B\u00f6lcs\u0151de, felk\u00e9sz\u00edt\u0151: \u00c1rvain\u00e9 Nagy M\u00f3nika), 3. Kolovity Stella (Nasa Radost \u00d3voda \/ Ludas Matyi M\u0171vel\u0151d\u00e9si Egyes\u00fclet, Ludas, felk\u00e9sz\u00edt\u0151: Szab\u00f3 R\u00e9ka).<\/p>\n<p><strong>2. korcsoport: 2. \u00e9s 3. oszt\u00e1lyosok.<\/strong> 1.\u00a0Csizmadia \u00c1ron (Orosh\u00e1zi V\u00f6r\u00f6smarty Mih\u00e1ly \u00c1ltal\u00e1nos Iskola, felk\u00e9sz\u00edt\u0151: Tomp\u00e1n\u00e9 Barab\u00e1s Edit), 2. Engi Daniella (Miroslav Antic \u00c1ltal\u00e1nos Iskola \/ Ludas Matyi M\u0171vel\u0151d\u00e9si Egyes\u00fclet, Ludas, felk\u00e9sz\u00edt\u0151: Szab\u00f3 R\u00e9ka), 2. Alzubi Maryam (Reform\u00e1tus K\u00e9ttan\u00edt\u00e1si Nyelv\u0171 \u00c1ltal\u00e1nos Iskola, felk\u00e9sz\u00edt\u0151: Horv\u00e1th Endr\u00e9n\u00e9), 3. Kulcs\u00e1r Anna Helga (Nagysz\u00e9n\u00e1si Czab\u00e1n Samu \u00c1ltal\u00e1nos Iskola, felk\u00e9sz\u00edt\u0151: Kulcs\u00e1r L\u00e1szl\u00f3 Tibor, Kulcs\u00e1r Magola Helga).<\/p>\n<p><strong>3. korcsoport: 4. \u00e9s 5. oszt\u00e1lyosok.<\/strong> 1. Kecskem\u00e9ti Bence Odin (Kiszombori D\u00f3zsa Gy\u00f6rgy \u00c1ltal\u00e1nos Iskola, felk\u00e9sz\u00edt\u0151: Pr\u00f3nai \u00c9va), 1. K\u0151rm\u0151ci N\u00f3ra (Pet\u0151fi S\u00e1ndor \u00c1ltal\u00e1nos Iskola, Hajd\u00faj\u00e1r\u00e1s \/ Ludas Matyi M\u0171vel\u0151d\u00e9si Egyes\u00fclet, Ludas, felk\u00e9sz\u00edt\u0151: Szab\u00f3 R\u00e9ka), 2. Szabados Betti Mia (Szent Imre Katolikus \u00c1ltal\u00e1nos Iskola \u00e9s \u00d3voda, felk\u00e9sz\u00edt\u0151: N\u00e9meth Franciska Lujza), 3. Major L\u00e9n\u00e1rd (Orosh\u00e1zi V\u00f6r\u00f6smarty Mih\u00e1ly \u00c1ltal\u00e1nos Iskola, felk\u00e9sz\u00edt\u0151: Bud\u00e1csik Anita).<\/p>\n<p><strong>Fot\u00f3k<\/strong>:\u00a0<a href=\"https:\/\/photos.app.goo.gl\/5FHFyLccsmh9UEzz5\">https:\/\/photos.app.goo.gl\/5FHFyLccsmh9UEzz5<\/a><\/p>\n<p><strong>Szervez\u0151k, t\u00e1mogat\u00f3k<\/strong>:\u00a0<a href=\"http:\/\/www.oroshaza.hu\/\">Orosh\u00e1za V\u00e1ros\u00a0\u00d6nkorm\u00e1nyzata<\/a>, <a href=\"https:\/\/www.facebook.com\/retesbolt\/\">R\u00e9tesbolt \u00e9s K\u00e1v\u00e9z\u00f3<\/a>,\u00a0<a href=\"http:\/\/www.pmk.oroshaza.hu\/\">Pet\u0151fi M\u0171vel\u0151d\u00e9si\u00a0K\u00f6zpont<\/a>,\u00a0<a href=\"http:\/\/www.pedagogusegyesulet.weblapmagus.hu\/\">Nyugd\u00edjas Pedag\u00f3gusok\u00a0Orosh\u00e1zi Egyes\u00fclete<\/a>,\u00a0<a href=\"http:\/\/heliosalapitvany.blogspot.hu\/\">Helios Alap\u00edtv\u00e1ny Orosh\u00e1za<\/a>,\u00a0<a href=\"https:\/\/www.justhvk.hu\/\">Justh Zsigmond\u00a0V\u00e1rosi K\u00f6nyvt\u00e1r<\/a>.<\/p>\n<p><a href=\"https:\/\/photos.app.goo.gl\/5FHFyLccsmh9UEzz5\"><img loading=\"lazy\" decoding=\"async\" class=\"alignnone wp-image-15961 size-full\" src=\"https:\/\/blog.justhvk.hu\/blog\/wp-content\/uploads\/2019\/06\/gyoparka_2019.jpg\" alt=\"\" width=\"2272\" height=\"1704\" \/><\/a><\/p>\n<div class=\"fcbkbttn_buttons_block\" id=\"fcbkbttn_left\"><div class=\"fcbkbttn_like \"><fb:like href=\"https:\/\/blog.justhvk.hu\/blog\/gyoparka-mesemondok-hataron-innen-es-tulrol\/\" action=\"like\" colorscheme=\"light\" layout=\"button_count\"  size=\"small\"><\/fb:like><\/div><div class=\"fb-share-button  \" data-href=\"https:\/\/blog.justhvk.hu\/blog\/gyoparka-mesemondok-hataron-innen-es-tulrol\/\" data-type=\"button_count\" data-size=\"small\"><\/div><\/div>","protected":false},"excerpt":{"rendered":"<p>2006-ban szervezte meg &#8211; akkor m\u00e9g az Ifj\u00fas\u00e1gi Magyars\u00e1gt\u00e1bor keretein bel\u00fcl, annak z\u00e1r\u00f3estj\u00e9n &#8211; az els\u0151 mesemond\u00f3 versenyt K\u00e1rolyi F\u00fcl\u00f6p B\u00e9la. Az\u00f3ta minden \u00e9vben megrendezik, megrendezz\u00fck a versenyt, 2013 \u00f3ta a k\u00f6nyvt\u00e1runkban. A mai mesemond\u00f3 versenyt &#8211; mely egyben a 90. \u00dcnnepi K\u00f6nyvh\u00e9t orosh\u00e1zi rendezv\u00e9nyeinek nyit\u00f3esem\u00e9nye is volt &#8211; D\u00e1vid Zolt\u00e1n polg\u00e1rmester nyitotta meg. A [&hellip;]<\/p>\n","protected":false},"author":5,"featured_media":0,"comment_status":"open","ping_status":"open","sticky":false,"template":"","format":"standard","meta":{"episode_type":"","audio_file":"","cover_image":"","cover_image_id":"","duration":"","filesize":"","date_recorded":"","explicit":"","block":"","filesize_raw":"","ngg_post_thumbnail":0,"footnotes":""},"categories":[191,255,388,452],"tags":[],"class_list":["post-15959","post","type-post","status-publish","format-standard","hentry","category-gyoparka-tunder","category-justh-zsigmond-varosi-konyvtar","category-mesemondo-verseny","category-oroshaza"],"_links":{"self":[{"href":"https:\/\/blog.justhvk.hu\/blog\/wp-json\/wp\/v2\/posts\/15959","targetHints":{"allow":["GET"]}}],"collection":[{"href":"https:\/\/blog.justhvk.hu\/blog\/wp-json\/wp\/v2\/posts"}],"about":[{"href":"https:\/\/blog.justhvk.hu\/blog\/wp-json\/wp\/v2\/types\/post"}],"author":[{"embeddable":true,"href":"https:\/\/blog.justhvk.hu\/blog\/wp-json\/wp\/v2\/users\/5"}],"replies":[{"embeddable":true,"href":"https:\/\/blog.justhvk.hu\/blog\/wp-json\/wp\/v2\/comments?post=15959"}],"version-history":[{"count":2,"href":"https:\/\/blog.justhvk.hu\/blog\/wp-json\/wp\/v2\/posts\/15959\/revisions"}],"predecessor-version":[{"id":15962,"href":"https:\/\/blog.justhvk.hu\/blog\/wp-json\/wp\/v2\/posts\/15959\/revisions\/15962"}],"wp:attachment":[{"href":"https:\/\/blog.justhvk.hu\/blog\/wp-json\/wp\/v2\/media?parent=15959"}],"wp:term":[{"taxonomy":"category","embeddable":true,"href":"https:\/\/blog.justhvk.hu\/blog\/wp-json\/wp\/v2\/categories?post=15959"},{"taxonomy":"post_tag","embeddable":true,"href":"https:\/\/blog.justhvk.hu\/blog\/wp-json\/wp\/v2\/tags?post=15959"}],"curies":[{"name":"wp","href":"https:\/\/api.w.org\/{rel}","templated":true}]}}