{"id":16474,"date":"2019-10-15T16:31:49","date_gmt":"2019-10-15T16:31:49","guid":{"rendered":"https:\/\/blog.justhvk.hu\/blog\/?p=16474"},"modified":"2019-11-04T07:46:54","modified_gmt":"2019-11-04T07:46:54","slug":"stoeng-viktoria-elet-mesek-konyvbemutato-a-konyvtarban","status":"publish","type":"post","link":"https:\/\/blog.justhvk.hu\/blog\/stoeng-viktoria-elet-mesek-konyvbemutato-a-konyvtarban\/","title":{"rendered":"Stoeng Vikt\u00f3ria: \u00c9let-mes\u00e9k &#8211; k\u00f6nyvbemutat\u00f3 a k\u00f6nyvt\u00e1rban"},"content":{"rendered":"<p>&nbsp;<\/p>\n<p>Szeretettel v\u00e1runk minden \u00e9rdekl\u0151d\u0151t<\/p>\n<p><strong>Stoeng Vikt\u00f3ria: \u00c9let-mes\u00e9k \u00e9s egy\u00e9b sz\u00fcrre\u00e1lisan val\u00f3s t\u00f6rt\u00e9netek\u00a0<\/strong><\/p>\n<p>c\u00edm\u0171 k\u00f6nyv\u00e9nek bemutat\u00f3j\u00e1ra<\/p>\n<p><strong>2019. okt\u00f3ber 29-\u00e9n, kedden 17 \u00f3r\u00e1t\u00f3l<\/strong><\/p>\n<p>a <strong>Justh Zsigmond V\u00e1rosi K\u00f6nyvt\u00e1rba<\/strong> (Orosh\u00e1za, Kossuth u. 3.)<\/p>\n<p>A szerz\u0151vel besz\u00e9lget:\u00a0<strong>Petrovszki M\u00e1ria k\u00f6nyvt\u00e1ros\u00a0<\/strong><\/p>\n<p>A k\u00f6nyv teljes bev\u00e9tel\u00e9t az <a href=\"https:\/\/indahousehungary.hu\/\">InDahouse Hungary<\/a> j\u00f3t\u00e9konys\u00e1gi egyes\u00fclet kapja, amelyet h\u00e1tr\u00e1nyos helyzet\u0171 gyerekek egy\u00e9ni \u00e9s csoportos fejleszt\u0151 foglalkoz\u00e1saira ford\u00edtanak.<\/p>\n<p><a href=\"https:\/\/www.facebook.com\/events\/479831509408651\/\">Facebook-esem\u00e9ny<\/a><\/p>\n<p><a href=\"https:\/\/calendar.google.com\/event?action=TEMPLATE&amp;tmeid=Njg2ZjhtMjFtMGRxOXBoMjNlMmF2MDBja3AganVzdGh2a0Bt&amp;tmsrc=justhvk%40gmail.com\" target=\"_blank\" rel=\"noopener\"><img decoding=\"async\" src=\"https:\/\/www.google.com\/calendar\/images\/ext\/gc_button1_hu.gif\" border=\"0\" \/><\/a><\/p>\n<p><em>A\u00a0rendezv\u00e9nyen f\u00e9nyk\u00e9p-, hang- \u00e9s videofelv\u00e9telek k\u00e9sz\u00fclnek, melyek r\u00e9szben vagy eg\u00e9szben nyilv\u00e1noss\u00e1gra ker\u00fclnek.<\/em><\/p>\n<div class=\"fcbkbttn_buttons_block\" id=\"fcbkbttn_left\"><div class=\"fcbkbttn_like \"><fb:like href=\"https:\/\/blog.justhvk.hu\/blog\/stoeng-viktoria-elet-mesek-konyvbemutato-a-konyvtarban\/\" action=\"like\" colorscheme=\"light\" layout=\"button_count\"  size=\"small\"><\/fb:like><\/div><div class=\"fb-share-button  \" data-href=\"https:\/\/blog.justhvk.hu\/blog\/stoeng-viktoria-elet-mesek-konyvbemutato-a-konyvtarban\/\" data-type=\"button_count\" data-size=\"small\"><\/div><\/div>","protected":false},"excerpt":{"rendered":"<p>&nbsp; Szeretettel v\u00e1runk minden \u00e9rdekl\u0151d\u0151t Stoeng Vikt\u00f3ria: \u00c9let-mes\u00e9k \u00e9s egy\u00e9b sz\u00fcrre\u00e1lisan val\u00f3s t\u00f6rt\u00e9netek\u00a0 c\u00edm\u0171 k\u00f6nyv\u00e9nek bemutat\u00f3j\u00e1ra 2019. okt\u00f3ber 29-\u00e9n, kedden 17 \u00f3r\u00e1t\u00f3l a Justh Zsigmond V\u00e1rosi K\u00f6nyvt\u00e1rba (Orosh\u00e1za, Kossuth u. 3.) A szerz\u0151vel besz\u00e9lget:\u00a0Petrovszki M\u00e1ria k\u00f6nyvt\u00e1ros\u00a0 A k\u00f6nyv teljes bev\u00e9tel\u00e9t az InDahouse Hungary j\u00f3t\u00e9konys\u00e1gi egyes\u00fclet kapja, amelyet h\u00e1tr\u00e1nyos helyzet\u0171 gyerekek egy\u00e9ni \u00e9s csoportos fejleszt\u0151 foglalkoz\u00e1saira [&hellip;]<\/p>\n","protected":false},"author":5,"featured_media":16475,"comment_status":"open","ping_status":"open","sticky":false,"template":"","format":"standard","meta":{"episode_type":"","audio_file":"","cover_image":"","cover_image_id":"","duration":"","filesize":"","date_recorded":"","explicit":"","block":"","filesize_raw":"","ngg_post_thumbnail":0,"footnotes":""},"categories":[255,282,452,503,927],"tags":[],"class_list":["post-16474","post","type-post","status-publish","format-standard","has-post-thumbnail","hentry","category-justh-zsigmond-varosi-konyvtar","category-konyvbemutato","category-oroshaza","category-programajanlo","category-stoeng-viktoria"],"_links":{"self":[{"href":"https:\/\/blog.justhvk.hu\/blog\/wp-json\/wp\/v2\/posts\/16474","targetHints":{"allow":["GET"]}}],"collection":[{"href":"https:\/\/blog.justhvk.hu\/blog\/wp-json\/wp\/v2\/posts"}],"about":[{"href":"https:\/\/blog.justhvk.hu\/blog\/wp-json\/wp\/v2\/types\/post"}],"author":[{"embeddable":true,"href":"https:\/\/blog.justhvk.hu\/blog\/wp-json\/wp\/v2\/users\/5"}],"replies":[{"embeddable":true,"href":"https:\/\/blog.justhvk.hu\/blog\/wp-json\/wp\/v2\/comments?post=16474"}],"version-history":[{"count":5,"href":"https:\/\/blog.justhvk.hu\/blog\/wp-json\/wp\/v2\/posts\/16474\/revisions"}],"predecessor-version":[{"id":16530,"href":"https:\/\/blog.justhvk.hu\/blog\/wp-json\/wp\/v2\/posts\/16474\/revisions\/16530"}],"wp:featuredmedia":[{"embeddable":true,"href":"https:\/\/blog.justhvk.hu\/blog\/wp-json\/wp\/v2\/media\/16475"}],"wp:attachment":[{"href":"https:\/\/blog.justhvk.hu\/blog\/wp-json\/wp\/v2\/media?parent=16474"}],"wp:term":[{"taxonomy":"category","embeddable":true,"href":"https:\/\/blog.justhvk.hu\/blog\/wp-json\/wp\/v2\/categories?post=16474"},{"taxonomy":"post_tag","embeddable":true,"href":"https:\/\/blog.justhvk.hu\/blog\/wp-json\/wp\/v2\/tags?post=16474"}],"curies":[{"name":"wp","href":"https:\/\/api.w.org\/{rel}","templated":true}]}}