{"id":1699,"date":"2009-08-21T10:37:23","date_gmt":"2009-08-21T09:37:23","guid":{"rendered":"http:\/\/blog.justhvk.hu\/?p=1699"},"modified":"2009-08-21T10:37:23","modified_gmt":"2009-08-21T09:37:23","slug":"reszlet-az-uj-lena-konyvbol-4","status":"publish","type":"post","link":"https:\/\/blog.justhvk.hu\/blog\/reszlet-az-uj-lena-konyvbol-4\/","title":{"rendered":"R\u00e9szlet az \u00faj L\u00e9na-k\u00f6nyvb\u0151l. 4."},"content":{"rendered":"<p>Becs\u00fclj\u00e9tek meg ezt a bejegyz\u00e9st dr\u00e1ga blogolvas\u00f3k, hiszen t\u00f6bb r\u00e9szletet m\u00e1r nem k\u00f6zl\u00fcnk <a href=\"http:\/\/eleterzes.hu\/\">L\u00e9n\u00e1rt L\u00e9na Ferenc<\/a> szeptemberben megjelen\u0151 k\u00f6nyv\u00e9b\u0151l, melynek c\u00edme <em>Az \u00fatt\u00f6r\u0151t\u00e1bort\u00f3l a pekingi kacs\u00e1ig<\/em> (illetve lesz m\u00e9g valami, de az m\u00e1r nem L\u00e9n\u00e1t\u00f3l, am\u00fagy is meglepet\u00e9s, na, \u00edgy pontos). Ez\u00fattal t\u00e9nyleg nincs mit hozz\u00e1f\u0171zn\u00f6m L\u00e9na soraihoz, amelyek t\u00f6rt\u00e9netesen a k\u00f6nyv el\u0151szav\u00e1t teszik ki. Tal\u00e1n csak annyit. h\u00f6lgyeim \u00e9s uraim, \u0151 L\u00e9na&#8230;<\/p>\n<p>A kor\u00e1bbi r\u00e9szleteket <a href=\"http:\/\/blog.justhvk.hu\/?p=1641\">itt<\/a>, <a href=\"http:\/\/blog.justhvk.hu\/?p=1657\">itt<\/a>, na meg <a href=\"http:\/\/blog.justhvk.hu\/?p=1689\">itt<\/a> olvashatj\u00e1tok.<\/p>\n<blockquote><p>EL\u0150SZ\u00d3<\/p>\n<p>Az el\u0151z\u0151 k\u00f6nyvemben azt \u00edrtam, hogy \u00fagy \u00e9rzem magam, mint egy dinoszaurusz, aki v\u00e9gleg elt\u0171nik, de \u00f6r\u00f6mmel jelenthetem, hogy szaporodik az \u0151sl\u00e9nypark! Ez egy kis magyar\u00e1zatra szorul, mivel egy m\u00e1sik \u0151stulok, Berta Pista bar\u00e1tom is csatlakozott az exped\u00edci\u00f3hoz, egy elt\u0171n\u0151ben l\u00e9v\u0151 k\u00fcl\u00f6nleges \u00e1llatfajhoz, vagyis hozz\u00e1m. \u00c1zsia, sivatag, nom\u00e1dok, ennek a k\u00e9t, mer\u0151ben elt\u00e9r\u0151 habitus\u00fa embernek a kalandja rem\u00e9lem, \u00edr\u00e1s form\u00e1j\u00e1ban is sz\u00e9kmarasztal\u00f3 lesz. A k\u00f6zel 140 napig tart\u00f3 viszontags\u00e1gos \u00fat alatt minden bajunkat, b\u00e1natunkat diktafonra r\u00f6gz\u00edtettem, a hiteless\u00e9g kedv\u00e9\u00e9rt, mint egy \u00e9l\u0151 napl\u00f3. A recept a r\u00e9gi marad: hiteless\u00e9g, sz\u00f3kimond\u00e1s, persze j\u00f3 nagy adag humorral f\u0171szerezve.<\/p>\n<p>Az \u00fat maga a blues, a kaland, bar\u00e1ts\u00e1g, \u00f6r\u00f6m, git\u00e1r, pofagyalu, kocsma, f\u00e1jdalom, az \u00e9letben tart\u00f3 gy\u00f3gyelix\u00edr. Ezen szavak \u00f6sszess\u00e9ge okozza n\u00e1lam a katarzist, \u00e9s azt a fajta \u00e9let\u00e9rz\u00e9st, amit t\u00f6bb mint 30 \u00e9ve \u00e9rzek. Ez\u00e9rt \u00edrok teljesen m\u00e1s st\u00edlusban az \u00fatjaimr\u00f3l, na meg az\u00e9rt, mert Hendrix volt beragasztva a szem\u00e9lyi igazolv\u00e1nyomba 1982-t\u0151l 1983-ig. Az \u00fat \u00e9l, az \u00fat \u00e9rez, az \u00fat l\u00e9legzik! Az \u00faton k\u00fcl\u00f6nf\u00e9le emberekkel ker\u00fclsz kapcsolatba, akikkel gondolatokat, \u00e9rzelmeket cser\u00e9ltek. Mindig t\u00f6rt\u00e9nik valami, valami m\u00e1s, valami k\u00fcl\u00f6nleges!<\/p>\n<p>V\u00e1ratlan kalandokba keveredsz, amik megv\u00e1ltoztatj\u00e1k az \u00e9leted. Az \u00fat a blues, a hangulatv\u00e1ltoz\u00e1sok sokas\u00e1ga.<\/p>\n<p>Gyerekkoromban nem ker\u00e9kp\u00e1rt kaptam, hanem zen\u00e9t, \u00e9s nem a Kisl\u00e1ny a zongor\u00e1n\u00e1l kateg\u00f3ri\u00e1t (Pink Floyd, Doors). Tal\u00e1n ez\u00e9rt gondolok mindent m\u00e1sk\u00e9ppen az \u00fatr\u00f3l, mint azok, akik k\u00f6z\u00e9 engem bekategoriz\u00e1ltak. A csavarg\u00e1s, a vil\u00e1g megismer\u00e9se stoppal, gyalogl\u00e1ssal kezd\u0151d\u00f6tt, mint a nagy el\u0151d, Kerouac \u00e9lete, \u00e9s egy\u00e1ltal\u00e1n nem a h\u00e1g\u00f3k megh\u00f3d\u00edt\u00e1sa \u00e9rdekelt. \u00c9n \u00e9lem az utat, \u00e9s ez nem vacsi vagy \u00fccsi form\u00e1j\u00e1ban nyilv\u00e1nul meg. Nekem is vannak h\u00e1g\u00f3im, hegyeim, emelked\u0151im, de vannak kocsm\u00e1k, emberek, \u00e9rzelmek, zen\u00e9k, bar\u00e1ts\u00e1gok, mert igaz\u00e1n \u00edgy teljes a k\u00e9p.<\/p>\n<p>Ha nem vagyok \u00faton, akkor is \u00faton vagyok, mert a blues \u00e9s az \u00fat eggy\u00e9 forrt bennem.<\/p>\n<p>Akkor v\u00e1gjunk bele!<\/p>\n<p>Aki nem \u00e9rzi a bluest, az igaz\u00e1n utazni sem tud, \u0151k a turist\u00e1k!<\/p>\n<p>\u201eEngem csak az \u0151r\u00fcltek \u00e9rdekelnek: azok, akik \u0151r\u00fclten szeretnek \u00e9lni, \u00e9s \u0151r\u00fclt\u00fcl szeretnek besz\u00e9lni, akik s\u00f3v\u00e1rognak a megv\u00e1lt\u00e1s ut\u00e1n, \u00e9s mindent egyszerre akarnak: akik soha nem \u00e1s\u00edtoznak \u00e9s nem mondanak k\u00f6zhelyeket, hanem egyre \u00e9gnek, \u00e9gnek, mint a mesesz\u00e9p, s\u00e1rga pet\u00e1rda, amely robban\u00e1skor ezernyi szikr\u00e1t sz\u00f3r az \u00e9gre, \u00e9s k\u00e9k pont ragyog a k\u00f6zep\u00e9n, azt\u00e1n az is sz\u00e9tpukkan, s az emberek elragadtatva ki\u00e1ltanak fel.\u201d Jack Kerouac<\/p><\/blockquote>\n<div class=\"fcbkbttn_buttons_block\" id=\"fcbkbttn_left\"><div class=\"fcbkbttn_like \"><fb:like href=\"https:\/\/blog.justhvk.hu\/blog\/reszlet-az-uj-lena-konyvbol-4\/\" action=\"like\" colorscheme=\"light\" layout=\"button_count\"  size=\"small\"><\/fb:like><\/div><div class=\"fb-share-button  \" data-href=\"https:\/\/blog.justhvk.hu\/blog\/reszlet-az-uj-lena-konyvbol-4\/\" data-type=\"button_count\" data-size=\"small\"><\/div><\/div>","protected":false},"excerpt":{"rendered":"<p>Becs\u00fclj\u00e9tek meg ezt a bejegyz\u00e9st dr\u00e1ga blogolvas\u00f3k, hiszen t\u00f6bb r\u00e9szletet m\u00e1r nem k\u00f6zl\u00fcnk L\u00e9n\u00e1rt L\u00e9na Ferenc szeptemberben megjelen\u0151 k\u00f6nyv\u00e9b\u0151l, melynek c\u00edme Az \u00fatt\u00f6r\u0151t\u00e1bort\u00f3l a pekingi kacs\u00e1ig (illetve lesz m\u00e9g valami, de az m\u00e1r nem L\u00e9n\u00e1t\u00f3l, am\u00fagy is meglepet\u00e9s, na, \u00edgy pontos). Ez\u00fattal t\u00e9nyleg nincs mit hozz\u00e1f\u0171zn\u00f6m L\u00e9na soraihoz, amelyek t\u00f6rt\u00e9netesen a k\u00f6nyv el\u0151szav\u00e1t teszik ki. [&hellip;]<\/p>\n","protected":false},"author":5,"featured_media":0,"comment_status":"open","ping_status":"open","sticky":false,"template":"","format":"standard","meta":{"episode_type":"","audio_file":"","cover_image":"","cover_image_id":"","duration":"","filesize":"","date_recorded":"","explicit":"","block":"","filesize_raw":"","ngg_post_thumbnail":0,"footnotes":""},"categories":[135,282,283,352,353],"tags":[],"class_list":["post-1699","post","type-post","status-publish","format-standard","hentry","category-exkluziv","category-konyvbemutato","category-konyvekrol-mondjuk","category-lena","category-lenart-lena-ferenc"],"_links":{"self":[{"href":"https:\/\/blog.justhvk.hu\/blog\/wp-json\/wp\/v2\/posts\/1699","targetHints":{"allow":["GET"]}}],"collection":[{"href":"https:\/\/blog.justhvk.hu\/blog\/wp-json\/wp\/v2\/posts"}],"about":[{"href":"https:\/\/blog.justhvk.hu\/blog\/wp-json\/wp\/v2\/types\/post"}],"author":[{"embeddable":true,"href":"https:\/\/blog.justhvk.hu\/blog\/wp-json\/wp\/v2\/users\/5"}],"replies":[{"embeddable":true,"href":"https:\/\/blog.justhvk.hu\/blog\/wp-json\/wp\/v2\/comments?post=1699"}],"version-history":[{"count":0,"href":"https:\/\/blog.justhvk.hu\/blog\/wp-json\/wp\/v2\/posts\/1699\/revisions"}],"wp:attachment":[{"href":"https:\/\/blog.justhvk.hu\/blog\/wp-json\/wp\/v2\/media?parent=1699"}],"wp:term":[{"taxonomy":"category","embeddable":true,"href":"https:\/\/blog.justhvk.hu\/blog\/wp-json\/wp\/v2\/categories?post=1699"},{"taxonomy":"post_tag","embeddable":true,"href":"https:\/\/blog.justhvk.hu\/blog\/wp-json\/wp\/v2\/tags?post=1699"}],"curies":[{"name":"wp","href":"https:\/\/api.w.org\/{rel}","templated":true}]}}