{"id":17151,"date":"2020-07-06T10:04:08","date_gmt":"2020-07-06T10:04:08","guid":{"rendered":"https:\/\/blog.justhvk.hu\/blog\/?p=17151"},"modified":"2020-07-29T06:42:17","modified_gmt":"2020-07-29T06:42:17","slug":"az-oroshazi-jazzklub-tortenete","status":"publish","type":"post","link":"https:\/\/blog.justhvk.hu\/blog\/az-oroshazi-jazzklub-tortenete\/","title":{"rendered":"Az orosh\u00e1zi Jazzklub t\u00f6rt\u00e9nete"},"content":{"rendered":"<p style=\"text-align: justify;\">A koronav\u00edrus miatti k\u00e9nyszer\u0171 z\u00e1rvatart\u00e1st igyekezt\u00fcnk a leghasznosabb m\u00f3don kihaszn\u00e1lni, karant\u00e9nos tev\u00e9kenys\u00e9g\u00fcnket a <a href=\"https:\/\/mke.info.hu\/konyvtarvilag\/2020\/07\/bezarastol-ujranyitasig-az-oroshazi-konyvtarban\/6533\/\">K\u00f6nyvt\u00e1rvil\u00e1g magazin legfrissebb sz\u00e1m\u00e1ban<\/a> foglaltuk \u00f6ssze. A sok-sok elv\u00e9gzett munka k\u00f6z\u00fcl most zenei k\u00f6nyvt\u00e1ros munkat\u00e1rsunk, <strong>T\u00f6rk\u00f6ly J\u00f3zsef<\/strong> \u00faj helyt\u00f6rt\u00e9neti kiadv\u00e1ny\u00e1t szeretn\u00e9nk a figyelmetekbe aj\u00e1nlani.\u00a0<strong>Az orosh\u00e1zi Jazzklub t\u00f6rt\u00e9nete<\/strong>\u00a0ugyanis elk\u00e9sz\u00fclt, \u00e9s m\u00e1t\u00f3l let\u00f6lthet\u0151 a <a href=\"https:\/\/blog.justhvk.hu\/blog\/wp-content\/uploads\/2020\/07\/Torkoly_Jozsef_Az_oroshazi_jazzklub_tortenete_2020.pdf\">honlapunkr\u00f3l<\/a>.<\/p>\n<p style=\"text-align: justify;\">\u00cdzel\u00edt\u0151\u00fcl olvass\u00e1tok el a kiadv\u00e1ny Bevezet\u0151j\u00e9t:<\/p>\n<blockquote>\n<p style=\"text-align: justify;\">2019. december 21-\u00e9n els\u0151 koncertj\u00e9t adta a Medica pressz\u00f3ban egy \u00faj orosh\u00e1zi form\u00e1ci\u00f3 a Jazz Man. A nev\u00e9nek megfelel\u0151en jazzt j\u00e1tssz\u00f3 egy\u00fcttes indul\u00e1sa kis t\u00falz\u00e1ssal m\u00e9rf\u00f6ldk\u0151nek tekinthet\u0151 az orosh\u00e1zi jazz t\u00f6rt\u00e9net\u00e9ben, hiszen az elm\u00falt \u00e9vtizedekb\u0151l nem, vagy alig tal\u00e1lunk olyan helyi zenekart, amely ezt a m\u0171fajt v\u00e1lasztotta volna. A Jazz Man koncertje \u00edgy nem csup\u00e1n egy \u00faj zenei kezdem\u00e9nyez\u00e9s \u00f6r\u00f6mteli esem\u00e9nye, de arra a k\u00e9rd\u00e9sre is r\u00e1ir\u00e1ny\u00edtja a figyelmet, milyen szerepe volt Orosh\u00e1za zenei \u00e9let\u00e9ben a jazznek az elm\u00falt \u00e9vtizedekben, egy\u00e1ltal\u00e1n volt-e b\u00e1rmif\u00e9le hagyom\u00e1nya, kult\u00far\u00e1ja a v\u00e1rosban ennek a m\u0171fajnak. A t\u00e9ma el\u0151zetes \u00e1ttanulm\u00e1nyoz\u00e1s\u00e1t k\u00f6vet\u0151en azt mondhatjuk, a jazz hosszabb id\u0151t\u00e1vot tekintve nem volt igaz\u00e1n jelent\u0151s, \u00e1t\u00fct\u0151 erej\u0171 jelens\u00e9g a v\u00e1rosban. Az 1970-es \u00e9vek m\u00e1sodik fel\u00e9ben azonban a Pet\u0151fi M\u0171vel\u0151d\u00e9si K\u00f6zpont \u00e9gisze alatt megalakult Jazzklubnak siker\u00fclt mintegy f\u00e9l \u00e9vtizedre vir\u00e1gz\u00f3 k\u00f6z\u00f6ss\u00e9gg\u00e9 form\u00e1lnia az orosh\u00e1zi jazzkedvel\u0151k t\u00e1bor\u00e1t.<\/p>\n<\/blockquote>\n<p>&nbsp;<\/p>\n<div class=\"fcbkbttn_buttons_block\" id=\"fcbkbttn_left\"><div class=\"fcbkbttn_like \"><fb:like href=\"https:\/\/blog.justhvk.hu\/blog\/az-oroshazi-jazzklub-tortenete\/\" action=\"like\" colorscheme=\"light\" layout=\"button_count\"  size=\"small\"><\/fb:like><\/div><div class=\"fb-share-button  \" data-href=\"https:\/\/blog.justhvk.hu\/blog\/az-oroshazi-jazzklub-tortenete\/\" data-type=\"button_count\" data-size=\"small\"><\/div><\/div>","protected":false},"excerpt":{"rendered":"<p>A koronav\u00edrus miatti k\u00e9nyszer\u0171 z\u00e1rvatart\u00e1st igyekezt\u00fcnk a leghasznosabb m\u00f3don kihaszn\u00e1lni, karant\u00e9nos tev\u00e9kenys\u00e9g\u00fcnket a K\u00f6nyvt\u00e1rvil\u00e1g magazin legfrissebb sz\u00e1m\u00e1ban foglaltuk \u00f6ssze. A sok-sok elv\u00e9gzett munka k\u00f6z\u00fcl most zenei k\u00f6nyvt\u00e1ros munkat\u00e1rsunk, T\u00f6rk\u00f6ly J\u00f3zsef \u00faj helyt\u00f6rt\u00e9neti kiadv\u00e1ny\u00e1t szeretn\u00e9nk a figyelmetekbe aj\u00e1nlani.\u00a0Az orosh\u00e1zi Jazzklub t\u00f6rt\u00e9nete\u00a0ugyanis elk\u00e9sz\u00fclt, \u00e9s m\u00e1t\u00f3l let\u00f6lthet\u0151 a honlapunkr\u00f3l. \u00cdzel\u00edt\u0151\u00fcl olvass\u00e1tok el a kiadv\u00e1ny Bevezet\u0151j\u00e9t: 2019. december 21-\u00e9n [&hellip;]<\/p>\n","protected":false},"author":5,"featured_media":17152,"comment_status":"open","ping_status":"open","sticky":false,"template":"","format":"standard","meta":{"episode_type":"","audio_file":"","cover_image":"","cover_image_id":"","duration":"","filesize":"","date_recorded":"","explicit":"","block":"","filesize_raw":"","ngg_post_thumbnail":0,"footnotes":""},"categories":[213,948,255,452,597,658],"tags":[],"class_list":["post-17151","post","type-post","status-publish","format-standard","has-post-thumbnail","hentry","category-helytortenet","category-jazz","category-justh-zsigmond-varosi-konyvtar","category-oroshaza","category-torkoly-jozsef","category-zenei-elet"],"_links":{"self":[{"href":"https:\/\/blog.justhvk.hu\/blog\/wp-json\/wp\/v2\/posts\/17151","targetHints":{"allow":["GET"]}}],"collection":[{"href":"https:\/\/blog.justhvk.hu\/blog\/wp-json\/wp\/v2\/posts"}],"about":[{"href":"https:\/\/blog.justhvk.hu\/blog\/wp-json\/wp\/v2\/types\/post"}],"author":[{"embeddable":true,"href":"https:\/\/blog.justhvk.hu\/blog\/wp-json\/wp\/v2\/users\/5"}],"replies":[{"embeddable":true,"href":"https:\/\/blog.justhvk.hu\/blog\/wp-json\/wp\/v2\/comments?post=17151"}],"version-history":[{"count":10,"href":"https:\/\/blog.justhvk.hu\/blog\/wp-json\/wp\/v2\/posts\/17151\/revisions"}],"predecessor-version":[{"id":17217,"href":"https:\/\/blog.justhvk.hu\/blog\/wp-json\/wp\/v2\/posts\/17151\/revisions\/17217"}],"wp:featuredmedia":[{"embeddable":true,"href":"https:\/\/blog.justhvk.hu\/blog\/wp-json\/wp\/v2\/media\/17152"}],"wp:attachment":[{"href":"https:\/\/blog.justhvk.hu\/blog\/wp-json\/wp\/v2\/media?parent=17151"}],"wp:term":[{"taxonomy":"category","embeddable":true,"href":"https:\/\/blog.justhvk.hu\/blog\/wp-json\/wp\/v2\/categories?post=17151"},{"taxonomy":"post_tag","embeddable":true,"href":"https:\/\/blog.justhvk.hu\/blog\/wp-json\/wp\/v2\/tags?post=17151"}],"curies":[{"name":"wp","href":"https:\/\/api.w.org\/{rel}","templated":true}]}}