{"id":17253,"date":"2020-09-01T06:12:32","date_gmt":"2020-09-01T06:12:32","guid":{"rendered":"https:\/\/blog.justhvk.hu\/blog\/?p=17253"},"modified":"2020-09-01T06:12:32","modified_gmt":"2020-09-01T06:12:32","slug":"rolunk-irtak-355","status":"publish","type":"post","link":"https:\/\/blog.justhvk.hu\/blog\/rolunk-irtak-355\/","title":{"rendered":"R\u00f3lunk \u00edrt\u00e1k"},"content":{"rendered":"<p>2020. augusztusi cikkek, tud\u00f3s\u00edt\u00e1sok r\u00f3lunk! <span style=\"color: #ffffff;\">M\u00e1r csak egy kattint\u00e1s&#8230; klikkelj a c\u00edmre!<!--more--><\/span><\/p>\n<ul>\n<li>Pap\u00edrb\u00f3l alkottak koszor\u00fakat \/ Cs. I. [Csete Ilona]. &#8211; In. B\u00e9k\u00e9s Megyei H\u00edrlap, 75. \u00e9vf., 181. sz. (2020. augusztus 4.). &#8211; p. 5.<\/li>\n<li>Hivatalosan is Csal\u00e1dbar\u00e1t hely lett a k\u00f6nyvt\u00e1r \/ Cs\u00e1nyi J\u00f3zsef. &#8211; In. OrosCaf\u00e9 (2020. augusztus 4.) [<a href=\"https:\/\/oroscafe.hu\/2020\/08\/04\/oroshaza-varosi-konyvtar-csaladbarat-hely-lett-a-konyvtar\/\">https:\/\/oroscafe.hu\/2020\/08\/04\/oroshaza-varosi-konyvtar-csaladbarat-hely-lett-a-konyvtar\/<\/a>]<\/li>\n<li>K\u00fcl\u00f6nb\u00f6z\u0151 alapanyagokb\u00f3l k\u00e9sz\u00edtenek aj\u00e1nd\u00e9kt\u00e1rgyakat a ny\u00e1ri j\u00e1tsz\u00f3h\u00e1zban \/ Bojtor Zal\u00e1n. &#8211; In. OrosCaf\u00e9 (2020. augusztus 4.) [<a href=\"https:\/\/oroscafe.hu\/2020\/08\/04\/oroshazi-gyermekkonyvtar-nyari-jatszohaz-programja\/\">https:\/\/oroscafe.hu\/2020\/08\/04\/oroshazi-gyermekkonyvtar-nyari-jatszohaz-programja\/<\/a>]<\/li>\n<li>Pap\u00edrb\u00f3l alkottak koszor\u00fakat Orosh\u00e1z\u00e1n \/ Cs. I. [Csete Ilona]. &#8211; In. Beol.hu (2020. augusztus 4.) [<a href=\"https:\/\/www.beol.hu\/kozelet\/helyi-kozelet\/papirbol-alkottak-koszorukat-oroshazan-2946239\/\">https:\/\/www.beol.hu\/kozelet\/helyi-kozelet\/papirbol-alkottak-koszorukat-oroshazan-2946239\/<\/a>]<\/li>\n<li>Megyei programaj\u00e1nl\u00f3. \u2013 In. B\u00e9k\u00e9s Megyei H\u00edrlap, 75. \u00e9vf., 184. sz. (2020. augusztus 7.). \u2013 p. 5.<\/li>\n<li>Ny\u00e1ri j\u00e1tsz\u00f3h\u00e1z \/ BZ [Bojtor Zal\u00e1n]. \u2013 In. Orosh\u00e1zi \u00c9let, 23. \u00e9vf., 31. sz. (2020. augusztus 7.). \u2013 p. 1. [<a href=\"https:\/\/issuu.com\/oroscafe\/docs\/oroshazielet_20200807\">https:\/\/issuu.com\/oroscafe\/docs\/oroshazielet_20200807<\/a>]<\/li>\n<li>Ezek a megyei programok v\u00e1rnak r\u00e1nk a napokban \/ P. G. &#8211; In. Beol.hu (2020. augusztus 7.) [<a href=\"https:\/\/www.beol.hu\/kozelet\/helyi-kozelet\/ezek-a-megyei-programok-varnak-rank-a-napokban-2952497\/\">https:\/\/www.beol.hu\/kozelet\/helyi-kozelet\/ezek-a-megyei-programok-varnak-rank-a-napokban-2952497\/<\/a>]<\/li>\n<li>Apa \u00e9s fia egy zenekarban \/\u00a0Bogd\u00e1nffy-Sz\u0151ke Anett. &#8211; In. OrosCaf\u00e9 (2020. augusztus 8.) [<a href=\"https:\/\/oroscafe.hu\/2020\/08\/08\/apa-es-fia-egy-zenekarban\/\">https:\/\/oroscafe.hu\/2020\/08\/08\/apa-es-fia-egy-zenekarban\/<\/a>]<\/li>\n<li>Csal\u00e1dbar\u00e1t k\u00f6nyvt\u00e1r : a helysz\u00edni ellen\u0151rz\u00e9s sor\u00e1n is j\u00f3l teljes\u00edtettek \/ Cs. I. [Csete Ilona]. \u2013 In. B\u00e9k\u00e9s Megyei H\u00edrlap, 75. \u00e9vf., 186. sz. (2020. augusztus 10.). \u2013 p. 2.<\/li>\n<li>\u00d3zongener\u00e1torra is nyertek forr\u00e1st \/ Cs. I. [Csete Ilona]. \u2013 In. B\u00e9k\u00e9s Megyei H\u00edrlap, 75. \u00e9vf., 186. sz. (2020. augusztus 10.). \u2013 p. 4.<\/li>\n<li>Csal\u00e1dbar\u00e1t tan\u00fas\u00edtv\u00e1nyt kapott az orosh\u00e1zi k\u00f6nyvt\u00e1r \/\u00a0Cs. I. [Csete Ilona]. \u2013 In. Beol.hu (2020. augusztus 12.) [<a href=\"https:\/\/www.beol.hu\/kozelet\/helyi-kozelet\/csaladbarat-tanusitvanyt-kapott-az-oroshazi-konyvtar-2963723\/\">https:\/\/www.beol.hu\/kozelet\/helyi-kozelet\/csaladbarat-tanusitvanyt-kapott-az-oroshazi-konyvtar-2963723\/<\/a>]<\/li>\n<li>Kultur\u00e1lis Kapcsolatok Egyes\u00fclete \u2013 m\u00e1r DVD-n \/ Cs\u00e1nyi J\u00f3zsef. &#8211; In. OrosCaf\u00e9 (2020. augusztus 12.) [<a href=\"https:\/\/oroscafe.hu\/2020\/08\/12\/oroshaza-varosi-konyvtar-digitalizalas-kulturali-kapcsolatok-egyesulete\/]\">https:\/\/oroscafe.hu\/2020\/08\/12\/oroshaza-varosi-konyvtar-digitalizalas-kulturali-kapcsolatok-egyesulete\/]<\/a><\/li>\n<li>B\u00e9k\u00e9s megyei programaj\u00e1nl\u00f3. \u2013 In. B\u00e9k\u00e9s Megyei H\u00edrlap, 75. \u00e9vf., 190. sz. (2020. augusztus 14.). \u2013 p. 5.<\/li>\n<li>Apa \u00e9s fia egy zenekarban \/\u00a0Bogd\u00e1nffy-Sz\u0151ke Anett. &#8211; In.\u00a0Orosh\u00e1zi \u00c9let, 23. \u00e9vf., 32. sz. (2020. augusztus 14.). \u2013 p. 8. [<a href=\"https:\/\/issuu.com\/oroscafe\/docs\/oroshazielet_20200814\">https:\/\/issuu.com\/oroscafe\/docs\/oroshazielet_20200814<\/a>]<\/li>\n<li>Ezeken a megyei programokon vehet r\u00e9szt a napokban. &#8211; In. Beol.hu (2020. augusztus 14.) [<a href=\"https:\/\/www.beol.hu\/kozelet\/helyi-kozelet\/ezeken-a-megyei-programokon-vehet-reszt-a-napokban-15-2967776\/\">https:\/\/www.beol.hu\/kozelet\/helyi-kozelet\/ezeken-a-megyei-programokon-vehet-reszt-a-napokban-15-2967776\/<\/a>]<\/li>\n<li>M\u00e1lyvapolcot avattak fel \/\u00a0Cs. I. [Csete Ilona]. \u2013 In. B\u00e9k\u00e9s Megyei H\u00edrlap, 75. \u00e9vf., 191. sz. (2020. augusztus 15.). \u2013 p. 4.<\/li>\n<li>Vil\u00e1gm\u00e9ret\u0171 kamp\u00e1ny r\u00e9sze Orosh\u00e1za \/ Cs\u00e1nyi J\u00f3zsef. &#8211; In. OrosCaf\u00e9 (2020. augusztus 15.) [<a href=\"https:\/\/oroscafe.hu\/2020\/08\/15\/vilagmeretu-kampany-resze-oroshaza\/\">https:\/\/oroscafe.hu\/2020\/08\/15\/vilagmeretu-kampany-resze-oroshaza\/<\/a>]<\/li>\n<li>Plexifalakat vesz a v\u00e1rosi k\u00f6nyvt\u00e1r \/\u00a0Cs. I. [Csete Ilona]. \u2013 In. B\u00e9k\u00e9s Megyei H\u00edrlap, 75. \u00e9vf., 192. sz. (2020. augusztus 17.). \u2013 p. 4.<\/li>\n<li>M\u00e1lyva Polc avat\u00f3 \/ CSJ [Cs\u00e1nyi J\u00f3zsef]. &#8211; In.\u00a0Orosh\u00e1zi \u00c9let, 23. \u00e9vf., 33. sz. (2020. augusztus 19.). \u2013 p. 2. [<a href=\"https:\/\/issuu.com\/oroscafe\/docs\/oroshazielet_20200819\">https:\/\/issuu.com\/oroscafe\/docs\/oroshazielet_20200819<\/a>]<\/li>\n<li>\u00c1tadt\u00e1k a v\u00e1rosi kit\u00fcntet\u00e9seket Orosh\u00e1z\u00e1n \/ Cs. I. [Csete Ilona]. In. Beol.hu (2020. augusztus 20.) [<a href=\"https:\/\/www.beol.hu\/kozelet\/helyi-kozelet\/atadtak-a-varosi-kitunteteseket-oroshazan-2635821\/\">https:\/\/www.beol.hu\/kozelet\/helyi-kozelet\/atadtak-a-varosi-kitunteteseket-oroshazan-2635821\/<\/a>]<\/li>\n<li>Er\u0151n fel\u00fcl, al\u00e1zattal : augusztus 20-\u00e1n adt\u00e1k \u00e1t a v\u00e1rosi elismer\u00e9seket \/ Bojtor Zal\u00e1n. &#8211; In. OrosCaf\u00e9 (2020. augusztus 20.) [<a href=\"https:\/\/oroscafe.hu\/2020\/08\/20\/oroshazi-varosi-elismeresek-atadasa-augusztus20-evangelikus-templomban\/\">https:\/\/oroscafe.hu\/2020\/08\/20\/oroshazi-varosi-elismeresek-atadasa-augusztus20-evangelikus-templomban\/<\/a>]<\/li>\n<li>J\u00f3l meg\u00e9rdemelt elismer\u00e9sek : az \u00e9let k\u00fcl\u00f6nb\u00f6z\u0151 ter\u00fcleteir\u0151l \u00e9rkeztek, de egy tulajdons\u00e1guk k\u00f6z\u00f6s \/\u00a0Bogd\u00e1nffy-Sz\u0151ke Anett. &#8211; In.\u00a0Orosh\u00e1zi \u00c9let, 23. \u00e9vf., 34. sz. (2020. augusztus 28.). \u2013 p. 1., 3. [<a href=\"https:\/\/issuu.com\/oroscafe\/docs\/oroshazielet_20200828\">https:\/\/issuu.com\/oroscafe\/docs\/oroshazielet_20200828<\/a>]<\/li>\n<\/ul>\n<div class=\"fcbkbttn_buttons_block\" id=\"fcbkbttn_left\"><div class=\"fcbkbttn_like \"><fb:like href=\"https:\/\/blog.justhvk.hu\/blog\/rolunk-irtak-355\/\" action=\"like\" colorscheme=\"light\" layout=\"button_count\"  size=\"small\"><\/fb:like><\/div><div class=\"fb-share-button  \" data-href=\"https:\/\/blog.justhvk.hu\/blog\/rolunk-irtak-355\/\" data-type=\"button_count\" data-size=\"small\"><\/div><\/div>","protected":false},"excerpt":{"rendered":"<p>2020. augusztusi cikkek, tud\u00f3s\u00edt\u00e1sok r\u00f3lunk! M\u00e1r csak egy kattint\u00e1s&#8230; klikkelj a c\u00edmre!<\/p>\n","protected":false},"author":5,"featured_media":0,"comment_status":"open","ping_status":"open","sticky":false,"template":"","format":"standard","meta":{"episode_type":"","audio_file":"","cover_image":"","cover_image_id":"","duration":"","filesize":"","date_recorded":"","explicit":"","block":"","filesize_raw":"","ngg_post_thumbnail":0,"footnotes":""},"categories":[951,110,186,244,255,328,701,949,427,452,909,486,493,503,515,528,597,642,660],"tags":[],"class_list":["post-17253","post","type-post","status-publish","format-standard","hentry","category-csaladbarat-szolgaltato-hely","category-digitalizalas","category-gyermekkonyvtar","category-jatszohaz","category-justh-zsigmond-varosi-konyvtar","category-kituntetesek","category-kulturalis-kapcsolatok-egyesulete","category-malyvapolc","category-nyar","category-oroshaza","category-oroshaza-kozszolgalataert-dij","category-palyazatok","category-petrovszki-maria","category-programajanlo","category-rolunk_irtak","category-sajtofigyeles","category-torkoly-jozsef","category-video","category-zenei-konyvtar"],"_links":{"self":[{"href":"https:\/\/blog.justhvk.hu\/blog\/wp-json\/wp\/v2\/posts\/17253","targetHints":{"allow":["GET"]}}],"collection":[{"href":"https:\/\/blog.justhvk.hu\/blog\/wp-json\/wp\/v2\/posts"}],"about":[{"href":"https:\/\/blog.justhvk.hu\/blog\/wp-json\/wp\/v2\/types\/post"}],"author":[{"embeddable":true,"href":"https:\/\/blog.justhvk.hu\/blog\/wp-json\/wp\/v2\/users\/5"}],"replies":[{"embeddable":true,"href":"https:\/\/blog.justhvk.hu\/blog\/wp-json\/wp\/v2\/comments?post=17253"}],"version-history":[{"count":21,"href":"https:\/\/blog.justhvk.hu\/blog\/wp-json\/wp\/v2\/posts\/17253\/revisions"}],"predecessor-version":[{"id":17342,"href":"https:\/\/blog.justhvk.hu\/blog\/wp-json\/wp\/v2\/posts\/17253\/revisions\/17342"}],"wp:attachment":[{"href":"https:\/\/blog.justhvk.hu\/blog\/wp-json\/wp\/v2\/media?parent=17253"}],"wp:term":[{"taxonomy":"category","embeddable":true,"href":"https:\/\/blog.justhvk.hu\/blog\/wp-json\/wp\/v2\/categories?post=17253"},{"taxonomy":"post_tag","embeddable":true,"href":"https:\/\/blog.justhvk.hu\/blog\/wp-json\/wp\/v2\/tags?post=17253"}],"curies":[{"name":"wp","href":"https:\/\/api.w.org\/{rel}","templated":true}]}}