{"id":17592,"date":"2020-11-04T07:37:44","date_gmt":"2020-11-04T07:37:44","guid":{"rendered":"https:\/\/blog.justhvk.hu\/blog\/?p=17592"},"modified":"2020-11-09T10:50:25","modified_gmt":"2020-11-09T10:50:25","slug":"szin-es-stilustanacsadas-dubovecz-edinaval","status":"publish","type":"post","link":"https:\/\/blog.justhvk.hu\/blog\/szin-es-stilustanacsadas-dubovecz-edinaval\/","title":{"rendered":"ELMARAD! &#8211; Sz\u00edn \u00e9s st\u00edlustan\u00e1csad\u00e1s Dubovecz Edin\u00e1val"},"content":{"rendered":"<p><strong>A rendezv\u00e9ny a j\u00e1rv\u00e1nyhelyzet miatt elmarad, k\u00e9rj\u00fck sz\u00edves meg\u00e9rt\u00e9s\u00fcket!<\/strong><\/p>\n<p><span style=\"color: #808080;\">Az Orosh\u00e1zi M\u00e1lyvavir\u00e1g Pont \u00e9s Justh Zsigmond V\u00e1rosi K\u00f6nyvt\u00e1r szervez\u00e9s\u00e9ben:<\/span><\/p>\n<p><span style=\"color: #808080;\"><strong>Sz\u00edn \u00e9s st\u00edlustan\u00e1csad\u00e1s Dubovecz Edin\u00e1val<\/strong><\/span><\/p>\n<p><span style=\"color: #808080;\">El\u0151ad\u00e1s n\u0151k\u00e9rt n\u0151knek: a harmonikus megjelen\u00e9s titka 5 l\u00e9p\u00e9sben.<\/span><\/p>\n<p><span style=\"color: #808080;\">Helysz\u00edn: <strong>Justh Zsigmond V\u00e1rosi K\u00f6nyvt\u00e1r<\/strong><\/span><\/p>\n<p><span style=\"color: #808080;\">Id\u0151pont: <strong>2020. november 20., p\u00e9ntek, 16 \u00f3ra<\/strong><\/span><\/p>\n<p><span style=\"color: #808080;\">A bel\u00e9p\u00e9s ingyenes.<\/span><\/p>\n<p><span style=\"color: #808080;\">A maszk \u00e9s k\u00e9zfert\u0151tlen\u00edt\u0151 haszn\u00e1lata k\u00f6telez\u0151. A rendezv\u00e9nyen f\u00e9nyk\u00e9p-, hang- \u00e9s videofelv\u00e9telek k\u00e9sz\u00fclnek, melyek r\u00e9szben vagy eg\u00e9szben nyilv\u00e1noss\u00e1gra ker\u00fclnek. A szervez\u0151k a v\u00e1ltoztat\u00e1s jog\u00e1t fenntartj\u00e1k.<\/span><\/p>\n<p><span style=\"color: #808080;\"><a style=\"color: #808080;\" href=\"https:\/\/www.facebook.com\/events\/696889111204687\">Facebook-esem\u00e9ny &gt;&gt;<\/a><\/span><\/p>\n<p><span style=\"color: #808080;\"><a style=\"color: #808080;\" href=\"https:\/\/calendar.google.com\/event?action=TEMPLATE&amp;tmeid=NnBqNjJkcjI2MHMzNGI5aGNrbzNjYjlrNzRwMzRiYjE3NG8zMGJiNGM5aGppcDMyYzhwM2dwYjY3NCBqdXN0aHZrQG0&amp;tmsrc=justhvk%40gmail.com\" target=\"_blank\" rel=\"noopener\"><img decoding=\"async\" src=\"https:\/\/www.google.com\/calendar\/images\/ext\/gc_button1_hu.gif\" border=\"0\" \/><\/a><\/span><\/p>\n<div class=\"fcbkbttn_buttons_block\" id=\"fcbkbttn_left\"><div class=\"fcbkbttn_like \"><fb:like href=\"https:\/\/blog.justhvk.hu\/blog\/szin-es-stilustanacsadas-dubovecz-edinaval\/\" action=\"like\" colorscheme=\"light\" layout=\"button_count\"  size=\"small\"><\/fb:like><\/div><div class=\"fb-share-button  \" data-href=\"https:\/\/blog.justhvk.hu\/blog\/szin-es-stilustanacsadas-dubovecz-edinaval\/\" data-type=\"button_count\" data-size=\"small\"><\/div><\/div>","protected":false},"excerpt":{"rendered":"<p>A rendezv\u00e9ny a j\u00e1rv\u00e1nyhelyzet miatt elmarad, k\u00e9rj\u00fck sz\u00edves meg\u00e9rt\u00e9s\u00fcket! Az Orosh\u00e1zi M\u00e1lyvavir\u00e1g Pont \u00e9s Justh Zsigmond V\u00e1rosi K\u00f6nyvt\u00e1r szervez\u00e9s\u00e9ben: Sz\u00edn \u00e9s st\u00edlustan\u00e1csad\u00e1s Dubovecz Edin\u00e1val El\u0151ad\u00e1s n\u0151k\u00e9rt n\u0151knek: a harmonikus megjelen\u00e9s titka 5 l\u00e9p\u00e9sben. Helysz\u00edn: Justh Zsigmond V\u00e1rosi K\u00f6nyvt\u00e1r Id\u0151pont: 2020. november 20., p\u00e9ntek, 16 \u00f3ra A bel\u00e9p\u00e9s ingyenes. A maszk \u00e9s k\u00e9zfert\u0151tlen\u00edt\u0151 haszn\u00e1lata k\u00f6telez\u0151. A [&hellip;]<\/p>\n","protected":false},"author":5,"featured_media":0,"comment_status":"open","ping_status":"open","sticky":false,"template":"","format":"standard","meta":{"episode_type":"","audio_file":"","cover_image":"","cover_image_id":"","duration":"","filesize":"","date_recorded":"","explicit":"","block":"","filesize_raw":"","ngg_post_thumbnail":0,"footnotes":""},"categories":[960,255,949,452,503],"tags":[],"class_list":["post-17592","post","type-post","status-publish","format-standard","hentry","category-dubovecz-edina","category-justh-zsigmond-varosi-konyvtar","category-malyvapolc","category-oroshaza","category-programajanlo"],"_links":{"self":[{"href":"https:\/\/blog.justhvk.hu\/blog\/wp-json\/wp\/v2\/posts\/17592","targetHints":{"allow":["GET"]}}],"collection":[{"href":"https:\/\/blog.justhvk.hu\/blog\/wp-json\/wp\/v2\/posts"}],"about":[{"href":"https:\/\/blog.justhvk.hu\/blog\/wp-json\/wp\/v2\/types\/post"}],"author":[{"embeddable":true,"href":"https:\/\/blog.justhvk.hu\/blog\/wp-json\/wp\/v2\/users\/5"}],"replies":[{"embeddable":true,"href":"https:\/\/blog.justhvk.hu\/blog\/wp-json\/wp\/v2\/comments?post=17592"}],"version-history":[{"count":2,"href":"https:\/\/blog.justhvk.hu\/blog\/wp-json\/wp\/v2\/posts\/17592\/revisions"}],"predecessor-version":[{"id":17613,"href":"https:\/\/blog.justhvk.hu\/blog\/wp-json\/wp\/v2\/posts\/17592\/revisions\/17613"}],"wp:attachment":[{"href":"https:\/\/blog.justhvk.hu\/blog\/wp-json\/wp\/v2\/media?parent=17592"}],"wp:term":[{"taxonomy":"category","embeddable":true,"href":"https:\/\/blog.justhvk.hu\/blog\/wp-json\/wp\/v2\/categories?post=17592"},{"taxonomy":"post_tag","embeddable":true,"href":"https:\/\/blog.justhvk.hu\/blog\/wp-json\/wp\/v2\/tags?post=17592"}],"curies":[{"name":"wp","href":"https:\/\/api.w.org\/{rel}","templated":true}]}}