{"id":1975,"date":"2009-10-27T11:59:21","date_gmt":"2009-10-27T10:59:21","guid":{"rendered":"http:\/\/blog.justhvk.hu\/?p=1975"},"modified":"2009-10-27T11:59:21","modified_gmt":"2009-10-27T10:59:21","slug":"atado","status":"publish","type":"post","link":"https:\/\/blog.justhvk.hu\/blog\/atado\/","title":{"rendered":"\u00c1tad\u00f3"},"content":{"rendered":"<p>Amint arr\u00f3l m\u00e1r <a href=\"http:\/\/blog.justhvk.hu\/?p=1793\">sz\u00f6vegben<\/a> \u00e9s <a href=\"http:\/\/picasaweb.google.com\/justhvk\/UjButorokErkeztekAGyermekkonyvtarba#\">k\u00e9pekben<\/a> is besz\u00e1moltunk, meg\u00fajult a <a href=\"http:\/\/www.ohkiskonyvtar.extra.hu\/\">gyermekk\u00f6nyvt\u00e1r<\/a>. Ennek \u00f6r\u00f6m\u00e9re<strong> <\/strong>holnap, azaz <strong>okt\u00f3ber 28-\u00e1n d\u00e9lel\u0151tt 10 \u00f3r\u00e1t\u00f3l<\/strong> j\u00e1tsz\u00f3h\u00e1zi foglalkoz\u00e1st szervez\u00fcnk, melyen N\u00e9meth B\u00e9la polg\u00e1rmester \u00far k\u00f6sz\u00f6nti majd a megjelenteket.<\/p>\n<p>Aki teheti, \u00e9s r\u00e1\u00e9r a fenti id\u0151pontban, j\u00f6jj\u00f6n el; osztozzunk egy\u00fctt a gyerekek \u00f6r\u00f6m\u00e9ben!<\/p>\n<div class=\"fcbkbttn_buttons_block\" id=\"fcbkbttn_left\"><div class=\"fcbkbttn_like \"><fb:like href=\"https:\/\/blog.justhvk.hu\/blog\/atado\/\" action=\"like\" colorscheme=\"light\" layout=\"button_count\"  size=\"small\"><\/fb:like><\/div><div class=\"fb-share-button  \" data-href=\"https:\/\/blog.justhvk.hu\/blog\/atado\/\" data-type=\"button_count\" data-size=\"small\"><\/div><\/div>","protected":false},"excerpt":{"rendered":"<p>Amint arr\u00f3l m\u00e1r sz\u00f6vegben \u00e9s k\u00e9pekben is besz\u00e1moltunk, meg\u00fajult a gyermekk\u00f6nyvt\u00e1r. Ennek \u00f6r\u00f6m\u00e9re holnap, azaz okt\u00f3ber 28-\u00e1n d\u00e9lel\u0151tt 10 \u00f3r\u00e1t\u00f3l j\u00e1tsz\u00f3h\u00e1zi foglalkoz\u00e1st szervez\u00fcnk, melyen N\u00e9meth B\u00e9la polg\u00e1rmester \u00far k\u00f6sz\u00f6nti majd a megjelenteket. Aki teheti, \u00e9s r\u00e1\u00e9r a fenti id\u0151pontban, j\u00f6jj\u00f6n el; osztozzunk egy\u00fctt a gyerekek \u00f6r\u00f6m\u00e9ben!<\/p>\n","protected":false},"author":5,"featured_media":0,"comment_status":"open","ping_status":"open","sticky":false,"template":"","format":"standard","meta":{"episode_type":"","audio_file":"","cover_image":"","cover_image_id":"","duration":"","filesize":"","date_recorded":"","explicit":"","block":"","filesize_raw":"","ngg_post_thumbnail":0,"footnotes":""},"categories":[186,255,452],"tags":[799],"class_list":["post-1975","post","type-post","status-publish","format-standard","hentry","category-gyermekkonyvtar","category-justh-zsigmond-varosi-konyvtar","category-oroshaza","tag-justh-zsigmond-varosi-konyvtar"],"_links":{"self":[{"href":"https:\/\/blog.justhvk.hu\/blog\/wp-json\/wp\/v2\/posts\/1975","targetHints":{"allow":["GET"]}}],"collection":[{"href":"https:\/\/blog.justhvk.hu\/blog\/wp-json\/wp\/v2\/posts"}],"about":[{"href":"https:\/\/blog.justhvk.hu\/blog\/wp-json\/wp\/v2\/types\/post"}],"author":[{"embeddable":true,"href":"https:\/\/blog.justhvk.hu\/blog\/wp-json\/wp\/v2\/users\/5"}],"replies":[{"embeddable":true,"href":"https:\/\/blog.justhvk.hu\/blog\/wp-json\/wp\/v2\/comments?post=1975"}],"version-history":[{"count":0,"href":"https:\/\/blog.justhvk.hu\/blog\/wp-json\/wp\/v2\/posts\/1975\/revisions"}],"wp:attachment":[{"href":"https:\/\/blog.justhvk.hu\/blog\/wp-json\/wp\/v2\/media?parent=1975"}],"wp:term":[{"taxonomy":"category","embeddable":true,"href":"https:\/\/blog.justhvk.hu\/blog\/wp-json\/wp\/v2\/categories?post=1975"},{"taxonomy":"post_tag","embeddable":true,"href":"https:\/\/blog.justhvk.hu\/blog\/wp-json\/wp\/v2\/tags?post=1975"}],"curies":[{"name":"wp","href":"https:\/\/api.w.org\/{rel}","templated":true}]}}