{"id":199,"date":"2007-06-04T18:29:04","date_gmt":"2007-06-04T17:29:04","guid":{"rendered":"http:\/\/blog.justhvk.hu\/?p=199"},"modified":"2007-06-04T18:29:04","modified_gmt":"2007-06-04T17:29:04","slug":"hir6","status":"publish","type":"post","link":"https:\/\/blog.justhvk.hu\/blog\/hir6\/","title":{"rendered":"h\u00edr6"},"content":{"rendered":"<p>\u00daj online megyei \u00fajs\u00e1g l\u00e9pett a nyilv\u00e1noss\u00e1g el\u00e9 ma. A <a title=\"h\u00edr6\" href=\"http:\/\/hir6.hu\/?PageID=1\">h\u00edr6.hu<\/a> legjobb tudom\u00e1som szerint a sok \u00e9vvel ezel\u0151tt megsz\u0171nt B\u00e9k\u00e9s Megyei Nap kollekt\u00edv\u00e1j\u00e1ra \u00e9p\u00edt, b\u00e1r erre vonatkoz\u00f3 konkr\u00e9t inform\u00e1ci\u00f3t nem l\u00e1ttam a honlapon. Mint h\u00edrolvas\u00f3 kifejezetten \u00f6r\u00fcl\u00f6k az \u00fajabb sz\u00ednfoltnak, b\u00e1r a lap t\u00fal\u00e9l\u00e9si es\u00e9lyeit illet\u0151en\u00a0 vannak k\u00e9ts\u00e9geim. F\u0151\u00e1ll\u00e1s\u00fa \u00fajs\u00e1g\u00edr\u00f3kat alkalmazni nem kis k\u00f6lts\u00e9get jelenthet, plusz ott motoszk\u00e1l bennem a k\u00e9rd\u00e9s, vajon van-e ig\u00e9ny egy \u00fajabb megyei h\u00edroldalra. A dolog ann\u00e1l ink\u00e1bb \u00e9rdekes lehet, mert h\u00f3napok \u00f3ta hallok egy elk\u00e9pzel\u00e9sr\u0151l, mely egy orosh\u00e1zi online \u00fajs\u00e1g l\u00e9trehoz\u00e1s\u00e1r\u00f3l sz\u00f3l. Arra vajon lenne ig\u00e9ny?<\/p>\n<div class=\"fcbkbttn_buttons_block\" id=\"fcbkbttn_left\"><div class=\"fcbkbttn_like \"><fb:like href=\"https:\/\/blog.justhvk.hu\/blog\/hir6\/\" action=\"like\" colorscheme=\"light\" layout=\"button_count\"  size=\"small\"><\/fb:like><\/div><div class=\"fb-share-button  \" data-href=\"https:\/\/blog.justhvk.hu\/blog\/hir6\/\" data-type=\"button_count\" data-size=\"small\"><\/div><\/div>","protected":false},"excerpt":{"rendered":"<p>\u00daj online megyei \u00fajs\u00e1g l\u00e9pett a nyilv\u00e1noss\u00e1g el\u00e9 ma. A h\u00edr6.hu legjobb tudom\u00e1som szerint a sok \u00e9vvel ezel\u0151tt megsz\u0171nt B\u00e9k\u00e9s Megyei Nap kollekt\u00edv\u00e1j\u00e1ra \u00e9p\u00edt, b\u00e1r erre vonatkoz\u00f3 konkr\u00e9t inform\u00e1ci\u00f3t nem l\u00e1ttam a honlapon. Mint h\u00edrolvas\u00f3 kifejezetten \u00f6r\u00fcl\u00f6k az \u00fajabb sz\u00ednfoltnak, b\u00e1r a lap t\u00fal\u00e9l\u00e9si es\u00e9lyeit illet\u0151en\u00a0 vannak k\u00e9ts\u00e9geim. F\u0151\u00e1ll\u00e1s\u00fa \u00fajs\u00e1g\u00edr\u00f3kat alkalmazni nem kis k\u00f6lts\u00e9get jelenthet, [&hellip;]<\/p>\n","protected":false},"author":5,"featured_media":0,"comment_status":"open","ping_status":"open","sticky":false,"template":"","format":"standard","meta":{"episode_type":"","audio_file":"","cover_image":"","cover_image_id":"","duration":"","filesize":"","date_recorded":"","explicit":"","block":"","filesize_raw":"","ngg_post_thumbnail":0,"footnotes":""},"categories":[1],"tags":[],"class_list":["post-199","post","type-post","status-publish","format-standard","hentry","category-uncategorized"],"_links":{"self":[{"href":"https:\/\/blog.justhvk.hu\/blog\/wp-json\/wp\/v2\/posts\/199","targetHints":{"allow":["GET"]}}],"collection":[{"href":"https:\/\/blog.justhvk.hu\/blog\/wp-json\/wp\/v2\/posts"}],"about":[{"href":"https:\/\/blog.justhvk.hu\/blog\/wp-json\/wp\/v2\/types\/post"}],"author":[{"embeddable":true,"href":"https:\/\/blog.justhvk.hu\/blog\/wp-json\/wp\/v2\/users\/5"}],"replies":[{"embeddable":true,"href":"https:\/\/blog.justhvk.hu\/blog\/wp-json\/wp\/v2\/comments?post=199"}],"version-history":[{"count":0,"href":"https:\/\/blog.justhvk.hu\/blog\/wp-json\/wp\/v2\/posts\/199\/revisions"}],"wp:attachment":[{"href":"https:\/\/blog.justhvk.hu\/blog\/wp-json\/wp\/v2\/media?parent=199"}],"wp:term":[{"taxonomy":"category","embeddable":true,"href":"https:\/\/blog.justhvk.hu\/blog\/wp-json\/wp\/v2\/categories?post=199"},{"taxonomy":"post_tag","embeddable":true,"href":"https:\/\/blog.justhvk.hu\/blog\/wp-json\/wp\/v2\/tags?post=199"}],"curies":[{"name":"wp","href":"https:\/\/api.w.org\/{rel}","templated":true}]}}