{"id":2023,"date":"2009-10-16T12:22:33","date_gmt":"2009-10-16T11:22:33","guid":{"rendered":"http:\/\/blog.justhvk.hu\/?p=2023"},"modified":"2009-10-16T12:22:33","modified_gmt":"2009-10-16T11:22:33","slug":"friss-elvesztesek-09-10-15","status":"publish","type":"post","link":"https:\/\/blog.justhvk.hu\/blog\/friss-elvesztesek-09-10-15\/","title":{"rendered":"Friss elveszt\u00e9sek (09. 10. 15.)"},"content":{"rendered":"<p><a href=\"http:\/\/konyvtar.hu\/konyv\/8900\">Alex Haley: Csendes \u00e9j<\/a><br \/>\n2009. okt\u00f3ber 15. 21:01<br \/>\nMegtal\u00e1lta: Ront\u00f3 Krisztina<\/p>\n<p><a href=\"http:\/\/konyvtar.hu\/konyv\/39430\">Via: Webszerelem<\/a><br \/>\n2009. okt\u00f3ber 15. 16:23<br \/>\nElvesztette: Via<br \/>\nTelep\u00fcl\u00e9s: Budapest<\/p>\n<p><a href=\"http:\/\/konyvtar.hu\/konyv\/39429\">Bulat Okudzsava: Szeg\u00e9ny Avroszimov<\/a><br \/>\n2009. okt\u00f3ber 15. 15:42<br \/>\nElvesztette: Dud\u00e1s Ildik\u00f3<br \/>\nTelep\u00fcl\u00e9s: Budapest<\/p>\n<p><a href=\"http:\/\/konyvtar.hu\/konyv\/39428\">Stefan Heym: D\u00e1vid kir\u00e1ly kr\u00f3nik\u00e1ja<\/a><br \/>\n2009. okt\u00f3ber 15. 15:39<br \/>\nElvesztette: Dud\u00e1s Ildik\u00f3<br \/>\nTelep\u00fcl\u00e9s: Budapest<\/p>\n<p><a href=\"http:\/\/veszitsel.konyvtar.hu\/\">Vesz\u00edts el egy k\u00f6nyvet!<\/a><\/p>\n<div class=\"fcbkbttn_buttons_block\" id=\"fcbkbttn_left\"><div class=\"fcbkbttn_like \"><fb:like href=\"https:\/\/blog.justhvk.hu\/blog\/friss-elvesztesek-09-10-15\/\" action=\"like\" colorscheme=\"light\" layout=\"button_count\"  size=\"small\"><\/fb:like><\/div><div class=\"fb-share-button  \" data-href=\"https:\/\/blog.justhvk.hu\/blog\/friss-elvesztesek-09-10-15\/\" data-type=\"button_count\" data-size=\"small\"><\/div><\/div>","protected":false},"excerpt":{"rendered":"<p>Alex Haley: Csendes \u00e9j 2009. okt\u00f3ber 15. 21:01 Megtal\u00e1lta: Ront\u00f3 Krisztina Via: Webszerelem 2009. okt\u00f3ber 15. 16:23 Elvesztette: Via Telep\u00fcl\u00e9s: Budapest Bulat Okudzsava: Szeg\u00e9ny Avroszimov 2009. okt\u00f3ber 15. 15:42 Elvesztette: Dud\u00e1s Ildik\u00f3 Telep\u00fcl\u00e9s: Budapest Stefan Heym: D\u00e1vid kir\u00e1ly kr\u00f3nik\u00e1ja 2009. okt\u00f3ber 15. 15:39 Elvesztette: Dud\u00e1s Ildik\u00f3 Telep\u00fcl\u00e9s: Budapest Vesz\u00edts el egy k\u00f6nyvet!<\/p>\n","protected":false},"author":5,"featured_media":0,"comment_status":"open","ping_status":"open","sticky":false,"template":"","format":"standard","meta":{"episode_type":"","audio_file":"","cover_image":"","cover_image_id":"","duration":"","filesize":"","date_recorded":"","explicit":"","block":"","filesize_raw":"","ngg_post_thumbnail":0,"footnotes":""},"categories":[243,640,641],"tags":[],"class_list":["post-2023","post","type-post","status-publish","format-standard","hentry","category-jatek","category-veszits","category-veszits_el_egy_konyvet"],"_links":{"self":[{"href":"https:\/\/blog.justhvk.hu\/blog\/wp-json\/wp\/v2\/posts\/2023","targetHints":{"allow":["GET"]}}],"collection":[{"href":"https:\/\/blog.justhvk.hu\/blog\/wp-json\/wp\/v2\/posts"}],"about":[{"href":"https:\/\/blog.justhvk.hu\/blog\/wp-json\/wp\/v2\/types\/post"}],"author":[{"embeddable":true,"href":"https:\/\/blog.justhvk.hu\/blog\/wp-json\/wp\/v2\/users\/5"}],"replies":[{"embeddable":true,"href":"https:\/\/blog.justhvk.hu\/blog\/wp-json\/wp\/v2\/comments?post=2023"}],"version-history":[{"count":0,"href":"https:\/\/blog.justhvk.hu\/blog\/wp-json\/wp\/v2\/posts\/2023\/revisions"}],"wp:attachment":[{"href":"https:\/\/blog.justhvk.hu\/blog\/wp-json\/wp\/v2\/media?parent=2023"}],"wp:term":[{"taxonomy":"category","embeddable":true,"href":"https:\/\/blog.justhvk.hu\/blog\/wp-json\/wp\/v2\/categories?post=2023"},{"taxonomy":"post_tag","embeddable":true,"href":"https:\/\/blog.justhvk.hu\/blog\/wp-json\/wp\/v2\/tags?post=2023"}],"curies":[{"name":"wp","href":"https:\/\/api.w.org\/{rel}","templated":true}]}}