{"id":2036,"date":"2009-10-28T14:01:39","date_gmt":"2009-10-28T13:01:39","guid":{"rendered":"http:\/\/blog.justhvk.hu\/?p=2036"},"modified":"2009-10-28T14:01:39","modified_gmt":"2009-10-28T13:01:39","slug":"atadtak","status":"publish","type":"post","link":"https:\/\/blog.justhvk.hu\/blog\/atadtak\/","title":{"rendered":"\u00c1tadt\u00e1k"},"content":{"rendered":"<p><a href=\"http:\/\/picasaweb.google.com\/justhvk\/GyermekkonyvtarUjButorainakAtadasa#\"><img loading=\"lazy\" decoding=\"async\" class=\"alignleft size-medium wp-image-2037\" title=\"DSCF0088\" src=\"http:\/\/192.168.10.245\/wp-content\/uploads\/2009\/10\/DSCF0088-300x225.jpg\" alt=\"DSCF0088\" width=\"210\" height=\"157\" \/><\/a>Ma d\u00e9lel\u0151tt N\u00e9meth B\u00e9la polg\u00e1rmester \u00far k\u00f6sz\u00f6nt\u0151j\u00e9vel, majd egy hatalmas j\u00e1tsz\u00f3h\u00e1zzal hivatalosan is birtokba vehett\u00e9k a gyerekek a meg\u00fajult gyermekk\u00f6nyvt\u00e1rat.<\/p>\n<p>A jeles esem\u00e9nyr\u0151l k\u00e9sz\u00fclt fot\u00f3kat <a href=\"http:\/\/picasaweb.google.com\/justhvk\/GyermekkonyvtarUjButorainakAtadasa# \">ide kattintva<\/a> lehet megtekinteni.<\/p>\n<p style=\"text-align: right;\"><a href=\"http:\/\/justhdoit.freeblog.hu\/archives\/2009\/10\/28\/The_Childrens_library_has_been_renovated\/\">In English<\/a><\/p>\n<div class=\"fcbkbttn_buttons_block\" id=\"fcbkbttn_left\"><div class=\"fcbkbttn_like \"><fb:like href=\"https:\/\/blog.justhvk.hu\/blog\/atadtak\/\" action=\"like\" colorscheme=\"light\" layout=\"button_count\"  size=\"small\"><\/fb:like><\/div><div class=\"fb-share-button  \" data-href=\"https:\/\/blog.justhvk.hu\/blog\/atadtak\/\" data-type=\"button_count\" data-size=\"small\"><\/div><\/div>","protected":false},"excerpt":{"rendered":"<p>Ma d\u00e9lel\u0151tt N\u00e9meth B\u00e9la polg\u00e1rmester \u00far k\u00f6sz\u00f6nt\u0151j\u00e9vel, majd egy hatalmas j\u00e1tsz\u00f3h\u00e1zzal hivatalosan is birtokba vehett\u00e9k a gyerekek a meg\u00fajult gyermekk\u00f6nyvt\u00e1rat. A jeles esem\u00e9nyr\u0151l k\u00e9sz\u00fclt fot\u00f3kat ide kattintva lehet megtekinteni. In English<\/p>\n","protected":false},"author":5,"featured_media":0,"comment_status":"open","ping_status":"open","sticky":false,"template":"","format":"standard","meta":{"episode_type":"","audio_file":"","cover_image":"","cover_image_id":"","duration":"","filesize":"","date_recorded":"","explicit":"","block":"","filesize_raw":"","ngg_post_thumbnail":0,"footnotes":""},"categories":[186,255,452],"tags":[799],"class_list":["post-2036","post","type-post","status-publish","format-standard","hentry","category-gyermekkonyvtar","category-justh-zsigmond-varosi-konyvtar","category-oroshaza","tag-justh-zsigmond-varosi-konyvtar"],"_links":{"self":[{"href":"https:\/\/blog.justhvk.hu\/blog\/wp-json\/wp\/v2\/posts\/2036","targetHints":{"allow":["GET"]}}],"collection":[{"href":"https:\/\/blog.justhvk.hu\/blog\/wp-json\/wp\/v2\/posts"}],"about":[{"href":"https:\/\/blog.justhvk.hu\/blog\/wp-json\/wp\/v2\/types\/post"}],"author":[{"embeddable":true,"href":"https:\/\/blog.justhvk.hu\/blog\/wp-json\/wp\/v2\/users\/5"}],"replies":[{"embeddable":true,"href":"https:\/\/blog.justhvk.hu\/blog\/wp-json\/wp\/v2\/comments?post=2036"}],"version-history":[{"count":0,"href":"https:\/\/blog.justhvk.hu\/blog\/wp-json\/wp\/v2\/posts\/2036\/revisions"}],"wp:attachment":[{"href":"https:\/\/blog.justhvk.hu\/blog\/wp-json\/wp\/v2\/media?parent=2036"}],"wp:term":[{"taxonomy":"category","embeddable":true,"href":"https:\/\/blog.justhvk.hu\/blog\/wp-json\/wp\/v2\/categories?post=2036"},{"taxonomy":"post_tag","embeddable":true,"href":"https:\/\/blog.justhvk.hu\/blog\/wp-json\/wp\/v2\/tags?post=2036"}],"curies":[{"name":"wp","href":"https:\/\/api.w.org\/{rel}","templated":true}]}}