{"id":2043,"date":"2009-10-30T10:16:35","date_gmt":"2009-10-30T09:16:35","guid":{"rendered":"http:\/\/blog.justhvk.hu\/?p=2043"},"modified":"2009-10-30T10:16:35","modified_gmt":"2009-10-30T09:16:35","slug":"friss-elvesztesek-09-10-29","status":"publish","type":"post","link":"https:\/\/blog.justhvk.hu\/blog\/friss-elvesztesek-09-10-29\/","title":{"rendered":"Friss elveszt\u00e9sek (09. 10. 29.)"},"content":{"rendered":"<p><a href=\"http:\/\/konyvtar.hu\/konyv\/39481\">Luk\u00e1cs Eszter: Luk\u00e1cs Eszter v\u00e1logatott \u00e9lete<\/a><br \/>\n2009. okt\u00f3ber 29. 18:13<br \/>\nMegtal\u00e1lta: Trosztm\u00e9r Kl\u00e1ra<br \/>\nTelep\u00fcl\u00e9s: Sz\u00e9kesfeh\u00e9rv\u00e1r<br \/>\nMegjegyz\u00e9s: \u00d6r\u00fcltem, ez az els\u0151 \\&#8221;tal\u00e1lt\\&#8221; k\u00f6nyvem! M\u00e1r olvasom is.<\/p>\n<p><a href=\"http:\/\/konyvtar.hu\/konyv\/39481\">Luk\u00e1cs Eszter: Luk\u00e1cs Eszter v\u00e1logatott \u00e9lete<\/a><br \/>\n2009. okt\u00f3ber 29. 14:48<br \/>\nElvesztette: Leh\u00f3czky Rita<br \/>\nTelep\u00fcl\u00e9s: Sz\u00e9kesfeh\u00e9rv\u00e1r<\/p>\n<p><a href=\"http:\/\/veszitsel.konyvtar.hu\/\">Vesz\u00edts el egy k\u00f6nyvet!<\/a><\/p>\n<div class=\"fcbkbttn_buttons_block\" id=\"fcbkbttn_left\"><div class=\"fcbkbttn_like \"><fb:like href=\"https:\/\/blog.justhvk.hu\/blog\/friss-elvesztesek-09-10-29\/\" action=\"like\" colorscheme=\"light\" layout=\"button_count\"  size=\"small\"><\/fb:like><\/div><div class=\"fb-share-button  \" data-href=\"https:\/\/blog.justhvk.hu\/blog\/friss-elvesztesek-09-10-29\/\" data-type=\"button_count\" data-size=\"small\"><\/div><\/div>","protected":false},"excerpt":{"rendered":"<p>Luk\u00e1cs Eszter: Luk\u00e1cs Eszter v\u00e1logatott \u00e9lete 2009. okt\u00f3ber 29. 18:13 Megtal\u00e1lta: Trosztm\u00e9r Kl\u00e1ra Telep\u00fcl\u00e9s: Sz\u00e9kesfeh\u00e9rv\u00e1r Megjegyz\u00e9s: \u00d6r\u00fcltem, ez az els\u0151 \\&#8221;tal\u00e1lt\\&#8221; k\u00f6nyvem! M\u00e1r olvasom is. Luk\u00e1cs Eszter: Luk\u00e1cs Eszter v\u00e1logatott \u00e9lete 2009. okt\u00f3ber 29. 14:48 Elvesztette: Leh\u00f3czky Rita Telep\u00fcl\u00e9s: Sz\u00e9kesfeh\u00e9rv\u00e1r Vesz\u00edts el egy k\u00f6nyvet!<\/p>\n","protected":false},"author":5,"featured_media":0,"comment_status":"open","ping_status":"open","sticky":false,"template":"","format":"standard","meta":{"episode_type":"","audio_file":"","cover_image":"","cover_image_id":"","duration":"","filesize":"","date_recorded":"","explicit":"","block":"","filesize_raw":"","ngg_post_thumbnail":0,"footnotes":""},"categories":[243,640,641],"tags":[],"class_list":["post-2043","post","type-post","status-publish","format-standard","hentry","category-jatek","category-veszits","category-veszits_el_egy_konyvet"],"_links":{"self":[{"href":"https:\/\/blog.justhvk.hu\/blog\/wp-json\/wp\/v2\/posts\/2043","targetHints":{"allow":["GET"]}}],"collection":[{"href":"https:\/\/blog.justhvk.hu\/blog\/wp-json\/wp\/v2\/posts"}],"about":[{"href":"https:\/\/blog.justhvk.hu\/blog\/wp-json\/wp\/v2\/types\/post"}],"author":[{"embeddable":true,"href":"https:\/\/blog.justhvk.hu\/blog\/wp-json\/wp\/v2\/users\/5"}],"replies":[{"embeddable":true,"href":"https:\/\/blog.justhvk.hu\/blog\/wp-json\/wp\/v2\/comments?post=2043"}],"version-history":[{"count":0,"href":"https:\/\/blog.justhvk.hu\/blog\/wp-json\/wp\/v2\/posts\/2043\/revisions"}],"wp:attachment":[{"href":"https:\/\/blog.justhvk.hu\/blog\/wp-json\/wp\/v2\/media?parent=2043"}],"wp:term":[{"taxonomy":"category","embeddable":true,"href":"https:\/\/blog.justhvk.hu\/blog\/wp-json\/wp\/v2\/categories?post=2043"},{"taxonomy":"post_tag","embeddable":true,"href":"https:\/\/blog.justhvk.hu\/blog\/wp-json\/wp\/v2\/tags?post=2043"}],"curies":[{"name":"wp","href":"https:\/\/api.w.org\/{rel}","templated":true}]}}